{"id":1384,"date":"2020-08-10T16:26:06","date_gmt":"2020-08-10T19:26:06","guid":{"rendered":"http:\/\/www.ronaldocorreiadebrito.com.br\/site2\/?p=1384"},"modified":"2020-08-10T16:26:45","modified_gmt":"2020-08-10T19:26:45","slug":"pais-no-ceu-pais-no-inferno","status":"publish","type":"post","link":"https:\/\/www.ronaldocorreiadebrito.com.br\/site2\/2020\/08\/pais-no-ceu-pais-no-inferno\/","title":{"rendered":"Pais no c\u00e9u, Pais no inferno"},"content":{"rendered":"<p style=\"text-align: right;\">Di\u00e1rio do isolamento 26<br \/>\n(segunda-feira, 10 de agosto)<\/p>\n<p>Tivemos um dia dos pais festejado. Pairava a emo\u00e7\u00e3o de Natal. Talvez pela<br \/>\nreaproxima\u00e7\u00e3o de fam\u00edlias separadas h\u00e1 cinco meses, por conta da<br \/>\npandemia. Mesmo com o estarrecedor n\u00famero de 100.000 mortos,<br \/>\ndecidimos celebrar a vida. Mesmo \u00f3rf\u00e3os pela partida do Cacique Aritana,<br \/>\ngrande pai das na\u00e7\u00f5es ind\u00edgenas do Xingu, e de Dom Pedro Casald\u00e1liga,<br \/>\nbispo cat\u00f3lico defensor dos mais fr\u00e1geis e oprimidos.<\/p>\n<p>Na sexta-feira, tr\u00eas milh\u00f5es e oitocentos mil brasileiros acompanharam a<br \/>\nlive de Caetano Veloso e seus filhos Moreno, Tom e Zeca, carinhosamente<br \/>\nchamados pelos nomes pr\u00f3prios, e n\u00e3o pelos n\u00fameros 1, 2 e 3. Caetano<br \/>\ncelebrou 78 anos de vida plena de cria\u00e7\u00e3o, brasilidade, sucesso, e confessou<br \/>\nestar feliz com o recolhimento na fam\u00edlia. Muitos filhos n\u00e3o tiveram a<br \/>\nmesma felicidade.<\/p>\n<p>Abuso propositalmente dos n\u00fameros. H\u00e1 neles um vi\u00e9s perverso. O<br \/>\nsadismo se caracteriza pela repeti\u00e7\u00e3o num\u00e9rica, fazendo as pessoas<br \/>\nperderem identidade e hist\u00f3ria. Dizer que j\u00e1 morreram 100.000 pessoas<br \/>\nv\u00edtimas da Covid-19, soa frio como afirmar que uma f\u00e1brica deixou de<br \/>\nproduzir 100.000 pe\u00e7as de carro. Os dramas e sofrimentos de cada perda se<br \/>\neclipsam, reduzidos a n\u00fameros.<\/p>\n<p>Em Canudos, no ano de 1897, foram exterminados 25.000 sertanejos<br \/>\nnordestinos e morreram 5.000 soldados de v\u00e1rias regi\u00f5es do Brasil. Na<br \/>\n\u00e9poca, nossa popula\u00e7\u00e3o era inferior a 17 milh\u00f5es. Se calcularmos em bases<br \/>\npercentuais, considerando a popula\u00e7\u00e3o atual de 210 milh\u00f5es, em Canudos<br \/>\nforam mortos 308.700 conselheiristas. Nossa hist\u00f3ria nada mais \u00e9 do que<br \/>\numa sucess\u00e3o de exterm\u00ednios.<\/p>\n<p>Hanna Arendt se referia a Stalin como o grande pai assassino. No domingo<br \/>\n9 de agosto, dia dos pais, os brasileiros deveriam ter exigido do padrasto a<br \/>\nresponsabilidade por nossas perdas na educa\u00e7\u00e3o, sa\u00fade, cultura, ci\u00eancia,<br \/>\ntecnologia, liberdade. Mas n\u00e3o h\u00e1 quem se assuma respons\u00e1vel por isso,<br \/>\nquem confesse pesar, ou mesmo compaix\u00e3o pelo que sofremos.<\/p>\n<p>E quase todos falam em nome de Deus.<\/p>\n","protected":false},"excerpt":{"rendered":"<p>Di\u00e1rio do isolamento 26 (segunda-feira, 10 de agosto) Tivemos um dia dos pais festejado. Pairava a emo\u00e7\u00e3o de Natal. Talvez pela reaproxima\u00e7\u00e3o de fam\u00edlias separadas h\u00e1 cinco meses, por conta da pandemia. Mesmo com o estarrecedor n\u00famero de 100.000 mortos, decidimos celebrar a vida. Mesmo&#8230;<\/p>\n","protected":false},"author":1,"featured_media":1385,"comment_status":"open","ping_status":"closed","sticky":false,"template":"","format":"standard","meta":{"sfsi_plus_gutenberg_text_before_share":"","sfsi_plus_gutenberg_show_text_before_share":"","sfsi_plus_gutenberg_icon_type":"","sfsi_plus_gutenberg_icon_alignemt":"","sfsi_plus_gutenburg_max_per_row":"","footnotes":""},"categories":[8,46,45],"tags":[],"class_list":["post-1384","post","type-post","status-publish","format-standard","has-post-thumbnail","hentry","category-blog","category-links","category-slider"],"yoast_head":"<!-- This site is optimized with the Yoast SEO plugin v27.4 - https:\/\/yoast.com\/product\/yoast-seo-wordpress\/ -->\n<title>Pais no c\u00e9u, Pais no inferno | Ronaldo Correia de Brito | site oficial<\/title>\n<meta name=\"robots\" content=\"index, follow, max-snippet:-1, max-image-preview:large, max-video-preview:-1\" \/>\n<link rel=\"canonical\" href=\"https:\/\/www.ronaldocorreiadebrito.com.br\/site2\/2020\/08\/pais-no-ceu-pais-no-inferno\/\" \/>\n<meta property=\"og:locale\" content=\"pt_BR\" \/>\n<meta property=\"og:type\" content=\"article\" \/>\n<meta property=\"og:title\" content=\"Pais no c\u00e9u, Pais no inferno | Ronaldo Correia de Brito | site oficial\" \/>\n<meta property=\"og:description\" content=\"Di\u00e1rio do isolamento 26 (segunda-feira, 10 de agosto) Tivemos um dia dos pais festejado. Pairava a emo\u00e7\u00e3o de Natal. Talvez pela reaproxima\u00e7\u00e3o de fam\u00edlias separadas h\u00e1 cinco meses, por conta da pandemia. Mesmo com o estarrecedor n\u00famero de 100.000 mortos, decidimos celebrar a vida. Mesmo...\" \/>\n<meta property=\"og:url\" content=\"https:\/\/www.ronaldocorreiadebrito.com.br\/site2\/2020\/08\/pais-no-ceu-pais-no-inferno\/\" \/>\n<meta property=\"og:site_name\" content=\"Ronaldo Correia de Brito | site oficial\" \/>\n<meta property=\"article:publisher\" content=\"https:\/\/www.facebook.com\/ronaldocorreiadebrito.oficial\" \/>\n<meta property=\"article:published_time\" content=\"2020-08-10T19:26:06+00:00\" \/>\n<meta property=\"article:modified_time\" content=\"2020-08-10T19:26:45+00:00\" \/>\n<meta property=\"og:image\" content=\"https:\/\/www.ronaldocorreiadebrito.com.br\/site2\/wp-content\/uploads\/2020\/08\/dia-dos-pais-1-800x445.png\" \/>\n\t<meta property=\"og:image:width\" content=\"800\" \/>\n\t<meta property=\"og:image:height\" content=\"445\" \/>\n\t<meta property=\"og:image:type\" content=\"image\/png\" \/>\n<meta name=\"author\" content=\"admin\" \/>\n<meta name=\"twitter:card\" content=\"summary_large_image\" \/>\n<meta name=\"twitter:label1\" content=\"Escrito por\" \/>\n\t<meta name=\"twitter:data1\" content=\"admin\" \/>\n\t<meta name=\"twitter:label2\" content=\"Est. tempo de leitura\" \/>\n\t<meta name=\"twitter:data2\" content=\"2 minutos\" \/>\n<script type=\"application\/ld+json\" class=\"yoast-schema-graph\">{\"@context\":\"https:\\\/\\\/schema.org\",\"@graph\":[{\"@type\":\"Article\",\"@id\":\"https:\\\/\\\/www.ronaldocorreiadebrito.com.br\\\/site2\\\/2020\\\/08\\\/pais-no-ceu-pais-no-inferno\\\/#article\",\"isPartOf\":{\"@id\":\"https:\\\/\\\/www.ronaldocorreiadebrito.com.br\\\/site2\\\/2020\\\/08\\\/pais-no-ceu-pais-no-inferno\\\/\"},\"author\":{\"name\":\"admin\",\"@id\":\"https:\\\/\\\/www.ronaldocorreiadebrito.com.br\\\/site2\\\/#\\\/schema\\\/person\\\/99a164d0eaaff7f78b11899bc7d5e7c9\"},\"headline\":\"Pais no c\u00e9u, Pais no inferno\",\"datePublished\":\"2020-08-10T19:26:06+00:00\",\"dateModified\":\"2020-08-10T19:26:45+00:00\",\"mainEntityOfPage\":{\"@id\":\"https:\\\/\\\/www.ronaldocorreiadebrito.com.br\\\/site2\\\/2020\\\/08\\\/pais-no-ceu-pais-no-inferno\\\/\"},\"wordCount\":345,\"commentCount\":0,\"image\":{\"@id\":\"https:\\\/\\\/www.ronaldocorreiadebrito.com.br\\\/site2\\\/2020\\\/08\\\/pais-no-ceu-pais-no-inferno\\\/#primaryimage\"},\"thumbnailUrl\":\"https:\\\/\\\/www.ronaldocorreiadebrito.com.br\\\/site2\\\/wp-content\\\/uploads\\\/2020\\\/08\\\/dia-dos-pais-1-800x445.png\",\"articleSection\":[\"Blog\",\"Links\",\"Slider\"],\"inLanguage\":\"pt-BR\",\"potentialAction\":[{\"@type\":\"CommentAction\",\"name\":\"Comment\",\"target\":[\"https:\\\/\\\/www.ronaldocorreiadebrito.com.br\\\/site2\\\/2020\\\/08\\\/pais-no-ceu-pais-no-inferno\\\/#respond\"]}]},{\"@type\":\"WebPage\",\"@id\":\"https:\\\/\\\/www.ronaldocorreiadebrito.com.br\\\/site2\\\/2020\\\/08\\\/pais-no-ceu-pais-no-inferno\\\/\",\"url\":\"https:\\\/\\\/www.ronaldocorreiadebrito.com.br\\\/site2\\\/2020\\\/08\\\/pais-no-ceu-pais-no-inferno\\\/\",\"name\":\"Pais no c\u00e9u, Pais no inferno | Ronaldo Correia de Brito | site oficial\",\"isPartOf\":{\"@id\":\"https:\\\/\\\/www.ronaldocorreiadebrito.com.br\\\/site2\\\/#website\"},\"primaryImageOfPage\":{\"@id\":\"https:\\\/\\\/www.ronaldocorreiadebrito.com.br\\\/site2\\\/2020\\\/08\\\/pais-no-ceu-pais-no-inferno\\\/#primaryimage\"},\"image\":{\"@id\":\"https:\\\/\\\/www.ronaldocorreiadebrito.com.br\\\/site2\\\/2020\\\/08\\\/pais-no-ceu-pais-no-inferno\\\/#primaryimage\"},\"thumbnailUrl\":\"https:\\\/\\\/www.ronaldocorreiadebrito.com.br\\\/site2\\\/wp-content\\\/uploads\\\/2020\\\/08\\\/dia-dos-pais-1-800x445.png\",\"datePublished\":\"2020-08-10T19:26:06+00:00\",\"dateModified\":\"2020-08-10T19:26:45+00:00\",\"author\":{\"@id\":\"https:\\\/\\\/www.ronaldocorreiadebrito.com.br\\\/site2\\\/#\\\/schema\\\/person\\\/99a164d0eaaff7f78b11899bc7d5e7c9\"},\"breadcrumb\":{\"@id\":\"https:\\\/\\\/www.ronaldocorreiadebrito.com.br\\\/site2\\\/2020\\\/08\\\/pais-no-ceu-pais-no-inferno\\\/#breadcrumb\"},\"inLanguage\":\"pt-BR\",\"potentialAction\":[{\"@type\":\"ReadAction\",\"target\":[\"https:\\\/\\\/www.ronaldocorreiadebrito.com.br\\\/site2\\\/2020\\\/08\\\/pais-no-ceu-pais-no-inferno\\\/\"]}]},{\"@type\":\"ImageObject\",\"inLanguage\":\"pt-BR\",\"@id\":\"https:\\\/\\\/www.ronaldocorreiadebrito.com.br\\\/site2\\\/2020\\\/08\\\/pais-no-ceu-pais-no-inferno\\\/#primaryimage\",\"url\":\"https:\\\/\\\/www.ronaldocorreiadebrito.com.br\\\/site2\\\/wp-content\\\/uploads\\\/2020\\\/08\\\/dia-dos-pais-1-800x445.png\",\"contentUrl\":\"https:\\\/\\\/www.ronaldocorreiadebrito.com.br\\\/site2\\\/wp-content\\\/uploads\\\/2020\\\/08\\\/dia-dos-pais-1-800x445.png\",\"width\":800,\"height\":445},{\"@type\":\"BreadcrumbList\",\"@id\":\"https:\\\/\\\/www.ronaldocorreiadebrito.com.br\\\/site2\\\/2020\\\/08\\\/pais-no-ceu-pais-no-inferno\\\/#breadcrumb\",\"itemListElement\":[{\"@type\":\"ListItem\",\"position\":1,\"name\":\"In\u00edcio\",\"item\":\"https:\\\/\\\/www.ronaldocorreiadebrito.com.br\\\/site2\\\/\"},{\"@type\":\"ListItem\",\"position\":2,\"name\":\"Pais no c\u00e9u, Pais no inferno\"}]},{\"@type\":\"WebSite\",\"@id\":\"https:\\\/\\\/www.ronaldocorreiadebrito.com.br\\\/site2\\\/#website\",\"url\":\"https:\\\/\\\/www.ronaldocorreiadebrito.com.br\\\/site2\\\/\",\"name\":\"Ronaldo Correia de Brito | site oficial\",\"description\":\"Site oficial do escritor Ronaldo Correia de Brito\",\"potentialAction\":[{\"@type\":\"SearchAction\",\"target\":{\"@type\":\"EntryPoint\",\"urlTemplate\":\"https:\\\/\\\/www.ronaldocorreiadebrito.com.br\\\/site2\\\/?s={search_term_string}\"},\"query-input\":{\"@type\":\"PropertyValueSpecification\",\"valueRequired\":true,\"valueName\":\"search_term_string\"}}],\"inLanguage\":\"pt-BR\"},{\"@type\":\"Person\",\"@id\":\"https:\\\/\\\/www.ronaldocorreiadebrito.com.br\\\/site2\\\/#\\\/schema\\\/person\\\/99a164d0eaaff7f78b11899bc7d5e7c9\",\"name\":\"admin\",\"url\":\"https:\\\/\\\/www.ronaldocorreiadebrito.com.br\\\/site2\\\/author\\\/admin\\\/\"}]}<\/script>\n<!-- \/ Yoast SEO plugin. -->","yoast_head_json":{"title":"Pais no c\u00e9u, Pais no inferno | Ronaldo Correia de Brito | site oficial","robots":{"index":"index","follow":"follow","max-snippet":"max-snippet:-1","max-image-preview":"max-image-preview:large","max-video-preview":"max-video-preview:-1"},"canonical":"https:\/\/www.ronaldocorreiadebrito.com.br\/site2\/2020\/08\/pais-no-ceu-pais-no-inferno\/","og_locale":"pt_BR","og_type":"article","og_title":"Pais no c\u00e9u, Pais no inferno | Ronaldo Correia de Brito | site oficial","og_description":"Di\u00e1rio do isolamento 26 (segunda-feira, 10 de agosto) Tivemos um dia dos pais festejado. Pairava a emo\u00e7\u00e3o de Natal. Talvez pela reaproxima\u00e7\u00e3o de fam\u00edlias separadas h\u00e1 cinco meses, por conta da pandemia. Mesmo com o estarrecedor n\u00famero de 100.000 mortos, decidimos celebrar a vida. Mesmo...","og_url":"https:\/\/www.ronaldocorreiadebrito.com.br\/site2\/2020\/08\/pais-no-ceu-pais-no-inferno\/","og_site_name":"Ronaldo Correia de Brito | site oficial","article_publisher":"https:\/\/www.facebook.com\/ronaldocorreiadebrito.oficial","article_published_time":"2020-08-10T19:26:06+00:00","article_modified_time":"2020-08-10T19:26:45+00:00","og_image":[{"width":800,"height":445,"url":"https:\/\/www.ronaldocorreiadebrito.com.br\/site2\/wp-content\/uploads\/2020\/08\/dia-dos-pais-1-800x445.png","type":"image\/png"}],"author":"admin","twitter_card":"summary_large_image","twitter_misc":{"Escrito por":"admin","Est. tempo de leitura":"2 minutos"},"schema":{"@context":"https:\/\/schema.org","@graph":[{"@type":"Article","@id":"https:\/\/www.ronaldocorreiadebrito.com.br\/site2\/2020\/08\/pais-no-ceu-pais-no-inferno\/#article","isPartOf":{"@id":"https:\/\/www.ronaldocorreiadebrito.com.br\/site2\/2020\/08\/pais-no-ceu-pais-no-inferno\/"},"author":{"name":"admin","@id":"https:\/\/www.ronaldocorreiadebrito.com.br\/site2\/#\/schema\/person\/99a164d0eaaff7f78b11899bc7d5e7c9"},"headline":"Pais no c\u00e9u, Pais no inferno","datePublished":"2020-08-10T19:26:06+00:00","dateModified":"2020-08-10T19:26:45+00:00","mainEntityOfPage":{"@id":"https:\/\/www.ronaldocorreiadebrito.com.br\/site2\/2020\/08\/pais-no-ceu-pais-no-inferno\/"},"wordCount":345,"commentCount":0,"image":{"@id":"https:\/\/www.ronaldocorreiadebrito.com.br\/site2\/2020\/08\/pais-no-ceu-pais-no-inferno\/#primaryimage"},"thumbnailUrl":"https:\/\/www.ronaldocorreiadebrito.com.br\/site2\/wp-content\/uploads\/2020\/08\/dia-dos-pais-1-800x445.png","articleSection":["Blog","Links","Slider"],"inLanguage":"pt-BR","potentialAction":[{"@type":"CommentAction","name":"Comment","target":["https:\/\/www.ronaldocorreiadebrito.com.br\/site2\/2020\/08\/pais-no-ceu-pais-no-inferno\/#respond"]}]},{"@type":"WebPage","@id":"https:\/\/www.ronaldocorreiadebrito.com.br\/site2\/2020\/08\/pais-no-ceu-pais-no-inferno\/","url":"https:\/\/www.ronaldocorreiadebrito.com.br\/site2\/2020\/08\/pais-no-ceu-pais-no-inferno\/","name":"Pais no c\u00e9u, Pais no inferno | Ronaldo Correia de Brito | site oficial","isPartOf":{"@id":"https:\/\/www.ronaldocorreiadebrito.com.br\/site2\/#website"},"primaryImageOfPage":{"@id":"https:\/\/www.ronaldocorreiadebrito.com.br\/site2\/2020\/08\/pais-no-ceu-pais-no-inferno\/#primaryimage"},"image":{"@id":"https:\/\/www.ronaldocorreiadebrito.com.br\/site2\/2020\/08\/pais-no-ceu-pais-no-inferno\/#primaryimage"},"thumbnailUrl":"https:\/\/www.ronaldocorreiadebrito.com.br\/site2\/wp-content\/uploads\/2020\/08\/dia-dos-pais-1-800x445.png","datePublished":"2020-08-10T19:26:06+00:00","dateModified":"2020-08-10T19:26:45+00:00","author":{"@id":"https:\/\/www.ronaldocorreiadebrito.com.br\/site2\/#\/schema\/person\/99a164d0eaaff7f78b11899bc7d5e7c9"},"breadcrumb":{"@id":"https:\/\/www.ronaldocorreiadebrito.com.br\/site2\/2020\/08\/pais-no-ceu-pais-no-inferno\/#breadcrumb"},"inLanguage":"pt-BR","potentialAction":[{"@type":"ReadAction","target":["https:\/\/www.ronaldocorreiadebrito.com.br\/site2\/2020\/08\/pais-no-ceu-pais-no-inferno\/"]}]},{"@type":"ImageObject","inLanguage":"pt-BR","@id":"https:\/\/www.ronaldocorreiadebrito.com.br\/site2\/2020\/08\/pais-no-ceu-pais-no-inferno\/#primaryimage","url":"https:\/\/www.ronaldocorreiadebrito.com.br\/site2\/wp-content\/uploads\/2020\/08\/dia-dos-pais-1-800x445.png","contentUrl":"https:\/\/www.ronaldocorreiadebrito.com.br\/site2\/wp-content\/uploads\/2020\/08\/dia-dos-pais-1-800x445.png","width":800,"height":445},{"@type":"BreadcrumbList","@id":"https:\/\/www.ronaldocorreiadebrito.com.br\/site2\/2020\/08\/pais-no-ceu-pais-no-inferno\/#breadcrumb","itemListElement":[{"@type":"ListItem","position":1,"name":"In\u00edcio","item":"https:\/\/www.ronaldocorreiadebrito.com.br\/site2\/"},{"@type":"ListItem","position":2,"name":"Pais no c\u00e9u, Pais no inferno"}]},{"@type":"WebSite","@id":"https:\/\/www.ronaldocorreiadebrito.com.br\/site2\/#website","url":"https:\/\/www.ronaldocorreiadebrito.com.br\/site2\/","name":"Ronaldo Correia de Brito | site oficial","description":"Site oficial do escritor Ronaldo Correia de Brito","potentialAction":[{"@type":"SearchAction","target":{"@type":"EntryPoint","urlTemplate":"https:\/\/www.ronaldocorreiadebrito.com.br\/site2\/?s={search_term_string}"},"query-input":{"@type":"PropertyValueSpecification","valueRequired":true,"valueName":"search_term_string"}}],"inLanguage":"pt-BR"},{"@type":"Person","@id":"https:\/\/www.ronaldocorreiadebrito.com.br\/site2\/#\/schema\/person\/99a164d0eaaff7f78b11899bc7d5e7c9","name":"admin","url":"https:\/\/www.ronaldocorreiadebrito.com.br\/site2\/author\/admin\/"}]}},"wps_subtitle":"","_links":{"self":[{"href":"https:\/\/www.ronaldocorreiadebrito.com.br\/site2\/wp-json\/wp\/v2\/posts\/1384","targetHints":{"allow":["GET"]}}],"collection":[{"href":"https:\/\/www.ronaldocorreiadebrito.com.br\/site2\/wp-json\/wp\/v2\/posts"}],"about":[{"href":"https:\/\/www.ronaldocorreiadebrito.com.br\/site2\/wp-json\/wp\/v2\/types\/post"}],"author":[{"embeddable":true,"href":"https:\/\/www.ronaldocorreiadebrito.com.br\/site2\/wp-json\/wp\/v2\/users\/1"}],"replies":[{"embeddable":true,"href":"https:\/\/www.ronaldocorreiadebrito.com.br\/site2\/wp-json\/wp\/v2\/comments?post=1384"}],"version-history":[{"count":0,"href":"https:\/\/www.ronaldocorreiadebrito.com.br\/site2\/wp-json\/wp\/v2\/posts\/1384\/revisions"}],"wp:featuredmedia":[{"embeddable":true,"href":"https:\/\/www.ronaldocorreiadebrito.com.br\/site2\/wp-json\/wp\/v2\/media\/1385"}],"wp:attachment":[{"href":"https:\/\/www.ronaldocorreiadebrito.com.br\/site2\/wp-json\/wp\/v2\/media?parent=1384"}],"wp:term":[{"taxonomy":"category","embeddable":true,"href":"https:\/\/www.ronaldocorreiadebrito.com.br\/site2\/wp-json\/wp\/v2\/categories?post=1384"},{"taxonomy":"post_tag","embeddable":true,"href":"https:\/\/www.ronaldocorreiadebrito.com.br\/site2\/wp-json\/wp\/v2\/tags?post=1384"}],"curies":[{"name":"wp","href":"https:\/\/api.w.org\/{rel}","templated":true}]}}