{"id":1380,"date":"2020-08-05T18:03:57","date_gmt":"2020-08-05T21:03:57","guid":{"rendered":"http:\/\/www.ronaldocorreiadebrito.com.br\/site2\/?p=1380"},"modified":"2020-08-05T18:03:57","modified_gmt":"2020-08-05T21:03:57","slug":"quanto-tempo-perdido-com-o-jornalismo-politico","status":"publish","type":"post","link":"https:\/\/www.ronaldocorreiadebrito.com.br\/site2\/2020\/08\/quanto-tempo-perdido-com-o-jornalismo-politico\/","title":{"rendered":"Quanto tempo perdido com o jornalismo pol\u00edtico"},"content":{"rendered":"<p class=\"p1\"><span class=\"s1\">Ao inv\u00e9s de torrar a paci\u00eancia com notici\u00e1rios pol\u00edticos na televis\u00e3o, prefiro ver bons filmes. Assisti novamente <i>Ran<\/i>, do diretor japon\u00eas Akira Kurosawa. Poucas vezes os roteiristas e diretores de cinema conseguem adaptar romances, ou pe\u00e7as de teatro, \u00e0 altura dos originais. Para o americano Harold Bloom, um especialista em Shakespeare, o japon\u00eas Kurosawa \u00e9 uma exce\u00e7\u00e3o. <i>Ran<\/i>, filme baseado em <i>Rei Lear<\/i>, possui a mesma grandeza da trag\u00e9dia do poeta ingl\u00eas. Bloom recusa todas as outras adapta\u00e7\u00f5es. Eu sou mais generoso e considero o <i>Rei Lear<\/i> de Peter Brook, com o ator Paul Scofield, um filme perfeito. E tamb\u00e9m gosto de <i>Romeu e Julieta<\/i> e d\u2019<i>A Megera Domada<\/i>, do italiano Franco Zefirelli.<\/span><\/p>\n<p class=\"p1\"><span class=\"s1\"> Outro dia algu\u00e9m me espinafrou, dizendo que eu uso muitas palavras, tentando parecer erudito. Tamb\u00e9m recebi dezenas de mensagens, depois que publiquei uma cr\u00f4nica sobre o vazio que se segue aos debates pol\u00edticos. Leitores me davam os parab\u00e9ns, outros me jogavam tomates podres e ovos estragados. Igualzinho se fazia no teatro, quando o espet\u00e1culo era ruim. <\/span><\/p>\n<p class=\"p1\"><span class=\"s1\"> Confesso que prefiro escrever sobre literatura, m\u00fasica, cinema, artes pl\u00e1sticas, teatro e dan\u00e7a, menos surreais que a pol\u00edtica brasileira. Mas vez por outra caio na tenta\u00e7\u00e3o e dou um palpite sobre ela, ningu\u00e9m \u00e9 de ferro nem vive alheio \u00e0 realidade que nos cerca. O homem \u00e9 um animal pol\u00edtico, dizia Arist\u00f3teles.\u00a0<\/span><\/p>\n<p class=\"p1\"><span class=\"s1\"> A pe\u00e7a que o diretor japon\u00eas adaptou para o cinema trata da luta pelo poder. O Rei Lear divide o reino entre as duas filhas mais velhas, que lhe juram fidelidade e amor, e expulsa de sua presen\u00e7a a filha mais nova, que fala com sinceridade dos sentimentos pelo pai anci\u00e3o. A disc\u00f3rdia se instala entre as irm\u00e3s herdeiras e seus esposos, Lear \u00e9 tra\u00eddo, e no final todos matam ou morrem disputando o reino.<span class=\"Apple-converted-space\">\u00a0 \u00a0<\/span><\/span><\/p>\n<p class=\"p1\"><span class=\"s1\"> Voltei ao tema da pol\u00edtica, o poder. S\u00f3 que prefiro examin\u00e1-la nos textos cl\u00e1ssicos, desde os antigos. O homem \u00e9 sempre o mesmo, em qualquer lugar. Por isso um japon\u00eas compreende t\u00e3o bem Shakespeare e eu compreendo melhor o Brasil lendo Shakespeare ou S\u00f3focles.<span class=\"Apple-converted-space\">\u00a0 <\/span>\u00c9 mais f\u00e1cil interpretar os acontecimentos de hoje \u00e0 luz da hist\u00f3ria. Ou estudando literatura.<\/span><\/p>\n<p class=\"p1\"><span class=\"s1\"> O pol\u00edtico que vai \u00e0 televis\u00e3o nunca fala s\u00e9rio, mente com orienta\u00e7\u00e3o de marqueteiros. O que importa \u00e9 a imagem, \u00e9 ela que garante o sucesso, se for corretamente usada. A maioria das pessoas que v\u00ea televis\u00e3o n\u00e3o se interessa em analisar o que os candidatos falam e prometem. Uma maneira de desorient\u00e1-las ainda mais \u00e9 ench\u00ea-las de n\u00fameros incompreens\u00edveis, cifras de milh\u00f5es e bilh\u00f5es. Ao inv\u00e9s de discutir planos de saneamento b\u00e1sico, mais f\u00e1cil \u00e9 prometer a constru\u00e7\u00e3o de n\u00e3o sei quantos hospitais. Mesmo que n\u00e3o sejam prioridade e o projeto nunca saia do papel. Parece que todos precisam de uma falsa concretude, que na verdade \u00e9 a mais pura abstra\u00e7\u00e3o. <\/span><\/p>\n<p class=\"p1\"><span class=\"s1\"> Vejo filmes e leio pe\u00e7as, no hor\u00e1rio dos jornais. No <i>\u00c9dipo Rei<\/i>, do grego S\u00f3focles, acontecem crimes em Tebas. A popula\u00e7\u00e3o exige que eles sejam apurados e o criminoso punido. O rei, no curso da a\u00e7\u00e3o teatral, investiga os crimes e pune o culpado, ele pr\u00f3prio. <\/span><\/p>\n<p class=\"p1\"><span class=\"s1\"> O teatro foi escrito como representa\u00e7\u00e3o do g\u00eanero humano, dos erros e acertos dos homens. A principal fun\u00e7\u00e3o do teatro \u00e9 servir de exemplo. Os pol\u00edticos n\u00e3o leram quase nada e ignoram o essencial sobre os homens. <\/span><\/p>\n","protected":false},"excerpt":{"rendered":"<p>Ao inv\u00e9s de torrar a paci\u00eancia com notici\u00e1rios pol\u00edticos na televis\u00e3o, prefiro ver bons filmes. Assisti novamente Ran, do diretor japon\u00eas Akira Kurosawa. Poucas vezes os roteiristas e diretores de cinema conseguem adaptar romances, ou pe\u00e7as de teatro, \u00e0 altura dos originais. Para o americano&#8230;<\/p>\n","protected":false},"author":1,"featured_media":1381,"comment_status":"open","ping_status":"closed","sticky":false,"template":"","format":"standard","meta":{"sfsi_plus_gutenberg_text_before_share":"","sfsi_plus_gutenberg_show_text_before_share":"","sfsi_plus_gutenberg_icon_type":"","sfsi_plus_gutenberg_icon_alignemt":"","sfsi_plus_gutenburg_max_per_row":"","footnotes":""},"categories":[8,46,45],"tags":[],"class_list":["post-1380","post","type-post","status-publish","format-standard","has-post-thumbnail","hentry","category-blog","category-links","category-slider"],"yoast_head":"<!-- This site is optimized with the Yoast SEO plugin v27.4 - https:\/\/yoast.com\/product\/yoast-seo-wordpress\/ -->\n<title>Quanto tempo perdido com o jornalismo pol\u00edtico | Ronaldo Correia de Brito | site oficial<\/title>\n<meta name=\"robots\" content=\"index, follow, max-snippet:-1, max-image-preview:large, max-video-preview:-1\" \/>\n<link rel=\"canonical\" href=\"https:\/\/www.ronaldocorreiadebrito.com.br\/site2\/2020\/08\/quanto-tempo-perdido-com-o-jornalismo-politico\/\" \/>\n<meta property=\"og:locale\" content=\"pt_BR\" \/>\n<meta property=\"og:type\" content=\"article\" \/>\n<meta property=\"og:title\" content=\"Quanto tempo perdido com o jornalismo pol\u00edtico | Ronaldo Correia de Brito | site oficial\" \/>\n<meta property=\"og:description\" content=\"Ao inv\u00e9s de torrar a paci\u00eancia com notici\u00e1rios pol\u00edticos na televis\u00e3o, prefiro ver bons filmes. Assisti novamente Ran, do diretor japon\u00eas Akira Kurosawa. Poucas vezes os roteiristas e diretores de cinema conseguem adaptar romances, ou pe\u00e7as de teatro, \u00e0 altura dos originais. Para o americano...\" \/>\n<meta property=\"og:url\" content=\"https:\/\/www.ronaldocorreiadebrito.com.br\/site2\/2020\/08\/quanto-tempo-perdido-com-o-jornalismo-politico\/\" \/>\n<meta property=\"og:site_name\" content=\"Ronaldo Correia de Brito | site oficial\" \/>\n<meta property=\"article:publisher\" content=\"https:\/\/www.facebook.com\/ronaldocorreiadebrito.oficial\" \/>\n<meta property=\"article:published_time\" content=\"2020-08-05T21:03:57+00:00\" \/>\n<meta property=\"og:image\" content=\"https:\/\/www.ronaldocorreiadebrito.com.br\/site2\/wp-content\/uploads\/2020\/08\/politics.jpg\" \/>\n\t<meta property=\"og:image:width\" content=\"3199\" \/>\n\t<meta property=\"og:image:height\" content=\"1280\" \/>\n\t<meta property=\"og:image:type\" content=\"image\/jpeg\" \/>\n<meta name=\"author\" content=\"admin\" \/>\n<meta name=\"twitter:card\" content=\"summary_large_image\" \/>\n<meta name=\"twitter:label1\" content=\"Escrito por\" \/>\n\t<meta name=\"twitter:data1\" content=\"admin\" \/>\n\t<meta name=\"twitter:label2\" content=\"Est. tempo de leitura\" \/>\n\t<meta name=\"twitter:data2\" content=\"3 minutos\" \/>\n<script type=\"application\/ld+json\" class=\"yoast-schema-graph\">{\"@context\":\"https:\\\/\\\/schema.org\",\"@graph\":[{\"@type\":\"Article\",\"@id\":\"https:\\\/\\\/www.ronaldocorreiadebrito.com.br\\\/site2\\\/2020\\\/08\\\/quanto-tempo-perdido-com-o-jornalismo-politico\\\/#article\",\"isPartOf\":{\"@id\":\"https:\\\/\\\/www.ronaldocorreiadebrito.com.br\\\/site2\\\/2020\\\/08\\\/quanto-tempo-perdido-com-o-jornalismo-politico\\\/\"},\"author\":{\"name\":\"admin\",\"@id\":\"https:\\\/\\\/www.ronaldocorreiadebrito.com.br\\\/site2\\\/#\\\/schema\\\/person\\\/99a164d0eaaff7f78b11899bc7d5e7c9\"},\"headline\":\"Quanto tempo perdido com o jornalismo pol\u00edtico\",\"datePublished\":\"2020-08-05T21:03:57+00:00\",\"mainEntityOfPage\":{\"@id\":\"https:\\\/\\\/www.ronaldocorreiadebrito.com.br\\\/site2\\\/2020\\\/08\\\/quanto-tempo-perdido-com-o-jornalismo-politico\\\/\"},\"wordCount\":615,\"commentCount\":0,\"image\":{\"@id\":\"https:\\\/\\\/www.ronaldocorreiadebrito.com.br\\\/site2\\\/2020\\\/08\\\/quanto-tempo-perdido-com-o-jornalismo-politico\\\/#primaryimage\"},\"thumbnailUrl\":\"https:\\\/\\\/www.ronaldocorreiadebrito.com.br\\\/site2\\\/wp-content\\\/uploads\\\/2020\\\/08\\\/politics.jpg\",\"articleSection\":[\"Blog\",\"Links\",\"Slider\"],\"inLanguage\":\"pt-BR\",\"potentialAction\":[{\"@type\":\"CommentAction\",\"name\":\"Comment\",\"target\":[\"https:\\\/\\\/www.ronaldocorreiadebrito.com.br\\\/site2\\\/2020\\\/08\\\/quanto-tempo-perdido-com-o-jornalismo-politico\\\/#respond\"]}]},{\"@type\":\"WebPage\",\"@id\":\"https:\\\/\\\/www.ronaldocorreiadebrito.com.br\\\/site2\\\/2020\\\/08\\\/quanto-tempo-perdido-com-o-jornalismo-politico\\\/\",\"url\":\"https:\\\/\\\/www.ronaldocorreiadebrito.com.br\\\/site2\\\/2020\\\/08\\\/quanto-tempo-perdido-com-o-jornalismo-politico\\\/\",\"name\":\"Quanto tempo perdido com o jornalismo pol\u00edtico | Ronaldo Correia de Brito | site oficial\",\"isPartOf\":{\"@id\":\"https:\\\/\\\/www.ronaldocorreiadebrito.com.br\\\/site2\\\/#website\"},\"primaryImageOfPage\":{\"@id\":\"https:\\\/\\\/www.ronaldocorreiadebrito.com.br\\\/site2\\\/2020\\\/08\\\/quanto-tempo-perdido-com-o-jornalismo-politico\\\/#primaryimage\"},\"image\":{\"@id\":\"https:\\\/\\\/www.ronaldocorreiadebrito.com.br\\\/site2\\\/2020\\\/08\\\/quanto-tempo-perdido-com-o-jornalismo-politico\\\/#primaryimage\"},\"thumbnailUrl\":\"https:\\\/\\\/www.ronaldocorreiadebrito.com.br\\\/site2\\\/wp-content\\\/uploads\\\/2020\\\/08\\\/politics.jpg\",\"datePublished\":\"2020-08-05T21:03:57+00:00\",\"author\":{\"@id\":\"https:\\\/\\\/www.ronaldocorreiadebrito.com.br\\\/site2\\\/#\\\/schema\\\/person\\\/99a164d0eaaff7f78b11899bc7d5e7c9\"},\"breadcrumb\":{\"@id\":\"https:\\\/\\\/www.ronaldocorreiadebrito.com.br\\\/site2\\\/2020\\\/08\\\/quanto-tempo-perdido-com-o-jornalismo-politico\\\/#breadcrumb\"},\"inLanguage\":\"pt-BR\",\"potentialAction\":[{\"@type\":\"ReadAction\",\"target\":[\"https:\\\/\\\/www.ronaldocorreiadebrito.com.br\\\/site2\\\/2020\\\/08\\\/quanto-tempo-perdido-com-o-jornalismo-politico\\\/\"]}]},{\"@type\":\"ImageObject\",\"inLanguage\":\"pt-BR\",\"@id\":\"https:\\\/\\\/www.ronaldocorreiadebrito.com.br\\\/site2\\\/2020\\\/08\\\/quanto-tempo-perdido-com-o-jornalismo-politico\\\/#primaryimage\",\"url\":\"https:\\\/\\\/www.ronaldocorreiadebrito.com.br\\\/site2\\\/wp-content\\\/uploads\\\/2020\\\/08\\\/politics.jpg\",\"contentUrl\":\"https:\\\/\\\/www.ronaldocorreiadebrito.com.br\\\/site2\\\/wp-content\\\/uploads\\\/2020\\\/08\\\/politics.jpg\",\"width\":3199,\"height\":1280},{\"@type\":\"BreadcrumbList\",\"@id\":\"https:\\\/\\\/www.ronaldocorreiadebrito.com.br\\\/site2\\\/2020\\\/08\\\/quanto-tempo-perdido-com-o-jornalismo-politico\\\/#breadcrumb\",\"itemListElement\":[{\"@type\":\"ListItem\",\"position\":1,\"name\":\"In\u00edcio\",\"item\":\"https:\\\/\\\/www.ronaldocorreiadebrito.com.br\\\/site2\\\/\"},{\"@type\":\"ListItem\",\"position\":2,\"name\":\"Quanto tempo perdido com o jornalismo pol\u00edtico\"}]},{\"@type\":\"WebSite\",\"@id\":\"https:\\\/\\\/www.ronaldocorreiadebrito.com.br\\\/site2\\\/#website\",\"url\":\"https:\\\/\\\/www.ronaldocorreiadebrito.com.br\\\/site2\\\/\",\"name\":\"Ronaldo Correia de Brito | site oficial\",\"description\":\"Site oficial do escritor Ronaldo Correia de Brito\",\"potentialAction\":[{\"@type\":\"SearchAction\",\"target\":{\"@type\":\"EntryPoint\",\"urlTemplate\":\"https:\\\/\\\/www.ronaldocorreiadebrito.com.br\\\/site2\\\/?s={search_term_string}\"},\"query-input\":{\"@type\":\"PropertyValueSpecification\",\"valueRequired\":true,\"valueName\":\"search_term_string\"}}],\"inLanguage\":\"pt-BR\"},{\"@type\":\"Person\",\"@id\":\"https:\\\/\\\/www.ronaldocorreiadebrito.com.br\\\/site2\\\/#\\\/schema\\\/person\\\/99a164d0eaaff7f78b11899bc7d5e7c9\",\"name\":\"admin\",\"url\":\"https:\\\/\\\/www.ronaldocorreiadebrito.com.br\\\/site2\\\/author\\\/admin\\\/\"}]}<\/script>\n<!-- \/ Yoast SEO plugin. -->","yoast_head_json":{"title":"Quanto tempo perdido com o jornalismo pol\u00edtico | Ronaldo Correia de Brito | site oficial","robots":{"index":"index","follow":"follow","max-snippet":"max-snippet:-1","max-image-preview":"max-image-preview:large","max-video-preview":"max-video-preview:-1"},"canonical":"https:\/\/www.ronaldocorreiadebrito.com.br\/site2\/2020\/08\/quanto-tempo-perdido-com-o-jornalismo-politico\/","og_locale":"pt_BR","og_type":"article","og_title":"Quanto tempo perdido com o jornalismo pol\u00edtico | Ronaldo Correia de Brito | site oficial","og_description":"Ao inv\u00e9s de torrar a paci\u00eancia com notici\u00e1rios pol\u00edticos na televis\u00e3o, prefiro ver bons filmes. Assisti novamente Ran, do diretor japon\u00eas Akira Kurosawa. Poucas vezes os roteiristas e diretores de cinema conseguem adaptar romances, ou pe\u00e7as de teatro, \u00e0 altura dos originais. Para o americano...","og_url":"https:\/\/www.ronaldocorreiadebrito.com.br\/site2\/2020\/08\/quanto-tempo-perdido-com-o-jornalismo-politico\/","og_site_name":"Ronaldo Correia de Brito | site oficial","article_publisher":"https:\/\/www.facebook.com\/ronaldocorreiadebrito.oficial","article_published_time":"2020-08-05T21:03:57+00:00","og_image":[{"width":3199,"height":1280,"url":"https:\/\/www.ronaldocorreiadebrito.com.br\/site2\/wp-content\/uploads\/2020\/08\/politics.jpg","type":"image\/jpeg"}],"author":"admin","twitter_card":"summary_large_image","twitter_misc":{"Escrito por":"admin","Est. tempo de leitura":"3 minutos"},"schema":{"@context":"https:\/\/schema.org","@graph":[{"@type":"Article","@id":"https:\/\/www.ronaldocorreiadebrito.com.br\/site2\/2020\/08\/quanto-tempo-perdido-com-o-jornalismo-politico\/#article","isPartOf":{"@id":"https:\/\/www.ronaldocorreiadebrito.com.br\/site2\/2020\/08\/quanto-tempo-perdido-com-o-jornalismo-politico\/"},"author":{"name":"admin","@id":"https:\/\/www.ronaldocorreiadebrito.com.br\/site2\/#\/schema\/person\/99a164d0eaaff7f78b11899bc7d5e7c9"},"headline":"Quanto tempo perdido com o jornalismo pol\u00edtico","datePublished":"2020-08-05T21:03:57+00:00","mainEntityOfPage":{"@id":"https:\/\/www.ronaldocorreiadebrito.com.br\/site2\/2020\/08\/quanto-tempo-perdido-com-o-jornalismo-politico\/"},"wordCount":615,"commentCount":0,"image":{"@id":"https:\/\/www.ronaldocorreiadebrito.com.br\/site2\/2020\/08\/quanto-tempo-perdido-com-o-jornalismo-politico\/#primaryimage"},"thumbnailUrl":"https:\/\/www.ronaldocorreiadebrito.com.br\/site2\/wp-content\/uploads\/2020\/08\/politics.jpg","articleSection":["Blog","Links","Slider"],"inLanguage":"pt-BR","potentialAction":[{"@type":"CommentAction","name":"Comment","target":["https:\/\/www.ronaldocorreiadebrito.com.br\/site2\/2020\/08\/quanto-tempo-perdido-com-o-jornalismo-politico\/#respond"]}]},{"@type":"WebPage","@id":"https:\/\/www.ronaldocorreiadebrito.com.br\/site2\/2020\/08\/quanto-tempo-perdido-com-o-jornalismo-politico\/","url":"https:\/\/www.ronaldocorreiadebrito.com.br\/site2\/2020\/08\/quanto-tempo-perdido-com-o-jornalismo-politico\/","name":"Quanto tempo perdido com o jornalismo pol\u00edtico | Ronaldo Correia de Brito | site oficial","isPartOf":{"@id":"https:\/\/www.ronaldocorreiadebrito.com.br\/site2\/#website"},"primaryImageOfPage":{"@id":"https:\/\/www.ronaldocorreiadebrito.com.br\/site2\/2020\/08\/quanto-tempo-perdido-com-o-jornalismo-politico\/#primaryimage"},"image":{"@id":"https:\/\/www.ronaldocorreiadebrito.com.br\/site2\/2020\/08\/quanto-tempo-perdido-com-o-jornalismo-politico\/#primaryimage"},"thumbnailUrl":"https:\/\/www.ronaldocorreiadebrito.com.br\/site2\/wp-content\/uploads\/2020\/08\/politics.jpg","datePublished":"2020-08-05T21:03:57+00:00","author":{"@id":"https:\/\/www.ronaldocorreiadebrito.com.br\/site2\/#\/schema\/person\/99a164d0eaaff7f78b11899bc7d5e7c9"},"breadcrumb":{"@id":"https:\/\/www.ronaldocorreiadebrito.com.br\/site2\/2020\/08\/quanto-tempo-perdido-com-o-jornalismo-politico\/#breadcrumb"},"inLanguage":"pt-BR","potentialAction":[{"@type":"ReadAction","target":["https:\/\/www.ronaldocorreiadebrito.com.br\/site2\/2020\/08\/quanto-tempo-perdido-com-o-jornalismo-politico\/"]}]},{"@type":"ImageObject","inLanguage":"pt-BR","@id":"https:\/\/www.ronaldocorreiadebrito.com.br\/site2\/2020\/08\/quanto-tempo-perdido-com-o-jornalismo-politico\/#primaryimage","url":"https:\/\/www.ronaldocorreiadebrito.com.br\/site2\/wp-content\/uploads\/2020\/08\/politics.jpg","contentUrl":"https:\/\/www.ronaldocorreiadebrito.com.br\/site2\/wp-content\/uploads\/2020\/08\/politics.jpg","width":3199,"height":1280},{"@type":"BreadcrumbList","@id":"https:\/\/www.ronaldocorreiadebrito.com.br\/site2\/2020\/08\/quanto-tempo-perdido-com-o-jornalismo-politico\/#breadcrumb","itemListElement":[{"@type":"ListItem","position":1,"name":"In\u00edcio","item":"https:\/\/www.ronaldocorreiadebrito.com.br\/site2\/"},{"@type":"ListItem","position":2,"name":"Quanto tempo perdido com o jornalismo pol\u00edtico"}]},{"@type":"WebSite","@id":"https:\/\/www.ronaldocorreiadebrito.com.br\/site2\/#website","url":"https:\/\/www.ronaldocorreiadebrito.com.br\/site2\/","name":"Ronaldo Correia de Brito | site oficial","description":"Site oficial do escritor Ronaldo Correia de Brito","potentialAction":[{"@type":"SearchAction","target":{"@type":"EntryPoint","urlTemplate":"https:\/\/www.ronaldocorreiadebrito.com.br\/site2\/?s={search_term_string}"},"query-input":{"@type":"PropertyValueSpecification","valueRequired":true,"valueName":"search_term_string"}}],"inLanguage":"pt-BR"},{"@type":"Person","@id":"https:\/\/www.ronaldocorreiadebrito.com.br\/site2\/#\/schema\/person\/99a164d0eaaff7f78b11899bc7d5e7c9","name":"admin","url":"https:\/\/www.ronaldocorreiadebrito.com.br\/site2\/author\/admin\/"}]}},"wps_subtitle":"","_links":{"self":[{"href":"https:\/\/www.ronaldocorreiadebrito.com.br\/site2\/wp-json\/wp\/v2\/posts\/1380","targetHints":{"allow":["GET"]}}],"collection":[{"href":"https:\/\/www.ronaldocorreiadebrito.com.br\/site2\/wp-json\/wp\/v2\/posts"}],"about":[{"href":"https:\/\/www.ronaldocorreiadebrito.com.br\/site2\/wp-json\/wp\/v2\/types\/post"}],"author":[{"embeddable":true,"href":"https:\/\/www.ronaldocorreiadebrito.com.br\/site2\/wp-json\/wp\/v2\/users\/1"}],"replies":[{"embeddable":true,"href":"https:\/\/www.ronaldocorreiadebrito.com.br\/site2\/wp-json\/wp\/v2\/comments?post=1380"}],"version-history":[{"count":0,"href":"https:\/\/www.ronaldocorreiadebrito.com.br\/site2\/wp-json\/wp\/v2\/posts\/1380\/revisions"}],"wp:featuredmedia":[{"embeddable":true,"href":"https:\/\/www.ronaldocorreiadebrito.com.br\/site2\/wp-json\/wp\/v2\/media\/1381"}],"wp:attachment":[{"href":"https:\/\/www.ronaldocorreiadebrito.com.br\/site2\/wp-json\/wp\/v2\/media?parent=1380"}],"wp:term":[{"taxonomy":"category","embeddable":true,"href":"https:\/\/www.ronaldocorreiadebrito.com.br\/site2\/wp-json\/wp\/v2\/categories?post=1380"},{"taxonomy":"post_tag","embeddable":true,"href":"https:\/\/www.ronaldocorreiadebrito.com.br\/site2\/wp-json\/wp\/v2\/tags?post=1380"}],"curies":[{"name":"wp","href":"https:\/\/api.w.org\/{rel}","templated":true}]}}