{"id":1354,"date":"2020-07-12T13:06:04","date_gmt":"2020-07-12T16:06:04","guid":{"rendered":"http:\/\/www.ronaldocorreiadebrito.com.br\/site2\/?p=1354"},"modified":"2020-07-12T13:06:04","modified_gmt":"2020-07-12T16:06:04","slug":"o-desanimo-leva-inercia","status":"publish","type":"post","link":"https:\/\/www.ronaldocorreiadebrito.com.br\/site2\/2020\/07\/o-desanimo-leva-inercia\/","title":{"rendered":"O des\u00e2nimo leva \u00e0 in\u00e9rcia"},"content":{"rendered":"<p class=\"p1\" style=\"text-align: right;\"><span class=\"s1\">Di\u00e1rio do isolamento 23<\/span><\/p>\n<p class=\"p1\" style=\"text-align: right;\"><span class=\"s1\">(domingo, 12 de julho)<\/span><\/p>\n<p class=\"p1\">\n<p class=\"p1\"><span class=\"s1\">Amanheceu um belo domingo de julho no Recife: sol aberto, intensa luminosidade, frio agrad\u00e1vel. Senti vontade de passear, mas limitei-me a uma caminhada pelas \u00e1reas livres do pr\u00e9dio. Casos de Covid em amigos e conhecidos, alguns com morte, me deixam paralisado. Os acenos da abertura n\u00e3o me convencem, a maioria das pessoas que pode se dar ao luxo continua em casa. <\/span><\/p>\n<p class=\"p1\"><span class=\"s1\">At\u00e9 quando?<\/span><\/p>\n<p class=\"p1\"><span class=\"s1\"><i>Amanh\u00e3 h\u00e1 de ser outro dia<\/i>, garante o samba de Chico Buarque.<\/span><\/p>\n<p class=\"p1\"><span class=\"s1\">Mas o amanh\u00e3 se posterga aos pr\u00f3ximos quinze dias, depois a um m\u00eas e depois para uma data que ningu\u00e9m sabe quando ser\u00e1.<\/span><\/p>\n<p class=\"p1\"><span class=\"s1\"><i>Voc\u00ea vai ter que ver, a manh\u00e3 renascer e esbanjar poesia&#8230;<\/i><\/span><\/p>\n<p class=\"p1\"><span class=\"s1\">Quero ver sim, mas come\u00e7o a sentir-me descrente e desanimado. Uma reportagem do jornal The New York Times fala do empobrecimento da Am\u00e9rica Latina com a pandemia, e um relat\u00f3rio da ONU alerta para o n\u00famero de miser\u00e1veis no Brasil, que ir\u00e1 dobrar. Nem preciso ler os jornais para saber disso.<\/span><\/p>\n<p class=\"p1\"><span class=\"s1\"><i>Quando chegar o momento, esse meu sofrimento vou cobrar com juros, juro&#8230;<\/i><\/span><\/p>\n<p class=\"p1\"><span class=\"s1\">Dif\u00edcil \u00e9 acreditar nesse momento. O des\u00e2nimo emperra as articula\u00e7\u00f5es, o corpo e a mente se acomodam, deixam de agir e entram numa perigosa in\u00e9rcia. Os afazeres se postergam para depois, at\u00e9 serem nunca.<\/span><\/p>\n<p class=\"p1\"><span class=\"s1\">O \u201cAdiamento\u201d de Fernando Pessoa.<\/span><\/p>\n<p class=\"p1\"><span class=\"s1\"><i>Depois de amanh\u00e3, sim, s\u00f3 depois de amanh\u00e3&#8230; Levarei amanh\u00e3 a pensar em depois de amanh\u00e3, e assim ser\u00e1 poss\u00edvel; mas hoje n\u00e3o&#8230; N\u00e3o, hoje nada; hoje n\u00e3o posso.<\/i><\/span><\/p>\n<p class=\"p1\"><span class=\"s1\">Em <i>Sonhos<\/i>, filme do japon\u00eas Akira Kurosawa, um comandante tenta conduzir os soldados a um forte, em meio \u00e0 tempestade de neve e \u00e0 escurid\u00e3o. \u00c9 preciso resistir ao cansa\u00e7o, \u00e0 vontade de cair e adormecer, o que significa a morte. O comandante e os soldados prenderam-se com cordas, temendo que algu\u00e9m se extraviasse.<span class=\"Apple-converted-space\">\u00a0 <\/span>Movem-se no limite da esperan\u00e7a e da resist\u00eancia humana. Perdidos, d\u00e3o voltas. De repente, escutam estampidos e vozes chamando. Descobrem que giravam em torno do mesmo ponto, que o forte sempre estivera a alguns passos deles.<\/span><\/p>\n<p class=\"p1\"><span class=\"s1\">Onde estar\u00e1 a porta, quando ela se abrir\u00e1 para n\u00f3s? <\/span><\/p>\n<p class=\"p1\"><span class=\"s1\">Jorge Luis Borges afirma que a porta \u00e9 a que escolhe, n\u00e3o o homem. <\/span><\/p>\n<p class=\"p3\"><span class=\"s1\">o.<\/span><\/p>\n","protected":false},"excerpt":{"rendered":"<p>Di\u00e1rio do isolamento 23 (domingo, 12 de julho) Amanheceu um belo domingo de julho no Recife: sol aberto, intensa luminosidade, frio agrad\u00e1vel. Senti vontade de passear, mas limitei-me a uma caminhada pelas \u00e1reas livres do pr\u00e9dio. Casos de Covid em amigos e conhecidos, alguns com&#8230;<\/p>\n","protected":false},"author":1,"featured_media":1356,"comment_status":"open","ping_status":"closed","sticky":false,"template":"","format":"standard","meta":{"sfsi_plus_gutenberg_text_before_share":"","sfsi_plus_gutenberg_show_text_before_share":"","sfsi_plus_gutenberg_icon_type":"","sfsi_plus_gutenberg_icon_alignemt":"","sfsi_plus_gutenburg_max_per_row":"","footnotes":""},"categories":[8,46,45],"tags":[],"class_list":["post-1354","post","type-post","status-publish","format-standard","has-post-thumbnail","hentry","category-blog","category-links","category-slider"],"yoast_head":"<!-- This site is optimized with the Yoast SEO plugin v27.4 - https:\/\/yoast.com\/product\/yoast-seo-wordpress\/ -->\n<title>O des\u00e2nimo leva \u00e0 in\u00e9rcia | Ronaldo Correia de Brito | site oficial<\/title>\n<meta name=\"robots\" content=\"index, follow, max-snippet:-1, max-image-preview:large, max-video-preview:-1\" \/>\n<link rel=\"canonical\" href=\"https:\/\/www.ronaldocorreiadebrito.com.br\/site2\/2020\/07\/o-desanimo-leva-inercia\/\" \/>\n<meta property=\"og:locale\" content=\"pt_BR\" \/>\n<meta property=\"og:type\" content=\"article\" \/>\n<meta property=\"og:title\" content=\"O des\u00e2nimo leva \u00e0 in\u00e9rcia | Ronaldo Correia de Brito | site oficial\" \/>\n<meta property=\"og:description\" content=\"Di\u00e1rio do isolamento 23 (domingo, 12 de julho) Amanheceu um belo domingo de julho no Recife: sol aberto, intensa luminosidade, frio agrad\u00e1vel. Senti vontade de passear, mas limitei-me a uma caminhada pelas \u00e1reas livres do pr\u00e9dio. Casos de Covid em amigos e conhecidos, alguns com...\" \/>\n<meta property=\"og:url\" content=\"https:\/\/www.ronaldocorreiadebrito.com.br\/site2\/2020\/07\/o-desanimo-leva-inercia\/\" \/>\n<meta property=\"og:site_name\" content=\"Ronaldo Correia de Brito | site oficial\" \/>\n<meta property=\"article:publisher\" content=\"https:\/\/www.facebook.com\/ronaldocorreiadebrito.oficial\" \/>\n<meta property=\"article:published_time\" content=\"2020-07-12T16:06:04+00:00\" \/>\n<meta property=\"og:image\" content=\"https:\/\/www.ronaldocorreiadebrito.com.br\/site2\/wp-content\/uploads\/2020\/07\/Akira-Kurosawas-Dreams-2.jpg\" \/>\n\t<meta property=\"og:image:width\" content=\"1908\" \/>\n\t<meta property=\"og:image:height\" content=\"1080\" \/>\n\t<meta property=\"og:image:type\" content=\"image\/jpeg\" \/>\n<meta name=\"author\" content=\"admin\" \/>\n<meta name=\"twitter:card\" content=\"summary_large_image\" \/>\n<meta name=\"twitter:label1\" content=\"Escrito por\" \/>\n\t<meta name=\"twitter:data1\" content=\"admin\" \/>\n\t<meta name=\"twitter:label2\" content=\"Est. tempo de leitura\" \/>\n\t<meta name=\"twitter:data2\" content=\"2 minutos\" \/>\n<script type=\"application\/ld+json\" class=\"yoast-schema-graph\">{\"@context\":\"https:\\\/\\\/schema.org\",\"@graph\":[{\"@type\":\"Article\",\"@id\":\"https:\\\/\\\/www.ronaldocorreiadebrito.com.br\\\/site2\\\/2020\\\/07\\\/o-desanimo-leva-inercia\\\/#article\",\"isPartOf\":{\"@id\":\"https:\\\/\\\/www.ronaldocorreiadebrito.com.br\\\/site2\\\/2020\\\/07\\\/o-desanimo-leva-inercia\\\/\"},\"author\":{\"name\":\"admin\",\"@id\":\"https:\\\/\\\/www.ronaldocorreiadebrito.com.br\\\/site2\\\/#\\\/schema\\\/person\\\/99a164d0eaaff7f78b11899bc7d5e7c9\"},\"headline\":\"O des\u00e2nimo leva \u00e0 in\u00e9rcia\",\"datePublished\":\"2020-07-12T16:06:04+00:00\",\"mainEntityOfPage\":{\"@id\":\"https:\\\/\\\/www.ronaldocorreiadebrito.com.br\\\/site2\\\/2020\\\/07\\\/o-desanimo-leva-inercia\\\/\"},\"wordCount\":390,\"commentCount\":1,\"image\":{\"@id\":\"https:\\\/\\\/www.ronaldocorreiadebrito.com.br\\\/site2\\\/2020\\\/07\\\/o-desanimo-leva-inercia\\\/#primaryimage\"},\"thumbnailUrl\":\"https:\\\/\\\/www.ronaldocorreiadebrito.com.br\\\/site2\\\/wp-content\\\/uploads\\\/2020\\\/07\\\/Akira-Kurosawas-Dreams-2.jpg\",\"articleSection\":[\"Blog\",\"Links\",\"Slider\"],\"inLanguage\":\"pt-BR\",\"potentialAction\":[{\"@type\":\"CommentAction\",\"name\":\"Comment\",\"target\":[\"https:\\\/\\\/www.ronaldocorreiadebrito.com.br\\\/site2\\\/2020\\\/07\\\/o-desanimo-leva-inercia\\\/#respond\"]}]},{\"@type\":\"WebPage\",\"@id\":\"https:\\\/\\\/www.ronaldocorreiadebrito.com.br\\\/site2\\\/2020\\\/07\\\/o-desanimo-leva-inercia\\\/\",\"url\":\"https:\\\/\\\/www.ronaldocorreiadebrito.com.br\\\/site2\\\/2020\\\/07\\\/o-desanimo-leva-inercia\\\/\",\"name\":\"O des\u00e2nimo leva \u00e0 in\u00e9rcia | Ronaldo Correia de Brito | site oficial\",\"isPartOf\":{\"@id\":\"https:\\\/\\\/www.ronaldocorreiadebrito.com.br\\\/site2\\\/#website\"},\"primaryImageOfPage\":{\"@id\":\"https:\\\/\\\/www.ronaldocorreiadebrito.com.br\\\/site2\\\/2020\\\/07\\\/o-desanimo-leva-inercia\\\/#primaryimage\"},\"image\":{\"@id\":\"https:\\\/\\\/www.ronaldocorreiadebrito.com.br\\\/site2\\\/2020\\\/07\\\/o-desanimo-leva-inercia\\\/#primaryimage\"},\"thumbnailUrl\":\"https:\\\/\\\/www.ronaldocorreiadebrito.com.br\\\/site2\\\/wp-content\\\/uploads\\\/2020\\\/07\\\/Akira-Kurosawas-Dreams-2.jpg\",\"datePublished\":\"2020-07-12T16:06:04+00:00\",\"author\":{\"@id\":\"https:\\\/\\\/www.ronaldocorreiadebrito.com.br\\\/site2\\\/#\\\/schema\\\/person\\\/99a164d0eaaff7f78b11899bc7d5e7c9\"},\"breadcrumb\":{\"@id\":\"https:\\\/\\\/www.ronaldocorreiadebrito.com.br\\\/site2\\\/2020\\\/07\\\/o-desanimo-leva-inercia\\\/#breadcrumb\"},\"inLanguage\":\"pt-BR\",\"potentialAction\":[{\"@type\":\"ReadAction\",\"target\":[\"https:\\\/\\\/www.ronaldocorreiadebrito.com.br\\\/site2\\\/2020\\\/07\\\/o-desanimo-leva-inercia\\\/\"]}]},{\"@type\":\"ImageObject\",\"inLanguage\":\"pt-BR\",\"@id\":\"https:\\\/\\\/www.ronaldocorreiadebrito.com.br\\\/site2\\\/2020\\\/07\\\/o-desanimo-leva-inercia\\\/#primaryimage\",\"url\":\"https:\\\/\\\/www.ronaldocorreiadebrito.com.br\\\/site2\\\/wp-content\\\/uploads\\\/2020\\\/07\\\/Akira-Kurosawas-Dreams-2.jpg\",\"contentUrl\":\"https:\\\/\\\/www.ronaldocorreiadebrito.com.br\\\/site2\\\/wp-content\\\/uploads\\\/2020\\\/07\\\/Akira-Kurosawas-Dreams-2.jpg\",\"width\":1908,\"height\":1080},{\"@type\":\"BreadcrumbList\",\"@id\":\"https:\\\/\\\/www.ronaldocorreiadebrito.com.br\\\/site2\\\/2020\\\/07\\\/o-desanimo-leva-inercia\\\/#breadcrumb\",\"itemListElement\":[{\"@type\":\"ListItem\",\"position\":1,\"name\":\"In\u00edcio\",\"item\":\"https:\\\/\\\/www.ronaldocorreiadebrito.com.br\\\/site2\\\/\"},{\"@type\":\"ListItem\",\"position\":2,\"name\":\"O des\u00e2nimo leva \u00e0 in\u00e9rcia\"}]},{\"@type\":\"WebSite\",\"@id\":\"https:\\\/\\\/www.ronaldocorreiadebrito.com.br\\\/site2\\\/#website\",\"url\":\"https:\\\/\\\/www.ronaldocorreiadebrito.com.br\\\/site2\\\/\",\"name\":\"Ronaldo Correia de Brito | site oficial\",\"description\":\"Site oficial do escritor Ronaldo Correia de Brito\",\"potentialAction\":[{\"@type\":\"SearchAction\",\"target\":{\"@type\":\"EntryPoint\",\"urlTemplate\":\"https:\\\/\\\/www.ronaldocorreiadebrito.com.br\\\/site2\\\/?s={search_term_string}\"},\"query-input\":{\"@type\":\"PropertyValueSpecification\",\"valueRequired\":true,\"valueName\":\"search_term_string\"}}],\"inLanguage\":\"pt-BR\"},{\"@type\":\"Person\",\"@id\":\"https:\\\/\\\/www.ronaldocorreiadebrito.com.br\\\/site2\\\/#\\\/schema\\\/person\\\/99a164d0eaaff7f78b11899bc7d5e7c9\",\"name\":\"admin\",\"url\":\"https:\\\/\\\/www.ronaldocorreiadebrito.com.br\\\/site2\\\/author\\\/admin\\\/\"}]}<\/script>\n<!-- \/ Yoast SEO plugin. -->","yoast_head_json":{"title":"O des\u00e2nimo leva \u00e0 in\u00e9rcia | Ronaldo Correia de Brito | site oficial","robots":{"index":"index","follow":"follow","max-snippet":"max-snippet:-1","max-image-preview":"max-image-preview:large","max-video-preview":"max-video-preview:-1"},"canonical":"https:\/\/www.ronaldocorreiadebrito.com.br\/site2\/2020\/07\/o-desanimo-leva-inercia\/","og_locale":"pt_BR","og_type":"article","og_title":"O des\u00e2nimo leva \u00e0 in\u00e9rcia | Ronaldo Correia de Brito | site oficial","og_description":"Di\u00e1rio do isolamento 23 (domingo, 12 de julho) Amanheceu um belo domingo de julho no Recife: sol aberto, intensa luminosidade, frio agrad\u00e1vel. Senti vontade de passear, mas limitei-me a uma caminhada pelas \u00e1reas livres do pr\u00e9dio. Casos de Covid em amigos e conhecidos, alguns com...","og_url":"https:\/\/www.ronaldocorreiadebrito.com.br\/site2\/2020\/07\/o-desanimo-leva-inercia\/","og_site_name":"Ronaldo Correia de Brito | site oficial","article_publisher":"https:\/\/www.facebook.com\/ronaldocorreiadebrito.oficial","article_published_time":"2020-07-12T16:06:04+00:00","og_image":[{"width":1908,"height":1080,"url":"https:\/\/www.ronaldocorreiadebrito.com.br\/site2\/wp-content\/uploads\/2020\/07\/Akira-Kurosawas-Dreams-2.jpg","type":"image\/jpeg"}],"author":"admin","twitter_card":"summary_large_image","twitter_misc":{"Escrito por":"admin","Est. tempo de leitura":"2 minutos"},"schema":{"@context":"https:\/\/schema.org","@graph":[{"@type":"Article","@id":"https:\/\/www.ronaldocorreiadebrito.com.br\/site2\/2020\/07\/o-desanimo-leva-inercia\/#article","isPartOf":{"@id":"https:\/\/www.ronaldocorreiadebrito.com.br\/site2\/2020\/07\/o-desanimo-leva-inercia\/"},"author":{"name":"admin","@id":"https:\/\/www.ronaldocorreiadebrito.com.br\/site2\/#\/schema\/person\/99a164d0eaaff7f78b11899bc7d5e7c9"},"headline":"O des\u00e2nimo leva \u00e0 in\u00e9rcia","datePublished":"2020-07-12T16:06:04+00:00","mainEntityOfPage":{"@id":"https:\/\/www.ronaldocorreiadebrito.com.br\/site2\/2020\/07\/o-desanimo-leva-inercia\/"},"wordCount":390,"commentCount":1,"image":{"@id":"https:\/\/www.ronaldocorreiadebrito.com.br\/site2\/2020\/07\/o-desanimo-leva-inercia\/#primaryimage"},"thumbnailUrl":"https:\/\/www.ronaldocorreiadebrito.com.br\/site2\/wp-content\/uploads\/2020\/07\/Akira-Kurosawas-Dreams-2.jpg","articleSection":["Blog","Links","Slider"],"inLanguage":"pt-BR","potentialAction":[{"@type":"CommentAction","name":"Comment","target":["https:\/\/www.ronaldocorreiadebrito.com.br\/site2\/2020\/07\/o-desanimo-leva-inercia\/#respond"]}]},{"@type":"WebPage","@id":"https:\/\/www.ronaldocorreiadebrito.com.br\/site2\/2020\/07\/o-desanimo-leva-inercia\/","url":"https:\/\/www.ronaldocorreiadebrito.com.br\/site2\/2020\/07\/o-desanimo-leva-inercia\/","name":"O des\u00e2nimo leva \u00e0 in\u00e9rcia | Ronaldo Correia de Brito | site oficial","isPartOf":{"@id":"https:\/\/www.ronaldocorreiadebrito.com.br\/site2\/#website"},"primaryImageOfPage":{"@id":"https:\/\/www.ronaldocorreiadebrito.com.br\/site2\/2020\/07\/o-desanimo-leva-inercia\/#primaryimage"},"image":{"@id":"https:\/\/www.ronaldocorreiadebrito.com.br\/site2\/2020\/07\/o-desanimo-leva-inercia\/#primaryimage"},"thumbnailUrl":"https:\/\/www.ronaldocorreiadebrito.com.br\/site2\/wp-content\/uploads\/2020\/07\/Akira-Kurosawas-Dreams-2.jpg","datePublished":"2020-07-12T16:06:04+00:00","author":{"@id":"https:\/\/www.ronaldocorreiadebrito.com.br\/site2\/#\/schema\/person\/99a164d0eaaff7f78b11899bc7d5e7c9"},"breadcrumb":{"@id":"https:\/\/www.ronaldocorreiadebrito.com.br\/site2\/2020\/07\/o-desanimo-leva-inercia\/#breadcrumb"},"inLanguage":"pt-BR","potentialAction":[{"@type":"ReadAction","target":["https:\/\/www.ronaldocorreiadebrito.com.br\/site2\/2020\/07\/o-desanimo-leva-inercia\/"]}]},{"@type":"ImageObject","inLanguage":"pt-BR","@id":"https:\/\/www.ronaldocorreiadebrito.com.br\/site2\/2020\/07\/o-desanimo-leva-inercia\/#primaryimage","url":"https:\/\/www.ronaldocorreiadebrito.com.br\/site2\/wp-content\/uploads\/2020\/07\/Akira-Kurosawas-Dreams-2.jpg","contentUrl":"https:\/\/www.ronaldocorreiadebrito.com.br\/site2\/wp-content\/uploads\/2020\/07\/Akira-Kurosawas-Dreams-2.jpg","width":1908,"height":1080},{"@type":"BreadcrumbList","@id":"https:\/\/www.ronaldocorreiadebrito.com.br\/site2\/2020\/07\/o-desanimo-leva-inercia\/#breadcrumb","itemListElement":[{"@type":"ListItem","position":1,"name":"In\u00edcio","item":"https:\/\/www.ronaldocorreiadebrito.com.br\/site2\/"},{"@type":"ListItem","position":2,"name":"O des\u00e2nimo leva \u00e0 in\u00e9rcia"}]},{"@type":"WebSite","@id":"https:\/\/www.ronaldocorreiadebrito.com.br\/site2\/#website","url":"https:\/\/www.ronaldocorreiadebrito.com.br\/site2\/","name":"Ronaldo Correia de Brito | site oficial","description":"Site oficial do escritor Ronaldo Correia de Brito","potentialAction":[{"@type":"SearchAction","target":{"@type":"EntryPoint","urlTemplate":"https:\/\/www.ronaldocorreiadebrito.com.br\/site2\/?s={search_term_string}"},"query-input":{"@type":"PropertyValueSpecification","valueRequired":true,"valueName":"search_term_string"}}],"inLanguage":"pt-BR"},{"@type":"Person","@id":"https:\/\/www.ronaldocorreiadebrito.com.br\/site2\/#\/schema\/person\/99a164d0eaaff7f78b11899bc7d5e7c9","name":"admin","url":"https:\/\/www.ronaldocorreiadebrito.com.br\/site2\/author\/admin\/"}]}},"wps_subtitle":"","_links":{"self":[{"href":"https:\/\/www.ronaldocorreiadebrito.com.br\/site2\/wp-json\/wp\/v2\/posts\/1354","targetHints":{"allow":["GET"]}}],"collection":[{"href":"https:\/\/www.ronaldocorreiadebrito.com.br\/site2\/wp-json\/wp\/v2\/posts"}],"about":[{"href":"https:\/\/www.ronaldocorreiadebrito.com.br\/site2\/wp-json\/wp\/v2\/types\/post"}],"author":[{"embeddable":true,"href":"https:\/\/www.ronaldocorreiadebrito.com.br\/site2\/wp-json\/wp\/v2\/users\/1"}],"replies":[{"embeddable":true,"href":"https:\/\/www.ronaldocorreiadebrito.com.br\/site2\/wp-json\/wp\/v2\/comments?post=1354"}],"version-history":[{"count":0,"href":"https:\/\/www.ronaldocorreiadebrito.com.br\/site2\/wp-json\/wp\/v2\/posts\/1354\/revisions"}],"wp:featuredmedia":[{"embeddable":true,"href":"https:\/\/www.ronaldocorreiadebrito.com.br\/site2\/wp-json\/wp\/v2\/media\/1356"}],"wp:attachment":[{"href":"https:\/\/www.ronaldocorreiadebrito.com.br\/site2\/wp-json\/wp\/v2\/media?parent=1354"}],"wp:term":[{"taxonomy":"category","embeddable":true,"href":"https:\/\/www.ronaldocorreiadebrito.com.br\/site2\/wp-json\/wp\/v2\/categories?post=1354"},{"taxonomy":"post_tag","embeddable":true,"href":"https:\/\/www.ronaldocorreiadebrito.com.br\/site2\/wp-json\/wp\/v2\/tags?post=1354"}],"curies":[{"name":"wp","href":"https:\/\/api.w.org\/{rel}","templated":true}]}}