{"id":1351,"date":"2020-07-05T13:07:27","date_gmt":"2020-07-05T16:07:27","guid":{"rendered":"http:\/\/www.ronaldocorreiadebrito.com.br\/site2\/?p=1351"},"modified":"2020-07-05T13:07:27","modified_gmt":"2020-07-05T16:07:27","slug":"voce-nao-aguenta-mais-quarentena-faca-uma-live","status":"publish","type":"post","link":"https:\/\/www.ronaldocorreiadebrito.com.br\/site2\/2020\/07\/voce-nao-aguenta-mais-quarentena-faca-uma-live\/","title":{"rendered":"Voc\u00ea n\u00e3o aguenta mais a quarentena? Fa\u00e7a uma live."},"content":{"rendered":"<p class=\"p1\" style=\"text-align: right;\"><span class=\"s1\">Di\u00e1rio do isolamento 22<\/span><\/p>\n<p class=\"p1\" style=\"text-align: right;\"><span class=\"s1\">(domingo, 05 de julho)<\/span><\/p>\n<p class=\"p1\"><span class=\"s1\">Voc\u00ea n\u00e3o aguenta mais a quarentena? Fa\u00e7a uma <i>live<\/i>.<\/span><\/p>\n<p class=\"p1\"><span class=\"s1\">O velho enrugado parecia inquieto. Quando eu facultasse a palavra, certamente falaria. Todos queriam voz, a orienta\u00e7\u00e3o era deixar que falassem. Convers\u00e1vamos sobre a esquistossomose, formas de contrair a doen\u00e7a. Os participantes se dispunham num c\u00edrculo, sentados em cadeiras trazidas de casa. Naquela noite, um morador do bairro quase rural de Vit\u00f3ria de Santo Ant\u00e3o, Pernambuco, cedera a coberta de palha ao lado de sua casa. <\/span><\/p>\n<p class=\"p1\"><span class=\"s1\">De p\u00e9, falando alto, expresso-me com palavras simples para que me compreendam. Todos mostram-se atentos, mas n\u00e3o sabem direito o que desejam os m\u00e9dicos, as enfermeiras e assistentes sociais, que visitam a comunidade nas segundas-feiras \u00e0 noite. Apesar dos treinamentos e capacita\u00e7\u00f5es, estou longe de sentir-me seguro. <\/span><\/p>\n<p class=\"p1\"><span class=\"s1\">Entrei para o Projeto Vit\u00f3ria, quando nem havia terminado a resid\u00eancia em cl\u00ednica m\u00e9dica. Interessava-se atuar em sa\u00fade p\u00fablica e medicina comunit\u00e1ria. O projeto era piloto, um dos primeiros no Brasil. Escolhido o munic\u00edpio de Vit\u00f3ria, pela proximidade do Recife, come\u00e7aram as a\u00e7\u00f5es, que de in\u00edcio consistiam em visitas \u00e0s comunidades para sondagem e informa\u00e7\u00f5es prim\u00e1rias de sa\u00fade.<\/span><\/p>\n<p class=\"p1\"><span class=\"s1\">Naquela noite, j\u00e1 falei, informava os moradores sobre como se dava a infesta\u00e7\u00e3o pelo Schistosoma, os ciclos de vida do verme, os dois hospedeiros \u2013 o caramujo e o homem \u2013, a penetra\u00e7\u00e3o das cercarias pela epiderme, sobretudo nos cursos d\u2019\u00e1gua contaminados. A esquistossomose era uma calamidade, n\u00e3o havia tratamento eficaz da doen\u00e7a, os pacientes cr\u00f4nicos permaneciam meses internados nos hospitais, o Brasil n\u00e3o tem saneamento b\u00e1sico, as \u00e1guas s\u00e3o contaminadas, as comunidades ribeirinhas tornam-se as mais vulner\u00e1veis. Conclu\u00eda a palestra com um apelo dram\u00e1tico:<\/span><\/p>\n<p class=\"p1\"><span class=\"s1\">\u2013 Por isso, evitem os banhos de rio, sobretudo nas horas mais quentes, n\u00e3o lavem roupas nem apanhem \u00e1gua para consumo em rios.<\/span><\/p>\n<p class=\"p1\"><span class=\"s1\">O velho mastigava com as gengivas, as rugas do rosto moviam-se como sombras percorrendo a terra.<\/span><\/p>\n<p class=\"p1\"><span class=\"s1\">\u2013 O Senhor me d\u00e1 a palavra, doutor?<\/span><\/p>\n<p class=\"p1\"><span class=\"s1\">\u2013 Dou sim, seu Jos\u00e9, pode falar \u00e0 vontade.<\/span><\/p>\n<p class=\"p1\"><span class=\"s1\">\u2013 Desculpe, mas o senhor acaba de me fazer um grande mal. Antes, todo dia eu tomava meu banho de rio tranquilo, enchia os potes de casa e estava satisfeito. Agora, sei que se tomar banho vou adoecer e morrer. Em que me ajuda saber o que o senhor falou? Em nada. N\u00e3o tenho outra \u00e1gua, s\u00f3 essa mesma. Vou continuar usando ela. O senhor vai me dar \u00e1gua boa, pot\u00e1vel?<\/span><\/p>\n<p class=\"p1\"><span class=\"s1\">Propus que se unissem, lutassem pelos direitos, cobrassem dos pol\u00edticos \u00e1gua tratada, boa para consumo. Seguiu-se um longo sil\u00eancio. Eu tamb\u00e9m emudeci envergonhado. <\/span><\/p>\n<p class=\"p1\"><span class=\"s1\">A mesma vergonha que sinto quando pe\u00e7o ao entregador de feira para ficar em casa e guardar quarentena, no espa\u00e7o de vinte metros quadrados que divide com a mulher e dois filhos. A vergonha paralisante que sentem os m\u00e9dicos de fam\u00edlia e comunidade ao visitarem os moradores do Canal do Arruda, confinados em barracos de t\u00e1buas, papel\u00f5es e amianto, que se sentem vivos apenas quando ganham a rua entulhada de lixo, mas onde faz menos calor, se respira melhor e \u00e9 poss\u00edvel olhar o c\u00e9u.<\/span><\/p>\n<p class=\"p1\"><span class=\"s1\">Artistas famosos e pessoas ricas relatam a jornais e revistas como tem sido angustiante se confinarem em praias, s\u00edtios, fazendas, em casas grandes com jardins. Sentem falta dos holofotes mirados neles, temem perder a visibilidade a que est\u00e3o acostumados. Fazem <i>lives<\/i>, campanhas para as pessoas obedecerem \u00e0 quarentena, posts com \u201cfique em casa\u201d e se fotografam com m\u00e1scaras ex\u00f3ticas. <\/span><\/p>\n<p class=\"p1\"><span class=\"s1\">Tamb\u00e9m confortavelmente resguardado, escrevo um di\u00e1rio do isolamento, olhando as filas em frente \u00e0 Caixa Econ\u00f4mica, onde se paga uma ajuda de 600 reais. <span class=\"Apple-converted-space\">\u00a0 \u00a0<\/span><\/span><\/p>\n","protected":false},"excerpt":{"rendered":"<p>Di\u00e1rio do isolamento 22 (domingo, 05 de julho) Voc\u00ea n\u00e3o aguenta mais a quarentena? Fa\u00e7a uma live. O velho enrugado parecia inquieto. Quando eu facultasse a palavra, certamente falaria. Todos queriam voz, a orienta\u00e7\u00e3o era deixar que falassem. Convers\u00e1vamos sobre a esquistossomose, formas de contrair&#8230;<\/p>\n","protected":false},"author":1,"featured_media":1352,"comment_status":"open","ping_status":"closed","sticky":false,"template":"","format":"standard","meta":{"sfsi_plus_gutenberg_text_before_share":"","sfsi_plus_gutenberg_show_text_before_share":"","sfsi_plus_gutenberg_icon_type":"","sfsi_plus_gutenberg_icon_alignemt":"","sfsi_plus_gutenburg_max_per_row":"","footnotes":""},"categories":[8,46,45],"tags":[],"class_list":["post-1351","post","type-post","status-publish","format-standard","has-post-thumbnail","hentry","category-blog","category-links","category-slider"],"yoast_head":"<!-- This site is optimized with the Yoast SEO plugin v27.4 - https:\/\/yoast.com\/product\/yoast-seo-wordpress\/ -->\n<title>Voc\u00ea n\u00e3o aguenta mais a quarentena? Fa\u00e7a uma live. | Ronaldo Correia de Brito | site oficial<\/title>\n<meta name=\"robots\" content=\"index, follow, max-snippet:-1, max-image-preview:large, max-video-preview:-1\" \/>\n<link rel=\"canonical\" href=\"https:\/\/www.ronaldocorreiadebrito.com.br\/site2\/2020\/07\/voce-nao-aguenta-mais-quarentena-faca-uma-live\/\" \/>\n<meta property=\"og:locale\" content=\"pt_BR\" \/>\n<meta property=\"og:type\" content=\"article\" \/>\n<meta property=\"og:title\" content=\"Voc\u00ea n\u00e3o aguenta mais a quarentena? Fa\u00e7a uma live. | Ronaldo Correia de Brito | site oficial\" \/>\n<meta property=\"og:description\" content=\"Di\u00e1rio do isolamento 22 (domingo, 05 de julho) Voc\u00ea n\u00e3o aguenta mais a quarentena? Fa\u00e7a uma live. O velho enrugado parecia inquieto. Quando eu facultasse a palavra, certamente falaria. Todos queriam voz, a orienta\u00e7\u00e3o era deixar que falassem. Convers\u00e1vamos sobre a esquistossomose, formas de contrair...\" \/>\n<meta property=\"og:url\" content=\"https:\/\/www.ronaldocorreiadebrito.com.br\/site2\/2020\/07\/voce-nao-aguenta-mais-quarentena-faca-uma-live\/\" \/>\n<meta property=\"og:site_name\" content=\"Ronaldo Correia de Brito | site oficial\" \/>\n<meta property=\"article:publisher\" content=\"https:\/\/www.facebook.com\/ronaldocorreiadebrito.oficial\" \/>\n<meta property=\"article:published_time\" content=\"2020-07-05T16:07:27+00:00\" \/>\n<meta property=\"og:image\" content=\"https:\/\/www.ronaldocorreiadebrito.com.br\/site2\/wp-content\/uploads\/2020\/07\/Live-Stream-768x399.jpg\" \/>\n\t<meta property=\"og:image:width\" content=\"768\" \/>\n\t<meta property=\"og:image:height\" content=\"399\" \/>\n\t<meta property=\"og:image:type\" content=\"image\/jpeg\" \/>\n<meta name=\"author\" content=\"admin\" \/>\n<meta name=\"twitter:card\" content=\"summary_large_image\" \/>\n<meta name=\"twitter:label1\" content=\"Escrito por\" \/>\n\t<meta name=\"twitter:data1\" content=\"admin\" \/>\n\t<meta name=\"twitter:label2\" content=\"Est. tempo de leitura\" \/>\n\t<meta name=\"twitter:data2\" content=\"3 minutos\" \/>\n<script type=\"application\/ld+json\" class=\"yoast-schema-graph\">{\"@context\":\"https:\\\/\\\/schema.org\",\"@graph\":[{\"@type\":\"Article\",\"@id\":\"https:\\\/\\\/www.ronaldocorreiadebrito.com.br\\\/site2\\\/2020\\\/07\\\/voce-nao-aguenta-mais-quarentena-faca-uma-live\\\/#article\",\"isPartOf\":{\"@id\":\"https:\\\/\\\/www.ronaldocorreiadebrito.com.br\\\/site2\\\/2020\\\/07\\\/voce-nao-aguenta-mais-quarentena-faca-uma-live\\\/\"},\"author\":{\"name\":\"admin\",\"@id\":\"https:\\\/\\\/www.ronaldocorreiadebrito.com.br\\\/site2\\\/#\\\/schema\\\/person\\\/99a164d0eaaff7f78b11899bc7d5e7c9\"},\"headline\":\"Voc\u00ea n\u00e3o aguenta mais a quarentena? Fa\u00e7a uma live.\",\"datePublished\":\"2020-07-05T16:07:27+00:00\",\"mainEntityOfPage\":{\"@id\":\"https:\\\/\\\/www.ronaldocorreiadebrito.com.br\\\/site2\\\/2020\\\/07\\\/voce-nao-aguenta-mais-quarentena-faca-uma-live\\\/\"},\"wordCount\":648,\"commentCount\":0,\"image\":{\"@id\":\"https:\\\/\\\/www.ronaldocorreiadebrito.com.br\\\/site2\\\/2020\\\/07\\\/voce-nao-aguenta-mais-quarentena-faca-uma-live\\\/#primaryimage\"},\"thumbnailUrl\":\"https:\\\/\\\/www.ronaldocorreiadebrito.com.br\\\/site2\\\/wp-content\\\/uploads\\\/2020\\\/07\\\/Live-Stream-768x399.jpg\",\"articleSection\":[\"Blog\",\"Links\",\"Slider\"],\"inLanguage\":\"pt-BR\",\"potentialAction\":[{\"@type\":\"CommentAction\",\"name\":\"Comment\",\"target\":[\"https:\\\/\\\/www.ronaldocorreiadebrito.com.br\\\/site2\\\/2020\\\/07\\\/voce-nao-aguenta-mais-quarentena-faca-uma-live\\\/#respond\"]}]},{\"@type\":\"WebPage\",\"@id\":\"https:\\\/\\\/www.ronaldocorreiadebrito.com.br\\\/site2\\\/2020\\\/07\\\/voce-nao-aguenta-mais-quarentena-faca-uma-live\\\/\",\"url\":\"https:\\\/\\\/www.ronaldocorreiadebrito.com.br\\\/site2\\\/2020\\\/07\\\/voce-nao-aguenta-mais-quarentena-faca-uma-live\\\/\",\"name\":\"Voc\u00ea n\u00e3o aguenta mais a quarentena? Fa\u00e7a uma live. | Ronaldo Correia de Brito | site oficial\",\"isPartOf\":{\"@id\":\"https:\\\/\\\/www.ronaldocorreiadebrito.com.br\\\/site2\\\/#website\"},\"primaryImageOfPage\":{\"@id\":\"https:\\\/\\\/www.ronaldocorreiadebrito.com.br\\\/site2\\\/2020\\\/07\\\/voce-nao-aguenta-mais-quarentena-faca-uma-live\\\/#primaryimage\"},\"image\":{\"@id\":\"https:\\\/\\\/www.ronaldocorreiadebrito.com.br\\\/site2\\\/2020\\\/07\\\/voce-nao-aguenta-mais-quarentena-faca-uma-live\\\/#primaryimage\"},\"thumbnailUrl\":\"https:\\\/\\\/www.ronaldocorreiadebrito.com.br\\\/site2\\\/wp-content\\\/uploads\\\/2020\\\/07\\\/Live-Stream-768x399.jpg\",\"datePublished\":\"2020-07-05T16:07:27+00:00\",\"author\":{\"@id\":\"https:\\\/\\\/www.ronaldocorreiadebrito.com.br\\\/site2\\\/#\\\/schema\\\/person\\\/99a164d0eaaff7f78b11899bc7d5e7c9\"},\"breadcrumb\":{\"@id\":\"https:\\\/\\\/www.ronaldocorreiadebrito.com.br\\\/site2\\\/2020\\\/07\\\/voce-nao-aguenta-mais-quarentena-faca-uma-live\\\/#breadcrumb\"},\"inLanguage\":\"pt-BR\",\"potentialAction\":[{\"@type\":\"ReadAction\",\"target\":[\"https:\\\/\\\/www.ronaldocorreiadebrito.com.br\\\/site2\\\/2020\\\/07\\\/voce-nao-aguenta-mais-quarentena-faca-uma-live\\\/\"]}]},{\"@type\":\"ImageObject\",\"inLanguage\":\"pt-BR\",\"@id\":\"https:\\\/\\\/www.ronaldocorreiadebrito.com.br\\\/site2\\\/2020\\\/07\\\/voce-nao-aguenta-mais-quarentena-faca-uma-live\\\/#primaryimage\",\"url\":\"https:\\\/\\\/www.ronaldocorreiadebrito.com.br\\\/site2\\\/wp-content\\\/uploads\\\/2020\\\/07\\\/Live-Stream-768x399.jpg\",\"contentUrl\":\"https:\\\/\\\/www.ronaldocorreiadebrito.com.br\\\/site2\\\/wp-content\\\/uploads\\\/2020\\\/07\\\/Live-Stream-768x399.jpg\",\"width\":768,\"height\":399},{\"@type\":\"BreadcrumbList\",\"@id\":\"https:\\\/\\\/www.ronaldocorreiadebrito.com.br\\\/site2\\\/2020\\\/07\\\/voce-nao-aguenta-mais-quarentena-faca-uma-live\\\/#breadcrumb\",\"itemListElement\":[{\"@type\":\"ListItem\",\"position\":1,\"name\":\"In\u00edcio\",\"item\":\"https:\\\/\\\/www.ronaldocorreiadebrito.com.br\\\/site2\\\/\"},{\"@type\":\"ListItem\",\"position\":2,\"name\":\"Voc\u00ea n\u00e3o aguenta mais a quarentena? Fa\u00e7a uma live.\"}]},{\"@type\":\"WebSite\",\"@id\":\"https:\\\/\\\/www.ronaldocorreiadebrito.com.br\\\/site2\\\/#website\",\"url\":\"https:\\\/\\\/www.ronaldocorreiadebrito.com.br\\\/site2\\\/\",\"name\":\"Ronaldo Correia de Brito | site oficial\",\"description\":\"Site oficial do escritor Ronaldo Correia de Brito\",\"potentialAction\":[{\"@type\":\"SearchAction\",\"target\":{\"@type\":\"EntryPoint\",\"urlTemplate\":\"https:\\\/\\\/www.ronaldocorreiadebrito.com.br\\\/site2\\\/?s={search_term_string}\"},\"query-input\":{\"@type\":\"PropertyValueSpecification\",\"valueRequired\":true,\"valueName\":\"search_term_string\"}}],\"inLanguage\":\"pt-BR\"},{\"@type\":\"Person\",\"@id\":\"https:\\\/\\\/www.ronaldocorreiadebrito.com.br\\\/site2\\\/#\\\/schema\\\/person\\\/99a164d0eaaff7f78b11899bc7d5e7c9\",\"name\":\"admin\",\"url\":\"https:\\\/\\\/www.ronaldocorreiadebrito.com.br\\\/site2\\\/author\\\/admin\\\/\"}]}<\/script>\n<!-- \/ Yoast SEO plugin. -->","yoast_head_json":{"title":"Voc\u00ea n\u00e3o aguenta mais a quarentena? Fa\u00e7a uma live. | Ronaldo Correia de Brito | site oficial","robots":{"index":"index","follow":"follow","max-snippet":"max-snippet:-1","max-image-preview":"max-image-preview:large","max-video-preview":"max-video-preview:-1"},"canonical":"https:\/\/www.ronaldocorreiadebrito.com.br\/site2\/2020\/07\/voce-nao-aguenta-mais-quarentena-faca-uma-live\/","og_locale":"pt_BR","og_type":"article","og_title":"Voc\u00ea n\u00e3o aguenta mais a quarentena? Fa\u00e7a uma live. | Ronaldo Correia de Brito | site oficial","og_description":"Di\u00e1rio do isolamento 22 (domingo, 05 de julho) Voc\u00ea n\u00e3o aguenta mais a quarentena? Fa\u00e7a uma live. O velho enrugado parecia inquieto. Quando eu facultasse a palavra, certamente falaria. Todos queriam voz, a orienta\u00e7\u00e3o era deixar que falassem. Convers\u00e1vamos sobre a esquistossomose, formas de contrair...","og_url":"https:\/\/www.ronaldocorreiadebrito.com.br\/site2\/2020\/07\/voce-nao-aguenta-mais-quarentena-faca-uma-live\/","og_site_name":"Ronaldo Correia de Brito | site oficial","article_publisher":"https:\/\/www.facebook.com\/ronaldocorreiadebrito.oficial","article_published_time":"2020-07-05T16:07:27+00:00","og_image":[{"width":768,"height":399,"url":"https:\/\/www.ronaldocorreiadebrito.com.br\/site2\/wp-content\/uploads\/2020\/07\/Live-Stream-768x399.jpg","type":"image\/jpeg"}],"author":"admin","twitter_card":"summary_large_image","twitter_misc":{"Escrito por":"admin","Est. tempo de leitura":"3 minutos"},"schema":{"@context":"https:\/\/schema.org","@graph":[{"@type":"Article","@id":"https:\/\/www.ronaldocorreiadebrito.com.br\/site2\/2020\/07\/voce-nao-aguenta-mais-quarentena-faca-uma-live\/#article","isPartOf":{"@id":"https:\/\/www.ronaldocorreiadebrito.com.br\/site2\/2020\/07\/voce-nao-aguenta-mais-quarentena-faca-uma-live\/"},"author":{"name":"admin","@id":"https:\/\/www.ronaldocorreiadebrito.com.br\/site2\/#\/schema\/person\/99a164d0eaaff7f78b11899bc7d5e7c9"},"headline":"Voc\u00ea n\u00e3o aguenta mais a quarentena? Fa\u00e7a uma live.","datePublished":"2020-07-05T16:07:27+00:00","mainEntityOfPage":{"@id":"https:\/\/www.ronaldocorreiadebrito.com.br\/site2\/2020\/07\/voce-nao-aguenta-mais-quarentena-faca-uma-live\/"},"wordCount":648,"commentCount":0,"image":{"@id":"https:\/\/www.ronaldocorreiadebrito.com.br\/site2\/2020\/07\/voce-nao-aguenta-mais-quarentena-faca-uma-live\/#primaryimage"},"thumbnailUrl":"https:\/\/www.ronaldocorreiadebrito.com.br\/site2\/wp-content\/uploads\/2020\/07\/Live-Stream-768x399.jpg","articleSection":["Blog","Links","Slider"],"inLanguage":"pt-BR","potentialAction":[{"@type":"CommentAction","name":"Comment","target":["https:\/\/www.ronaldocorreiadebrito.com.br\/site2\/2020\/07\/voce-nao-aguenta-mais-quarentena-faca-uma-live\/#respond"]}]},{"@type":"WebPage","@id":"https:\/\/www.ronaldocorreiadebrito.com.br\/site2\/2020\/07\/voce-nao-aguenta-mais-quarentena-faca-uma-live\/","url":"https:\/\/www.ronaldocorreiadebrito.com.br\/site2\/2020\/07\/voce-nao-aguenta-mais-quarentena-faca-uma-live\/","name":"Voc\u00ea n\u00e3o aguenta mais a quarentena? Fa\u00e7a uma live. | Ronaldo Correia de Brito | site oficial","isPartOf":{"@id":"https:\/\/www.ronaldocorreiadebrito.com.br\/site2\/#website"},"primaryImageOfPage":{"@id":"https:\/\/www.ronaldocorreiadebrito.com.br\/site2\/2020\/07\/voce-nao-aguenta-mais-quarentena-faca-uma-live\/#primaryimage"},"image":{"@id":"https:\/\/www.ronaldocorreiadebrito.com.br\/site2\/2020\/07\/voce-nao-aguenta-mais-quarentena-faca-uma-live\/#primaryimage"},"thumbnailUrl":"https:\/\/www.ronaldocorreiadebrito.com.br\/site2\/wp-content\/uploads\/2020\/07\/Live-Stream-768x399.jpg","datePublished":"2020-07-05T16:07:27+00:00","author":{"@id":"https:\/\/www.ronaldocorreiadebrito.com.br\/site2\/#\/schema\/person\/99a164d0eaaff7f78b11899bc7d5e7c9"},"breadcrumb":{"@id":"https:\/\/www.ronaldocorreiadebrito.com.br\/site2\/2020\/07\/voce-nao-aguenta-mais-quarentena-faca-uma-live\/#breadcrumb"},"inLanguage":"pt-BR","potentialAction":[{"@type":"ReadAction","target":["https:\/\/www.ronaldocorreiadebrito.com.br\/site2\/2020\/07\/voce-nao-aguenta-mais-quarentena-faca-uma-live\/"]}]},{"@type":"ImageObject","inLanguage":"pt-BR","@id":"https:\/\/www.ronaldocorreiadebrito.com.br\/site2\/2020\/07\/voce-nao-aguenta-mais-quarentena-faca-uma-live\/#primaryimage","url":"https:\/\/www.ronaldocorreiadebrito.com.br\/site2\/wp-content\/uploads\/2020\/07\/Live-Stream-768x399.jpg","contentUrl":"https:\/\/www.ronaldocorreiadebrito.com.br\/site2\/wp-content\/uploads\/2020\/07\/Live-Stream-768x399.jpg","width":768,"height":399},{"@type":"BreadcrumbList","@id":"https:\/\/www.ronaldocorreiadebrito.com.br\/site2\/2020\/07\/voce-nao-aguenta-mais-quarentena-faca-uma-live\/#breadcrumb","itemListElement":[{"@type":"ListItem","position":1,"name":"In\u00edcio","item":"https:\/\/www.ronaldocorreiadebrito.com.br\/site2\/"},{"@type":"ListItem","position":2,"name":"Voc\u00ea n\u00e3o aguenta mais a quarentena? Fa\u00e7a uma live."}]},{"@type":"WebSite","@id":"https:\/\/www.ronaldocorreiadebrito.com.br\/site2\/#website","url":"https:\/\/www.ronaldocorreiadebrito.com.br\/site2\/","name":"Ronaldo Correia de Brito | site oficial","description":"Site oficial do escritor Ronaldo Correia de Brito","potentialAction":[{"@type":"SearchAction","target":{"@type":"EntryPoint","urlTemplate":"https:\/\/www.ronaldocorreiadebrito.com.br\/site2\/?s={search_term_string}"},"query-input":{"@type":"PropertyValueSpecification","valueRequired":true,"valueName":"search_term_string"}}],"inLanguage":"pt-BR"},{"@type":"Person","@id":"https:\/\/www.ronaldocorreiadebrito.com.br\/site2\/#\/schema\/person\/99a164d0eaaff7f78b11899bc7d5e7c9","name":"admin","url":"https:\/\/www.ronaldocorreiadebrito.com.br\/site2\/author\/admin\/"}]}},"wps_subtitle":"","_links":{"self":[{"href":"https:\/\/www.ronaldocorreiadebrito.com.br\/site2\/wp-json\/wp\/v2\/posts\/1351","targetHints":{"allow":["GET"]}}],"collection":[{"href":"https:\/\/www.ronaldocorreiadebrito.com.br\/site2\/wp-json\/wp\/v2\/posts"}],"about":[{"href":"https:\/\/www.ronaldocorreiadebrito.com.br\/site2\/wp-json\/wp\/v2\/types\/post"}],"author":[{"embeddable":true,"href":"https:\/\/www.ronaldocorreiadebrito.com.br\/site2\/wp-json\/wp\/v2\/users\/1"}],"replies":[{"embeddable":true,"href":"https:\/\/www.ronaldocorreiadebrito.com.br\/site2\/wp-json\/wp\/v2\/comments?post=1351"}],"version-history":[{"count":0,"href":"https:\/\/www.ronaldocorreiadebrito.com.br\/site2\/wp-json\/wp\/v2\/posts\/1351\/revisions"}],"wp:featuredmedia":[{"embeddable":true,"href":"https:\/\/www.ronaldocorreiadebrito.com.br\/site2\/wp-json\/wp\/v2\/media\/1352"}],"wp:attachment":[{"href":"https:\/\/www.ronaldocorreiadebrito.com.br\/site2\/wp-json\/wp\/v2\/media?parent=1351"}],"wp:term":[{"taxonomy":"category","embeddable":true,"href":"https:\/\/www.ronaldocorreiadebrito.com.br\/site2\/wp-json\/wp\/v2\/categories?post=1351"},{"taxonomy":"post_tag","embeddable":true,"href":"https:\/\/www.ronaldocorreiadebrito.com.br\/site2\/wp-json\/wp\/v2\/tags?post=1351"}],"curies":[{"name":"wp","href":"https:\/\/api.w.org\/{rel}","templated":true}]}}