{"id":1339,"date":"2020-06-09T11:56:49","date_gmt":"2020-06-09T14:56:49","guid":{"rendered":"http:\/\/www.ronaldocorreiadebrito.com.br\/site2\/?p=1339"},"modified":"2020-06-09T11:57:37","modified_gmt":"2020-06-09T14:57:37","slug":"somos-regionalistas","status":"publish","type":"post","link":"https:\/\/www.ronaldocorreiadebrito.com.br\/site2\/2020\/06\/somos-regionalistas\/","title":{"rendered":"Somos regionalistas?"},"content":{"rendered":"<p style=\"font-weight: 400; text-align: right;\">Di\u00e1rio do Isolamento 19<\/p>\n<p style=\"font-weight: 400; text-align: right;\">(09 de junho de 2020)<\/p>\n<p style=\"font-weight: 400;\">Somos regionalistas?<\/p>\n<p style=\"font-weight: 400;\">Por achar pertinente ao temas que venho tratando em minha p\u00e1gina, publico mais uma resposta \u00e0 entrevista concedida aos professores Andr\u00e9 Tessaro Pelinser, Let\u00edcia Malloy e Vitor Cei no \u00e2mbito do projeto\u00a0<em>Not\u00edcia da atual literatura brasileira: entrevistas<\/em>.<\/p>\n<p style=\"font-weight: 400;\"><strong>Algumas de suas obras recuperam um dos s\u00edmbolos mais duradouros e potentes da literatura brasileira, o sert\u00e3o, em torno do qual gravitam temas, imagens e personagens fundamentais para a s\u00e9rie liter\u00e1ria nacional, comumente associados \u00e0 tradi\u00e7\u00e3o regionalista. Tanto em\u00a0<em>Galileia<\/em>\u00a0(Alfaguara, 2008) quanto em\u00a0<em>Dora sem v\u00e9u\u00a0<\/em>(Alfaguara, 2018), por exemplo, temos personagens que se veem for\u00e7ados a retornar ao sert\u00e3o por motivos alheios a sua vontade, e l\u00e1 se deparam com um espa\u00e7o transformado, contradit\u00f3rio e desigual. Como voc\u00ea avalia poss\u00edveis associa\u00e7\u00f5es entre sua escrita e a tradi\u00e7\u00e3o regionalista, que nem sempre \u00e9 bem vista pela cr\u00edtica liter\u00e1ria brasileira?<\/strong><\/p>\n<p style=\"font-weight: 400;\">Resposta.<\/p>\n<p style=\"font-weight: 400;\">\u00a0\u00a0\u00a0\u00a0\u00a0\u00a0\u00a0\u00a0\u00a0 Rubens Figueiredo e eu particip\u00e1vamos de uma mesa sobre literatura brasileira, quando me fizeram a tradicional pergunta, essa que se tornou curricular para mim: Voc\u00ea se considera um escritor regionalista? Rubens pediu o microfone e afirmou ser um regionalista, jamais um universalista. Ele traduz e estuda a literatura russa, sabe que apesar da divis\u00e3o entre eslav\u00f3filos e europeizados, os escritores criavam para leitores da R\u00fassia, pensando neles. Refletiam sobre o povo russo e chegavam \u00e0s grandes quest\u00f5es do homem, sem veleidades universalistas. Convencidos como Tchekhov de que o mais importante \u00e9 transformar a vida.<\/p>\n<p style=\"font-weight: 400;\">\u00a0\u00a0\u00a0\u00a0\u00a0\u00a0\u00a0\u00a0\u00a0 No Brasil, desde o come\u00e7o do s\u00e9culo passado, havia um desejo de escrever semelhante a europeus e norte-americanos modernos. Gilberto Freyre e v\u00e1rios intelectuais criaram um movimento em oposi\u00e7\u00e3o \u00e0 Semana de Arte Moderna de 22, o Movimento Regionalista-modernista, de 1926. Da valoriza\u00e7\u00e3o da cultura regional, surgiu o romance de 30, com Graciliano Ramos, Jos\u00e9 Lins do Rego, Jos\u00e9 Am\u00e9rico de Almeida, Rachel de Queiroz, Jorge Amado e \u00c9rico Ver\u00edssimo, para citar apenas alguns.<\/p>\n<p style=\"font-weight: 400;\">Assumidamente avesso aos resultados da Semana de 22, Graciliano achava que os modernistas brasileiros confundiam o ambiente liter\u00e1rio do pa\u00eds com a Academia e tra\u00e7avam linhas divis\u00f3rias, mas arbitr\u00e1rias, entre o bom e o mau, querendo destruir tudo que ficara para tr\u00e1s, condenando por \u201cignor\u00e2ncia ou safadeza\u201d muita coisa que merecia ser salva. Com desconcertante franqueza respondeu quando lhe perguntaram se era modernista: \u201cEnquanto os rapazes de 22 promoviam seu movimentozinho, achava-me em Palmeira dos \u00cdndios, em pleno sert\u00e3o alagoano, vendendo chita no balc\u00e3o\u201d. Se o regionalismo ideado por Gilberto Freyre em rea\u00e7\u00e3o aos modernistas ajudou a polemizar a cena liter\u00e1ria brasileira, tamb\u00e9m acentuou uma linha divis\u00f3ria que j\u00e1 existia desde as capitanias heredit\u00e1rias, agravou a tend\u00eancia em separar a produ\u00e7\u00e3o intelectual do Nordeste e Sudeste.<\/p>\n<p style=\"font-weight: 400;\">Desculpem essa digress\u00e3o did\u00e1tica, mas necessito dela para responder a pergunta que me fazem. Considerem que existiram c\u00e2nones do regionalismo e do romance de 30. Passados noventa anos, n\u00e3o se escreve mais com essa linguagem, a menos que seja um caso de anacronismo. Mas se voc\u00eas consideram ter nascido, morar e viver numa regi\u00e3o e vivenciar a cultural local como regionalismo, eu me assumo regionalista. Na Feira de Frankfurt, em 2013, onde eu era o \u00fanico escritor residente no Nordeste, na comitiva do Brasil, fiquei orgulhoso em estar ao lado de Guimar\u00e3es Rosa, apresentados como escritores regionalistas.<\/p>\n<p style=\"font-weight: 400;\">A quest\u00e3o \u00e9 mais s\u00e9ria do que imaginam. O empenho de intelectuais e acad\u00eamicos de diversas \u00e1reas \u2013 soci\u00f3logos, antrop\u00f3logos, cr\u00edticos liter\u00e1rios \u2013 em folclorizar e subestimar o valor da produ\u00e7\u00e3o cultural das regi\u00f5es brasileiras, fora do eixo Sudeste, que det\u00e9m o poder econ\u00f4mico e da informa\u00e7\u00e3o, \u00e9 bastante desleal e antigo. Cabe na an\u00e1lise das causas uma leitura pol\u00edtica, por serem indissoci\u00e1veis.\u00a0 Do Rio de Janeiro vieram os comandos que reprimiram a Revolu\u00e7\u00e3o de 1817 e a Confedera\u00e7\u00e3o do Equador, movimentos republicanos emancipat\u00f3rios do Nordeste. Tamb\u00e9m do Sudeste chegaram as for\u00e7as militares que esmagaram Canudos e o Caldeir\u00e3o da Santa Cruz do Deserto, comunidades que sonhavam com um novo modelo de sociedade. Somos mesti\u00e7os de negros, \u00edndios, portugueses, judeus, s\u00edrios, libaneses, \u00e1rabes, ciganos, holandeses e de muitos outros povos, falamos o mesmo idioma brasileiro, mas temos padr\u00f5es culturais diferentes. Somos miscigenados, defendia Gilberto Freyre, contrariando o que a ci\u00eancia equivocada do s\u00e9culo XIX e in\u00edcio do s\u00e9culo XX condenou como degeneresc\u00eancia e levou muitas na\u00e7\u00f5es, inclusive o Brasil, ao del\u00edrio da eugenia.<\/p>\n<p style=\"font-weight: 400;\">Cometeram erros hist\u00f3ricos ao nos interpretarem. Sendo carioca, n\u00e3o havendo nascido no sert\u00e3o de que trata em sua obra, Euclides contribuiu para codificar o que lhe pareceu sert\u00e3o, guiando leitores e gera\u00e7\u00f5es futuras a buscarem o modelo estabelecido de semi\u00e1rido habitado por b\u00e1rbaros, sub-ra\u00e7a amea\u00e7ada de desaparecer. Este livro preconceituoso, separatista, cientificamente vencido tornou-se a cartilha em que universidades e gera\u00e7\u00f5es de leitores formaram um imagin\u00e1rio de sert\u00e3o e do homem sertanejo. O processo \u00e9 semelhante ao dos orientalistas em rela\u00e7\u00e3o ao Oriente. Da mesma maneira que o Oriente \u00e9 corrigido e penalizado por estar fora dos limites da Europa e Am\u00e9rica do Norte, o sert\u00e3o do Nordeste brasileiro sofreu por se encontrar fora dos limites da sociedade do Sudeste e Sul. Foi igualmente \u201csertanisado\u201d por acad\u00eamicos e cientistas.<\/p>\n<p style=\"font-weight: 400;\">Edward Said refere os dois aspectos do Oriente que o distinguem do Ocidente, na geografia imaginativa europeia: A Europa \u00e9 poderosa e articulada; a \u00c1sia \u00e9 derrotada e distante. A China ainda n\u00e3o havia se tornado o que \u00e9 hoje, \u00e9 bom lembrar. Vale o mesmo para Nordeste e Sudeste? Perdemos o poder econ\u00f4mico e cultural, deixamos de estabelecer regras, desde a chegada de D. Jo\u00e3o VI e sua corte ao Rio de Janeiro. J\u00e1 no s\u00e9culo XVIII tentava-se controlar as migra\u00e7\u00f5es de sertanejos do \u201cnorte\u201d para os sert\u00f5es \u201cpaulistas\u201d. Vale informar que \u201cpaulista\u201d n\u00e3o se referia aos nascidos no Estado de S\u00e3o Paulo, mas a uma legi\u00e3o de bandeirantes, criadores de gado, grileiros de terra e mineradores, que ocupavam terras em S\u00e3o Paulo, Goi\u00e1s, Paran\u00e1 e at\u00e9 territ\u00f3rios do Piau\u00ed.<\/p>\n<p style=\"font-weight: 400;\">\u00a0\u00a0\u00a0\u00a0\u00a0\u00a0\u00a0\u00a0\u00a0 N\u00e3o cabe no espa\u00e7o de uma entrevista todas as quest\u00f5es suscitadas por essa pergunta. Nem sequer desenvolvi o tema do preconceito e do racismo, visceralmente ligado \u00e0 quest\u00e3o. Semelhante a Kafka eu tamb\u00e9m poderia ter assumido o n\u00e3o lugar, o n\u00e3o pertencimento, como muitos nordestinos fazem por sobreviv\u00eancia. Mas isso seria imposs\u00edvel, em tudo o que escrevo afirmo minha geografia de nascimento, a origem, onde vivi no passado e onde escolhi morar no presente.<\/p>\n","protected":false},"excerpt":{"rendered":"<p>Di\u00e1rio do Isolamento 19 (09 de junho de 2020) Somos regionalistas? Por achar pertinente ao temas que venho tratando em minha p\u00e1gina, publico mais uma resposta \u00e0 entrevista concedida aos professores Andr\u00e9 Tessaro Pelinser, Let\u00edcia Malloy e Vitor Cei no \u00e2mbito do projeto\u00a0Not\u00edcia da atual&#8230;<\/p>\n","protected":false},"author":1,"featured_media":1340,"comment_status":"open","ping_status":"closed","sticky":false,"template":"","format":"standard","meta":{"sfsi_plus_gutenberg_text_before_share":"","sfsi_plus_gutenberg_show_text_before_share":"","sfsi_plus_gutenberg_icon_type":"","sfsi_plus_gutenberg_icon_alignemt":"","sfsi_plus_gutenburg_max_per_row":"","footnotes":""},"categories":[8,46,45],"tags":[],"class_list":["post-1339","post","type-post","status-publish","format-standard","has-post-thumbnail","hentry","category-blog","category-links","category-slider"],"yoast_head":"<!-- This site is optimized with the Yoast SEO plugin v27.4 - https:\/\/yoast.com\/product\/yoast-seo-wordpress\/ -->\n<title>Somos regionalistas? | Ronaldo Correia de Brito | site oficial<\/title>\n<meta name=\"robots\" content=\"index, follow, max-snippet:-1, max-image-preview:large, max-video-preview:-1\" \/>\n<link rel=\"canonical\" href=\"https:\/\/www.ronaldocorreiadebrito.com.br\/site2\/2020\/06\/somos-regionalistas\/\" \/>\n<meta property=\"og:locale\" content=\"pt_BR\" \/>\n<meta property=\"og:type\" content=\"article\" \/>\n<meta property=\"og:title\" content=\"Somos regionalistas? | Ronaldo Correia de Brito | site oficial\" \/>\n<meta property=\"og:description\" content=\"Di\u00e1rio do Isolamento 19 (09 de junho de 2020) Somos regionalistas? Por achar pertinente ao temas que venho tratando em minha p\u00e1gina, publico mais uma resposta \u00e0 entrevista concedida aos professores Andr\u00e9 Tessaro Pelinser, Let\u00edcia Malloy e Vitor Cei no \u00e2mbito do projeto\u00a0Not\u00edcia da atual...\" \/>\n<meta property=\"og:url\" content=\"https:\/\/www.ronaldocorreiadebrito.com.br\/site2\/2020\/06\/somos-regionalistas\/\" \/>\n<meta property=\"og:site_name\" content=\"Ronaldo Correia de Brito | site oficial\" \/>\n<meta property=\"article:publisher\" content=\"https:\/\/www.facebook.com\/ronaldocorreiadebrito.oficial\" \/>\n<meta property=\"article:published_time\" content=\"2020-06-09T14:56:49+00:00\" \/>\n<meta property=\"article:modified_time\" content=\"2020-06-09T14:57:37+00:00\" \/>\n<meta property=\"og:image\" content=\"https:\/\/www.ronaldocorreiadebrito.com.br\/site2\/wp-content\/uploads\/2020\/06\/3.jpg\" \/>\n\t<meta property=\"og:image:width\" content=\"390\" \/>\n\t<meta property=\"og:image:height\" content=\"395\" \/>\n\t<meta property=\"og:image:type\" content=\"image\/jpeg\" \/>\n<meta name=\"author\" content=\"admin\" \/>\n<meta name=\"twitter:card\" content=\"summary_large_image\" \/>\n<meta name=\"twitter:label1\" content=\"Escrito por\" \/>\n\t<meta name=\"twitter:data1\" content=\"admin\" \/>\n\t<meta name=\"twitter:label2\" content=\"Est. tempo de leitura\" \/>\n\t<meta name=\"twitter:data2\" content=\"6 minutos\" \/>\n<script type=\"application\/ld+json\" class=\"yoast-schema-graph\">{\"@context\":\"https:\\\/\\\/schema.org\",\"@graph\":[{\"@type\":\"Article\",\"@id\":\"https:\\\/\\\/www.ronaldocorreiadebrito.com.br\\\/site2\\\/2020\\\/06\\\/somos-regionalistas\\\/#article\",\"isPartOf\":{\"@id\":\"https:\\\/\\\/www.ronaldocorreiadebrito.com.br\\\/site2\\\/2020\\\/06\\\/somos-regionalistas\\\/\"},\"author\":{\"name\":\"admin\",\"@id\":\"https:\\\/\\\/www.ronaldocorreiadebrito.com.br\\\/site2\\\/#\\\/schema\\\/person\\\/99a164d0eaaff7f78b11899bc7d5e7c9\"},\"headline\":\"Somos regionalistas?\",\"datePublished\":\"2020-06-09T14:56:49+00:00\",\"dateModified\":\"2020-06-09T14:57:37+00:00\",\"mainEntityOfPage\":{\"@id\":\"https:\\\/\\\/www.ronaldocorreiadebrito.com.br\\\/site2\\\/2020\\\/06\\\/somos-regionalistas\\\/\"},\"wordCount\":1143,\"commentCount\":0,\"image\":{\"@id\":\"https:\\\/\\\/www.ronaldocorreiadebrito.com.br\\\/site2\\\/2020\\\/06\\\/somos-regionalistas\\\/#primaryimage\"},\"thumbnailUrl\":\"https:\\\/\\\/www.ronaldocorreiadebrito.com.br\\\/site2\\\/wp-content\\\/uploads\\\/2020\\\/06\\\/3.jpg\",\"articleSection\":[\"Blog\",\"Links\",\"Slider\"],\"inLanguage\":\"pt-BR\",\"potentialAction\":[{\"@type\":\"CommentAction\",\"name\":\"Comment\",\"target\":[\"https:\\\/\\\/www.ronaldocorreiadebrito.com.br\\\/site2\\\/2020\\\/06\\\/somos-regionalistas\\\/#respond\"]}]},{\"@type\":\"WebPage\",\"@id\":\"https:\\\/\\\/www.ronaldocorreiadebrito.com.br\\\/site2\\\/2020\\\/06\\\/somos-regionalistas\\\/\",\"url\":\"https:\\\/\\\/www.ronaldocorreiadebrito.com.br\\\/site2\\\/2020\\\/06\\\/somos-regionalistas\\\/\",\"name\":\"Somos regionalistas? | Ronaldo Correia de Brito | site oficial\",\"isPartOf\":{\"@id\":\"https:\\\/\\\/www.ronaldocorreiadebrito.com.br\\\/site2\\\/#website\"},\"primaryImageOfPage\":{\"@id\":\"https:\\\/\\\/www.ronaldocorreiadebrito.com.br\\\/site2\\\/2020\\\/06\\\/somos-regionalistas\\\/#primaryimage\"},\"image\":{\"@id\":\"https:\\\/\\\/www.ronaldocorreiadebrito.com.br\\\/site2\\\/2020\\\/06\\\/somos-regionalistas\\\/#primaryimage\"},\"thumbnailUrl\":\"https:\\\/\\\/www.ronaldocorreiadebrito.com.br\\\/site2\\\/wp-content\\\/uploads\\\/2020\\\/06\\\/3.jpg\",\"datePublished\":\"2020-06-09T14:56:49+00:00\",\"dateModified\":\"2020-06-09T14:57:37+00:00\",\"author\":{\"@id\":\"https:\\\/\\\/www.ronaldocorreiadebrito.com.br\\\/site2\\\/#\\\/schema\\\/person\\\/99a164d0eaaff7f78b11899bc7d5e7c9\"},\"breadcrumb\":{\"@id\":\"https:\\\/\\\/www.ronaldocorreiadebrito.com.br\\\/site2\\\/2020\\\/06\\\/somos-regionalistas\\\/#breadcrumb\"},\"inLanguage\":\"pt-BR\",\"potentialAction\":[{\"@type\":\"ReadAction\",\"target\":[\"https:\\\/\\\/www.ronaldocorreiadebrito.com.br\\\/site2\\\/2020\\\/06\\\/somos-regionalistas\\\/\"]}]},{\"@type\":\"ImageObject\",\"inLanguage\":\"pt-BR\",\"@id\":\"https:\\\/\\\/www.ronaldocorreiadebrito.com.br\\\/site2\\\/2020\\\/06\\\/somos-regionalistas\\\/#primaryimage\",\"url\":\"https:\\\/\\\/www.ronaldocorreiadebrito.com.br\\\/site2\\\/wp-content\\\/uploads\\\/2020\\\/06\\\/3.jpg\",\"contentUrl\":\"https:\\\/\\\/www.ronaldocorreiadebrito.com.br\\\/site2\\\/wp-content\\\/uploads\\\/2020\\\/06\\\/3.jpg\",\"width\":390,\"height\":395},{\"@type\":\"BreadcrumbList\",\"@id\":\"https:\\\/\\\/www.ronaldocorreiadebrito.com.br\\\/site2\\\/2020\\\/06\\\/somos-regionalistas\\\/#breadcrumb\",\"itemListElement\":[{\"@type\":\"ListItem\",\"position\":1,\"name\":\"In\u00edcio\",\"item\":\"https:\\\/\\\/www.ronaldocorreiadebrito.com.br\\\/site2\\\/\"},{\"@type\":\"ListItem\",\"position\":2,\"name\":\"Somos regionalistas?\"}]},{\"@type\":\"WebSite\",\"@id\":\"https:\\\/\\\/www.ronaldocorreiadebrito.com.br\\\/site2\\\/#website\",\"url\":\"https:\\\/\\\/www.ronaldocorreiadebrito.com.br\\\/site2\\\/\",\"name\":\"Ronaldo Correia de Brito | site oficial\",\"description\":\"Site oficial do escritor Ronaldo Correia de Brito\",\"potentialAction\":[{\"@type\":\"SearchAction\",\"target\":{\"@type\":\"EntryPoint\",\"urlTemplate\":\"https:\\\/\\\/www.ronaldocorreiadebrito.com.br\\\/site2\\\/?s={search_term_string}\"},\"query-input\":{\"@type\":\"PropertyValueSpecification\",\"valueRequired\":true,\"valueName\":\"search_term_string\"}}],\"inLanguage\":\"pt-BR\"},{\"@type\":\"Person\",\"@id\":\"https:\\\/\\\/www.ronaldocorreiadebrito.com.br\\\/site2\\\/#\\\/schema\\\/person\\\/99a164d0eaaff7f78b11899bc7d5e7c9\",\"name\":\"admin\",\"url\":\"https:\\\/\\\/www.ronaldocorreiadebrito.com.br\\\/site2\\\/author\\\/admin\\\/\"}]}<\/script>\n<!-- \/ Yoast SEO plugin. -->","yoast_head_json":{"title":"Somos regionalistas? | Ronaldo Correia de Brito | site oficial","robots":{"index":"index","follow":"follow","max-snippet":"max-snippet:-1","max-image-preview":"max-image-preview:large","max-video-preview":"max-video-preview:-1"},"canonical":"https:\/\/www.ronaldocorreiadebrito.com.br\/site2\/2020\/06\/somos-regionalistas\/","og_locale":"pt_BR","og_type":"article","og_title":"Somos regionalistas? | Ronaldo Correia de Brito | site oficial","og_description":"Di\u00e1rio do Isolamento 19 (09 de junho de 2020) Somos regionalistas? Por achar pertinente ao temas que venho tratando em minha p\u00e1gina, publico mais uma resposta \u00e0 entrevista concedida aos professores Andr\u00e9 Tessaro Pelinser, Let\u00edcia Malloy e Vitor Cei no \u00e2mbito do projeto\u00a0Not\u00edcia da atual...","og_url":"https:\/\/www.ronaldocorreiadebrito.com.br\/site2\/2020\/06\/somos-regionalistas\/","og_site_name":"Ronaldo Correia de Brito | site oficial","article_publisher":"https:\/\/www.facebook.com\/ronaldocorreiadebrito.oficial","article_published_time":"2020-06-09T14:56:49+00:00","article_modified_time":"2020-06-09T14:57:37+00:00","og_image":[{"width":390,"height":395,"url":"https:\/\/www.ronaldocorreiadebrito.com.br\/site2\/wp-content\/uploads\/2020\/06\/3.jpg","type":"image\/jpeg"}],"author":"admin","twitter_card":"summary_large_image","twitter_misc":{"Escrito por":"admin","Est. tempo de leitura":"6 minutos"},"schema":{"@context":"https:\/\/schema.org","@graph":[{"@type":"Article","@id":"https:\/\/www.ronaldocorreiadebrito.com.br\/site2\/2020\/06\/somos-regionalistas\/#article","isPartOf":{"@id":"https:\/\/www.ronaldocorreiadebrito.com.br\/site2\/2020\/06\/somos-regionalistas\/"},"author":{"name":"admin","@id":"https:\/\/www.ronaldocorreiadebrito.com.br\/site2\/#\/schema\/person\/99a164d0eaaff7f78b11899bc7d5e7c9"},"headline":"Somos regionalistas?","datePublished":"2020-06-09T14:56:49+00:00","dateModified":"2020-06-09T14:57:37+00:00","mainEntityOfPage":{"@id":"https:\/\/www.ronaldocorreiadebrito.com.br\/site2\/2020\/06\/somos-regionalistas\/"},"wordCount":1143,"commentCount":0,"image":{"@id":"https:\/\/www.ronaldocorreiadebrito.com.br\/site2\/2020\/06\/somos-regionalistas\/#primaryimage"},"thumbnailUrl":"https:\/\/www.ronaldocorreiadebrito.com.br\/site2\/wp-content\/uploads\/2020\/06\/3.jpg","articleSection":["Blog","Links","Slider"],"inLanguage":"pt-BR","potentialAction":[{"@type":"CommentAction","name":"Comment","target":["https:\/\/www.ronaldocorreiadebrito.com.br\/site2\/2020\/06\/somos-regionalistas\/#respond"]}]},{"@type":"WebPage","@id":"https:\/\/www.ronaldocorreiadebrito.com.br\/site2\/2020\/06\/somos-regionalistas\/","url":"https:\/\/www.ronaldocorreiadebrito.com.br\/site2\/2020\/06\/somos-regionalistas\/","name":"Somos regionalistas? | Ronaldo Correia de Brito | site oficial","isPartOf":{"@id":"https:\/\/www.ronaldocorreiadebrito.com.br\/site2\/#website"},"primaryImageOfPage":{"@id":"https:\/\/www.ronaldocorreiadebrito.com.br\/site2\/2020\/06\/somos-regionalistas\/#primaryimage"},"image":{"@id":"https:\/\/www.ronaldocorreiadebrito.com.br\/site2\/2020\/06\/somos-regionalistas\/#primaryimage"},"thumbnailUrl":"https:\/\/www.ronaldocorreiadebrito.com.br\/site2\/wp-content\/uploads\/2020\/06\/3.jpg","datePublished":"2020-06-09T14:56:49+00:00","dateModified":"2020-06-09T14:57:37+00:00","author":{"@id":"https:\/\/www.ronaldocorreiadebrito.com.br\/site2\/#\/schema\/person\/99a164d0eaaff7f78b11899bc7d5e7c9"},"breadcrumb":{"@id":"https:\/\/www.ronaldocorreiadebrito.com.br\/site2\/2020\/06\/somos-regionalistas\/#breadcrumb"},"inLanguage":"pt-BR","potentialAction":[{"@type":"ReadAction","target":["https:\/\/www.ronaldocorreiadebrito.com.br\/site2\/2020\/06\/somos-regionalistas\/"]}]},{"@type":"ImageObject","inLanguage":"pt-BR","@id":"https:\/\/www.ronaldocorreiadebrito.com.br\/site2\/2020\/06\/somos-regionalistas\/#primaryimage","url":"https:\/\/www.ronaldocorreiadebrito.com.br\/site2\/wp-content\/uploads\/2020\/06\/3.jpg","contentUrl":"https:\/\/www.ronaldocorreiadebrito.com.br\/site2\/wp-content\/uploads\/2020\/06\/3.jpg","width":390,"height":395},{"@type":"BreadcrumbList","@id":"https:\/\/www.ronaldocorreiadebrito.com.br\/site2\/2020\/06\/somos-regionalistas\/#breadcrumb","itemListElement":[{"@type":"ListItem","position":1,"name":"In\u00edcio","item":"https:\/\/www.ronaldocorreiadebrito.com.br\/site2\/"},{"@type":"ListItem","position":2,"name":"Somos regionalistas?"}]},{"@type":"WebSite","@id":"https:\/\/www.ronaldocorreiadebrito.com.br\/site2\/#website","url":"https:\/\/www.ronaldocorreiadebrito.com.br\/site2\/","name":"Ronaldo Correia de Brito | site oficial","description":"Site oficial do escritor Ronaldo Correia de Brito","potentialAction":[{"@type":"SearchAction","target":{"@type":"EntryPoint","urlTemplate":"https:\/\/www.ronaldocorreiadebrito.com.br\/site2\/?s={search_term_string}"},"query-input":{"@type":"PropertyValueSpecification","valueRequired":true,"valueName":"search_term_string"}}],"inLanguage":"pt-BR"},{"@type":"Person","@id":"https:\/\/www.ronaldocorreiadebrito.com.br\/site2\/#\/schema\/person\/99a164d0eaaff7f78b11899bc7d5e7c9","name":"admin","url":"https:\/\/www.ronaldocorreiadebrito.com.br\/site2\/author\/admin\/"}]}},"wps_subtitle":"","_links":{"self":[{"href":"https:\/\/www.ronaldocorreiadebrito.com.br\/site2\/wp-json\/wp\/v2\/posts\/1339","targetHints":{"allow":["GET"]}}],"collection":[{"href":"https:\/\/www.ronaldocorreiadebrito.com.br\/site2\/wp-json\/wp\/v2\/posts"}],"about":[{"href":"https:\/\/www.ronaldocorreiadebrito.com.br\/site2\/wp-json\/wp\/v2\/types\/post"}],"author":[{"embeddable":true,"href":"https:\/\/www.ronaldocorreiadebrito.com.br\/site2\/wp-json\/wp\/v2\/users\/1"}],"replies":[{"embeddable":true,"href":"https:\/\/www.ronaldocorreiadebrito.com.br\/site2\/wp-json\/wp\/v2\/comments?post=1339"}],"version-history":[{"count":0,"href":"https:\/\/www.ronaldocorreiadebrito.com.br\/site2\/wp-json\/wp\/v2\/posts\/1339\/revisions"}],"wp:featuredmedia":[{"embeddable":true,"href":"https:\/\/www.ronaldocorreiadebrito.com.br\/site2\/wp-json\/wp\/v2\/media\/1340"}],"wp:attachment":[{"href":"https:\/\/www.ronaldocorreiadebrito.com.br\/site2\/wp-json\/wp\/v2\/media?parent=1339"}],"wp:term":[{"taxonomy":"category","embeddable":true,"href":"https:\/\/www.ronaldocorreiadebrito.com.br\/site2\/wp-json\/wp\/v2\/categories?post=1339"},{"taxonomy":"post_tag","embeddable":true,"href":"https:\/\/www.ronaldocorreiadebrito.com.br\/site2\/wp-json\/wp\/v2\/tags?post=1339"}],"curies":[{"name":"wp","href":"https:\/\/api.w.org\/{rel}","templated":true}]}}