{"id":1332,"date":"2020-06-02T11:27:09","date_gmt":"2020-06-02T14:27:09","guid":{"rendered":"http:\/\/www.ronaldocorreiadebrito.com.br\/site2\/?p=1332"},"modified":"2020-06-02T11:27:09","modified_gmt":"2020-06-02T14:27:09","slug":"diario-do-isolamento-19","status":"publish","type":"post","link":"https:\/\/www.ronaldocorreiadebrito.com.br\/site2\/2020\/06\/diario-do-isolamento-19\/","title":{"rendered":"Di\u00e1rio do isolamento 19"},"content":{"rendered":"<p style=\"font-weight: 400;\">Di\u00e1rio do isolamento 19<\/p>\n<p style=\"font-weight: 400;\">(ter\u00e7a-feira, 02 de junho)<\/p>\n<p style=\"font-weight: 400;\">Respondo perguntas<\/p>\n<p style=\"font-weight: 400;\">Durante a quarentena, me ocupo com diversos afazeres, al\u00e9m dos exaustivos trabalhos dom\u00e9sticos. Respondo uma entrevista sobre a atual literatura brasileira,\u00a0aos professores Andr\u00e9 Tessaro Pelinser, Let\u00edcia Malloy e Vitor Cei.<\/p>\n<p style=\"font-weight: 400;\">\n<p style=\"font-weight: 400;\"><strong>De acordo com a biografia publicada em seu site, seu percurso liter\u00e1rio teve in\u00edcio em 1970, com a leitura de um esbo\u00e7o do conto \u201cLua Cambar\u00e1\u201d a um grupo de amigos. Nas d\u00e9cadas seguintes, voc\u00ea transitou por outras linguagens art\u00edsticas, como o cinema, o teatro e a m\u00fasica, antes de publicar seu primeiro livro de contos, em 1987. Houve um momento inaugural ou o caminho se fez gradualmente? Em que momento da vida voc\u00ea se percebeu um escritor?<\/strong><\/p>\n<p style=\"font-weight: 400;\">\n<p style=\"font-weight: 400;\">Resposta:<\/p>\n<p style=\"font-weight: 400;\">Voc\u00eas prop\u00f5em que eu fale do meu processo de escrita, coisa de que n\u00e3o se falava muito, no passado. Agora, as pessoas publicam um livro e d\u00e3o confer\u00eancias sobre t\u00e9cnica liter\u00e1ria e at\u00e9 ministram oficinas de escrita criativa. Lembro o ensaio de Deleuse \u201cA literatura e a vida\u201d: Acontece de felicitarem um escritor, mas ele sabe que est\u00e1 longe de ter atingido o limite que se prop\u00f5e&#8230; Escrever \u00e9 tamb\u00e9m tornar-se outra coisa que n\u00e3o escritor.\u201d<\/p>\n<p style=\"font-weight: 400;\">Eu tinha experimentado o teatro, quando era adolescente e ainda morava no Crato, Cear\u00e1. Escrevia mon\u00f3logos, di\u00e1logos e cr\u00f4nicas para as festas do col\u00e9gio. Adaptei\u00a0<em>Vidas secas<\/em>, de Graciliano Ramos, \u00e0 cena, em parceria com o colega Assis Lima. Foi um desastre.<\/p>\n<p style=\"font-weight: 400;\">Considero o exerc\u00edcio de escrever cartas, reda\u00e7\u00f5es e discursos por encomenda o meu in\u00edcio. Sobretudo as cartas, pois eu precisava ouvir longos relatos de vida e depois pass\u00e1-los ao papel. Substitu\u00ed minha m\u00e3e, uma professora prim\u00e1ria, nesse of\u00edcio. Ela era bondosa, ajudava as pessoas humildes e analfabetas escrevendo folhas e folhas de papel aos parentes distantes, maridos, noivos, filhos, pais ou irm\u00e3os. Gastava-se tempo nessa miss\u00e3o. Mam\u00e3e tornou-se cada dia mais ocupada e pediu que eu assumisse o lugar dela. As pessoas, quase sempre mulheres, sentavam em um lado da mesa, eu me sentava no outro, ouvia e anotava. Assim, aos dez anos, aprendi que se deve ouvir as pessoas com aten\u00e7\u00e3o, olh\u00e1-las e, em seguida, dar forma ao que se ouviu.<\/p>\n<p style=\"font-weight: 400;\">Desse aprendizado, evolu\u00ed no gosto pela medicina, que consiste em ouvir, olhar e tocar o paciente, a antiga li\u00e7\u00e3o de Hip\u00f3crates, esquecida em tempos de alta tecnologia. Os pacientes tornaram-se meus narradores. Em enfermarias ou consult\u00f3rios, n\u00e3o passava um dia sem escutar dramas, trag\u00e9dias ou com\u00e9dias, anotadas em prontu\u00e1rios e nas agendas de bolso.<\/p>\n<p style=\"font-weight: 400;\">Mas o conto \u201cLua Cambar\u00e1\u201d, que foi adaptado para o cinema, o teatro, a m\u00fasica e a dan\u00e7a, e me aproximou de Davi Arrigucci Jr, baseia-se numa lenda da regi\u00e3o dos Inhamuns, onde nasci. Meu pai costumava cont\u00e1-la para mim. Esta e muitas outras hist\u00f3rias.<\/p>\n","protected":false},"excerpt":{"rendered":"<p>Di\u00e1rio do isolamento 19 (ter\u00e7a-feira, 02 de junho) Respondo perguntas Durante a quarentena, me ocupo com diversos afazeres, al\u00e9m dos exaustivos trabalhos dom\u00e9sticos. Respondo uma entrevista sobre a atual literatura brasileira,\u00a0aos professores Andr\u00e9 Tessaro Pelinser, Let\u00edcia Malloy e Vitor Cei. De acordo com a biografia&#8230;<\/p>\n","protected":false},"author":1,"featured_media":1333,"comment_status":"open","ping_status":"closed","sticky":false,"template":"","format":"standard","meta":{"sfsi_plus_gutenberg_text_before_share":"","sfsi_plus_gutenberg_show_text_before_share":"","sfsi_plus_gutenberg_icon_type":"","sfsi_plus_gutenberg_icon_alignemt":"","sfsi_plus_gutenburg_max_per_row":"","footnotes":""},"categories":[8,46,45],"tags":[],"class_list":["post-1332","post","type-post","status-publish","format-standard","has-post-thumbnail","hentry","category-blog","category-links","category-slider"],"yoast_head":"<!-- This site is optimized with the Yoast SEO plugin v27.4 - https:\/\/yoast.com\/product\/yoast-seo-wordpress\/ -->\n<title>Di\u00e1rio do isolamento 19 | Ronaldo Correia de Brito | site oficial<\/title>\n<meta name=\"robots\" content=\"index, follow, max-snippet:-1, max-image-preview:large, max-video-preview:-1\" \/>\n<link rel=\"canonical\" href=\"https:\/\/www.ronaldocorreiadebrito.com.br\/site2\/2020\/06\/diario-do-isolamento-19\/\" \/>\n<meta property=\"og:locale\" content=\"pt_BR\" \/>\n<meta property=\"og:type\" content=\"article\" \/>\n<meta property=\"og:title\" content=\"Di\u00e1rio do isolamento 19 | Ronaldo Correia de Brito | site oficial\" \/>\n<meta property=\"og:description\" content=\"Di\u00e1rio do isolamento 19 (ter\u00e7a-feira, 02 de junho) Respondo perguntas Durante a quarentena, me ocupo com diversos afazeres, al\u00e9m dos exaustivos trabalhos dom\u00e9sticos. Respondo uma entrevista sobre a atual literatura brasileira,\u00a0aos professores Andr\u00e9 Tessaro Pelinser, Let\u00edcia Malloy e Vitor Cei. De acordo com a biografia...\" \/>\n<meta property=\"og:url\" content=\"https:\/\/www.ronaldocorreiadebrito.com.br\/site2\/2020\/06\/diario-do-isolamento-19\/\" \/>\n<meta property=\"og:site_name\" content=\"Ronaldo Correia de Brito | site oficial\" \/>\n<meta property=\"article:publisher\" content=\"https:\/\/www.facebook.com\/ronaldocorreiadebrito.oficial\" \/>\n<meta property=\"article:published_time\" content=\"2020-06-02T14:27:09+00:00\" \/>\n<meta property=\"og:image\" content=\"https:\/\/www.ronaldocorreiadebrito.com.br\/site2\/wp-content\/uploads\/2020\/06\/RCB.jpg\" \/>\n\t<meta property=\"og:image:width\" content=\"700\" \/>\n\t<meta property=\"og:image:height\" content=\"433\" \/>\n\t<meta property=\"og:image:type\" content=\"image\/jpeg\" \/>\n<meta name=\"author\" content=\"admin\" \/>\n<meta name=\"twitter:card\" content=\"summary_large_image\" \/>\n<meta name=\"twitter:label1\" content=\"Escrito por\" \/>\n\t<meta name=\"twitter:data1\" content=\"admin\" \/>\n\t<meta name=\"twitter:label2\" content=\"Est. tempo de leitura\" \/>\n\t<meta name=\"twitter:data2\" content=\"3 minutos\" \/>\n<script type=\"application\/ld+json\" class=\"yoast-schema-graph\">{\"@context\":\"https:\\\/\\\/schema.org\",\"@graph\":[{\"@type\":\"Article\",\"@id\":\"https:\\\/\\\/www.ronaldocorreiadebrito.com.br\\\/site2\\\/2020\\\/06\\\/diario-do-isolamento-19\\\/#article\",\"isPartOf\":{\"@id\":\"https:\\\/\\\/www.ronaldocorreiadebrito.com.br\\\/site2\\\/2020\\\/06\\\/diario-do-isolamento-19\\\/\"},\"author\":{\"name\":\"admin\",\"@id\":\"https:\\\/\\\/www.ronaldocorreiadebrito.com.br\\\/site2\\\/#\\\/schema\\\/person\\\/99a164d0eaaff7f78b11899bc7d5e7c9\"},\"headline\":\"Di\u00e1rio do isolamento 19\",\"datePublished\":\"2020-06-02T14:27:09+00:00\",\"mainEntityOfPage\":{\"@id\":\"https:\\\/\\\/www.ronaldocorreiadebrito.com.br\\\/site2\\\/2020\\\/06\\\/diario-do-isolamento-19\\\/\"},\"wordCount\":506,\"commentCount\":0,\"image\":{\"@id\":\"https:\\\/\\\/www.ronaldocorreiadebrito.com.br\\\/site2\\\/2020\\\/06\\\/diario-do-isolamento-19\\\/#primaryimage\"},\"thumbnailUrl\":\"https:\\\/\\\/www.ronaldocorreiadebrito.com.br\\\/site2\\\/wp-content\\\/uploads\\\/2020\\\/06\\\/RCB.jpg\",\"articleSection\":[\"Blog\",\"Links\",\"Slider\"],\"inLanguage\":\"pt-BR\",\"potentialAction\":[{\"@type\":\"CommentAction\",\"name\":\"Comment\",\"target\":[\"https:\\\/\\\/www.ronaldocorreiadebrito.com.br\\\/site2\\\/2020\\\/06\\\/diario-do-isolamento-19\\\/#respond\"]}]},{\"@type\":\"WebPage\",\"@id\":\"https:\\\/\\\/www.ronaldocorreiadebrito.com.br\\\/site2\\\/2020\\\/06\\\/diario-do-isolamento-19\\\/\",\"url\":\"https:\\\/\\\/www.ronaldocorreiadebrito.com.br\\\/site2\\\/2020\\\/06\\\/diario-do-isolamento-19\\\/\",\"name\":\"Di\u00e1rio do isolamento 19 | Ronaldo Correia de Brito | site oficial\",\"isPartOf\":{\"@id\":\"https:\\\/\\\/www.ronaldocorreiadebrito.com.br\\\/site2\\\/#website\"},\"primaryImageOfPage\":{\"@id\":\"https:\\\/\\\/www.ronaldocorreiadebrito.com.br\\\/site2\\\/2020\\\/06\\\/diario-do-isolamento-19\\\/#primaryimage\"},\"image\":{\"@id\":\"https:\\\/\\\/www.ronaldocorreiadebrito.com.br\\\/site2\\\/2020\\\/06\\\/diario-do-isolamento-19\\\/#primaryimage\"},\"thumbnailUrl\":\"https:\\\/\\\/www.ronaldocorreiadebrito.com.br\\\/site2\\\/wp-content\\\/uploads\\\/2020\\\/06\\\/RCB.jpg\",\"datePublished\":\"2020-06-02T14:27:09+00:00\",\"author\":{\"@id\":\"https:\\\/\\\/www.ronaldocorreiadebrito.com.br\\\/site2\\\/#\\\/schema\\\/person\\\/99a164d0eaaff7f78b11899bc7d5e7c9\"},\"breadcrumb\":{\"@id\":\"https:\\\/\\\/www.ronaldocorreiadebrito.com.br\\\/site2\\\/2020\\\/06\\\/diario-do-isolamento-19\\\/#breadcrumb\"},\"inLanguage\":\"pt-BR\",\"potentialAction\":[{\"@type\":\"ReadAction\",\"target\":[\"https:\\\/\\\/www.ronaldocorreiadebrito.com.br\\\/site2\\\/2020\\\/06\\\/diario-do-isolamento-19\\\/\"]}]},{\"@type\":\"ImageObject\",\"inLanguage\":\"pt-BR\",\"@id\":\"https:\\\/\\\/www.ronaldocorreiadebrito.com.br\\\/site2\\\/2020\\\/06\\\/diario-do-isolamento-19\\\/#primaryimage\",\"url\":\"https:\\\/\\\/www.ronaldocorreiadebrito.com.br\\\/site2\\\/wp-content\\\/uploads\\\/2020\\\/06\\\/RCB.jpg\",\"contentUrl\":\"https:\\\/\\\/www.ronaldocorreiadebrito.com.br\\\/site2\\\/wp-content\\\/uploads\\\/2020\\\/06\\\/RCB.jpg\",\"width\":700,\"height\":433},{\"@type\":\"BreadcrumbList\",\"@id\":\"https:\\\/\\\/www.ronaldocorreiadebrito.com.br\\\/site2\\\/2020\\\/06\\\/diario-do-isolamento-19\\\/#breadcrumb\",\"itemListElement\":[{\"@type\":\"ListItem\",\"position\":1,\"name\":\"In\u00edcio\",\"item\":\"https:\\\/\\\/www.ronaldocorreiadebrito.com.br\\\/site2\\\/\"},{\"@type\":\"ListItem\",\"position\":2,\"name\":\"Di\u00e1rio do isolamento 19\"}]},{\"@type\":\"WebSite\",\"@id\":\"https:\\\/\\\/www.ronaldocorreiadebrito.com.br\\\/site2\\\/#website\",\"url\":\"https:\\\/\\\/www.ronaldocorreiadebrito.com.br\\\/site2\\\/\",\"name\":\"Ronaldo Correia de Brito | site oficial\",\"description\":\"Site oficial do escritor Ronaldo Correia de Brito\",\"potentialAction\":[{\"@type\":\"SearchAction\",\"target\":{\"@type\":\"EntryPoint\",\"urlTemplate\":\"https:\\\/\\\/www.ronaldocorreiadebrito.com.br\\\/site2\\\/?s={search_term_string}\"},\"query-input\":{\"@type\":\"PropertyValueSpecification\",\"valueRequired\":true,\"valueName\":\"search_term_string\"}}],\"inLanguage\":\"pt-BR\"},{\"@type\":\"Person\",\"@id\":\"https:\\\/\\\/www.ronaldocorreiadebrito.com.br\\\/site2\\\/#\\\/schema\\\/person\\\/99a164d0eaaff7f78b11899bc7d5e7c9\",\"name\":\"admin\",\"url\":\"https:\\\/\\\/www.ronaldocorreiadebrito.com.br\\\/site2\\\/author\\\/admin\\\/\"}]}<\/script>\n<!-- \/ Yoast SEO plugin. -->","yoast_head_json":{"title":"Di\u00e1rio do isolamento 19 | Ronaldo Correia de Brito | site oficial","robots":{"index":"index","follow":"follow","max-snippet":"max-snippet:-1","max-image-preview":"max-image-preview:large","max-video-preview":"max-video-preview:-1"},"canonical":"https:\/\/www.ronaldocorreiadebrito.com.br\/site2\/2020\/06\/diario-do-isolamento-19\/","og_locale":"pt_BR","og_type":"article","og_title":"Di\u00e1rio do isolamento 19 | Ronaldo Correia de Brito | site oficial","og_description":"Di\u00e1rio do isolamento 19 (ter\u00e7a-feira, 02 de junho) Respondo perguntas Durante a quarentena, me ocupo com diversos afazeres, al\u00e9m dos exaustivos trabalhos dom\u00e9sticos. Respondo uma entrevista sobre a atual literatura brasileira,\u00a0aos professores Andr\u00e9 Tessaro Pelinser, Let\u00edcia Malloy e Vitor Cei. De acordo com a biografia...","og_url":"https:\/\/www.ronaldocorreiadebrito.com.br\/site2\/2020\/06\/diario-do-isolamento-19\/","og_site_name":"Ronaldo Correia de Brito | site oficial","article_publisher":"https:\/\/www.facebook.com\/ronaldocorreiadebrito.oficial","article_published_time":"2020-06-02T14:27:09+00:00","og_image":[{"width":700,"height":433,"url":"https:\/\/www.ronaldocorreiadebrito.com.br\/site2\/wp-content\/uploads\/2020\/06\/RCB.jpg","type":"image\/jpeg"}],"author":"admin","twitter_card":"summary_large_image","twitter_misc":{"Escrito por":"admin","Est. tempo de leitura":"3 minutos"},"schema":{"@context":"https:\/\/schema.org","@graph":[{"@type":"Article","@id":"https:\/\/www.ronaldocorreiadebrito.com.br\/site2\/2020\/06\/diario-do-isolamento-19\/#article","isPartOf":{"@id":"https:\/\/www.ronaldocorreiadebrito.com.br\/site2\/2020\/06\/diario-do-isolamento-19\/"},"author":{"name":"admin","@id":"https:\/\/www.ronaldocorreiadebrito.com.br\/site2\/#\/schema\/person\/99a164d0eaaff7f78b11899bc7d5e7c9"},"headline":"Di\u00e1rio do isolamento 19","datePublished":"2020-06-02T14:27:09+00:00","mainEntityOfPage":{"@id":"https:\/\/www.ronaldocorreiadebrito.com.br\/site2\/2020\/06\/diario-do-isolamento-19\/"},"wordCount":506,"commentCount":0,"image":{"@id":"https:\/\/www.ronaldocorreiadebrito.com.br\/site2\/2020\/06\/diario-do-isolamento-19\/#primaryimage"},"thumbnailUrl":"https:\/\/www.ronaldocorreiadebrito.com.br\/site2\/wp-content\/uploads\/2020\/06\/RCB.jpg","articleSection":["Blog","Links","Slider"],"inLanguage":"pt-BR","potentialAction":[{"@type":"CommentAction","name":"Comment","target":["https:\/\/www.ronaldocorreiadebrito.com.br\/site2\/2020\/06\/diario-do-isolamento-19\/#respond"]}]},{"@type":"WebPage","@id":"https:\/\/www.ronaldocorreiadebrito.com.br\/site2\/2020\/06\/diario-do-isolamento-19\/","url":"https:\/\/www.ronaldocorreiadebrito.com.br\/site2\/2020\/06\/diario-do-isolamento-19\/","name":"Di\u00e1rio do isolamento 19 | Ronaldo Correia de Brito | site oficial","isPartOf":{"@id":"https:\/\/www.ronaldocorreiadebrito.com.br\/site2\/#website"},"primaryImageOfPage":{"@id":"https:\/\/www.ronaldocorreiadebrito.com.br\/site2\/2020\/06\/diario-do-isolamento-19\/#primaryimage"},"image":{"@id":"https:\/\/www.ronaldocorreiadebrito.com.br\/site2\/2020\/06\/diario-do-isolamento-19\/#primaryimage"},"thumbnailUrl":"https:\/\/www.ronaldocorreiadebrito.com.br\/site2\/wp-content\/uploads\/2020\/06\/RCB.jpg","datePublished":"2020-06-02T14:27:09+00:00","author":{"@id":"https:\/\/www.ronaldocorreiadebrito.com.br\/site2\/#\/schema\/person\/99a164d0eaaff7f78b11899bc7d5e7c9"},"breadcrumb":{"@id":"https:\/\/www.ronaldocorreiadebrito.com.br\/site2\/2020\/06\/diario-do-isolamento-19\/#breadcrumb"},"inLanguage":"pt-BR","potentialAction":[{"@type":"ReadAction","target":["https:\/\/www.ronaldocorreiadebrito.com.br\/site2\/2020\/06\/diario-do-isolamento-19\/"]}]},{"@type":"ImageObject","inLanguage":"pt-BR","@id":"https:\/\/www.ronaldocorreiadebrito.com.br\/site2\/2020\/06\/diario-do-isolamento-19\/#primaryimage","url":"https:\/\/www.ronaldocorreiadebrito.com.br\/site2\/wp-content\/uploads\/2020\/06\/RCB.jpg","contentUrl":"https:\/\/www.ronaldocorreiadebrito.com.br\/site2\/wp-content\/uploads\/2020\/06\/RCB.jpg","width":700,"height":433},{"@type":"BreadcrumbList","@id":"https:\/\/www.ronaldocorreiadebrito.com.br\/site2\/2020\/06\/diario-do-isolamento-19\/#breadcrumb","itemListElement":[{"@type":"ListItem","position":1,"name":"In\u00edcio","item":"https:\/\/www.ronaldocorreiadebrito.com.br\/site2\/"},{"@type":"ListItem","position":2,"name":"Di\u00e1rio do isolamento 19"}]},{"@type":"WebSite","@id":"https:\/\/www.ronaldocorreiadebrito.com.br\/site2\/#website","url":"https:\/\/www.ronaldocorreiadebrito.com.br\/site2\/","name":"Ronaldo Correia de Brito | site oficial","description":"Site oficial do escritor Ronaldo Correia de Brito","potentialAction":[{"@type":"SearchAction","target":{"@type":"EntryPoint","urlTemplate":"https:\/\/www.ronaldocorreiadebrito.com.br\/site2\/?s={search_term_string}"},"query-input":{"@type":"PropertyValueSpecification","valueRequired":true,"valueName":"search_term_string"}}],"inLanguage":"pt-BR"},{"@type":"Person","@id":"https:\/\/www.ronaldocorreiadebrito.com.br\/site2\/#\/schema\/person\/99a164d0eaaff7f78b11899bc7d5e7c9","name":"admin","url":"https:\/\/www.ronaldocorreiadebrito.com.br\/site2\/author\/admin\/"}]}},"wps_subtitle":"","_links":{"self":[{"href":"https:\/\/www.ronaldocorreiadebrito.com.br\/site2\/wp-json\/wp\/v2\/posts\/1332","targetHints":{"allow":["GET"]}}],"collection":[{"href":"https:\/\/www.ronaldocorreiadebrito.com.br\/site2\/wp-json\/wp\/v2\/posts"}],"about":[{"href":"https:\/\/www.ronaldocorreiadebrito.com.br\/site2\/wp-json\/wp\/v2\/types\/post"}],"author":[{"embeddable":true,"href":"https:\/\/www.ronaldocorreiadebrito.com.br\/site2\/wp-json\/wp\/v2\/users\/1"}],"replies":[{"embeddable":true,"href":"https:\/\/www.ronaldocorreiadebrito.com.br\/site2\/wp-json\/wp\/v2\/comments?post=1332"}],"version-history":[{"count":0,"href":"https:\/\/www.ronaldocorreiadebrito.com.br\/site2\/wp-json\/wp\/v2\/posts\/1332\/revisions"}],"wp:featuredmedia":[{"embeddable":true,"href":"https:\/\/www.ronaldocorreiadebrito.com.br\/site2\/wp-json\/wp\/v2\/media\/1333"}],"wp:attachment":[{"href":"https:\/\/www.ronaldocorreiadebrito.com.br\/site2\/wp-json\/wp\/v2\/media?parent=1332"}],"wp:term":[{"taxonomy":"category","embeddable":true,"href":"https:\/\/www.ronaldocorreiadebrito.com.br\/site2\/wp-json\/wp\/v2\/categories?post=1332"},{"taxonomy":"post_tag","embeddable":true,"href":"https:\/\/www.ronaldocorreiadebrito.com.br\/site2\/wp-json\/wp\/v2\/tags?post=1332"}],"curies":[{"name":"wp","href":"https:\/\/api.w.org\/{rel}","templated":true}]}}