{"id":1328,"date":"2020-05-29T15:55:28","date_gmt":"2020-05-29T18:55:28","guid":{"rendered":"http:\/\/www.ronaldocorreiadebrito.com.br\/site2\/?p=1328"},"modified":"2020-05-29T15:55:28","modified_gmt":"2020-05-29T18:55:28","slug":"o-doente-tem-cura-diario-do-isolamento-18","status":"publish","type":"post","link":"https:\/\/www.ronaldocorreiadebrito.com.br\/site2\/2020\/05\/o-doente-tem-cura-diario-do-isolamento-18\/","title":{"rendered":"O doente tem cura?  |  Di\u00e1rio do isolamento 18"},"content":{"rendered":"<p class=\"p1\" style=\"text-align: right;\"><span class=\"s1\">Di\u00e1rio do isolamento 18<\/span><\/p>\n<p class=\"p1\" style=\"text-align: right;\"><span class=\"s1\">(sexta-feira, 29 de maio)<\/span><\/p>\n<p class=\"p1\"><span class=\"s1\">O doente tem cura?<\/span><\/p>\n<p class=\"p1\"><span class=\"s1\">Na medicina, costumamos anotar as queixas referidas pelo paciente, os achados do exame f\u00edsico e dos exames complementares \u2013 laboratoriais, radiol\u00f3gicos, tomogr\u00e1ficos, etc. <\/span><\/p>\n<p class=\"p1\"><span class=\"s1\">Somados os pontos de uma suspeita cl\u00ednica, fechamos o diagn\u00f3stico e iniciamos o tratamento. <\/span><\/p>\n<p class=\"p1\"><span class=\"s1\">Ele pode ser leve ou radical, depende de cada caso.<\/span><\/p>\n<p class=\"p1\"><span class=\"s1\">Na medicina, como na pol\u00edtica, \u00e9 preciso estar atento aos sinais. O escritor italiano Umberto Eco enumerou uma s\u00e9rie de sintomas perigosos para a democracia. Seria bom a luz vermelha acender ou a sirene disparar toda vez que eles se manifestassem.<\/span><\/p>\n<p class=\"p1\"><span class=\"s1\">SINAIS DE ALERTA DO FASCISMO<\/span><\/p>\n<ol class=\"ol1\">\n<li class=\"li1\"><span class=\"s1\">Culto \u00e0 tradi\u00e7\u00e3o e \u00e0s ra\u00edzes<\/span><\/li>\n<li class=\"li1\"><span class=\"s1\">Abuso do medo ao diferente<\/span><\/li>\n<li class=\"li1\"><span class=\"s1\">Um permanente estado de amea\u00e7a<\/span><\/li>\n<li class=\"li1\"><span class=\"s1\">Exalta\u00e7\u00e3o da vontade popular<\/span><\/li>\n<li class=\"li1\"><span class=\"s1\">Oposi\u00e7\u00e3o \u00e0 cr\u00edtica anal\u00edtica<\/span><\/li>\n<li class=\"li1\"><span class=\"s1\">Obsess\u00e3o por conspira\u00e7\u00f5es e culpar causas externas<\/span><\/li>\n<li class=\"li1\"><span class=\"s1\">Proclama\u00e7\u00e3o de um l\u00edder (a voz do povo)<\/span><\/li>\n<li class=\"li1\"><span class=\"s1\">Controle e repress\u00e3o da sexualidade<\/span><\/li>\n<li class=\"li1\"><span class=\"s1\">A a\u00e7\u00e3o antecede a raz\u00e3o<\/span><\/li>\n<li class=\"li1\"><span class=\"s1\"> Linguagem limitada e repetitiva<\/span><\/li>\n<li class=\"li1\"><span class=\"s1\"> Apela\u00e7\u00e3o a uma classe social frustrada<\/span><\/li>\n<li class=\"li1\"><span class=\"s1\"> Recusa \u00e0 ideias modernas<\/span><\/li>\n<\/ol>\n","protected":false},"excerpt":{"rendered":"<p>Di\u00e1rio do isolamento 18 (sexta-feira, 29 de maio) O doente tem cura? Na medicina, costumamos anotar as queixas referidas pelo paciente, os achados do exame f\u00edsico e dos exames complementares \u2013 laboratoriais, radiol\u00f3gicos, tomogr\u00e1ficos, etc. Somados os pontos de uma suspeita cl\u00ednica, fechamos o diagn\u00f3stico&#8230;<\/p>\n","protected":false},"author":1,"featured_media":1329,"comment_status":"open","ping_status":"closed","sticky":false,"template":"","format":"standard","meta":{"sfsi_plus_gutenberg_text_before_share":"","sfsi_plus_gutenberg_show_text_before_share":"","sfsi_plus_gutenberg_icon_type":"","sfsi_plus_gutenberg_icon_alignemt":"","sfsi_plus_gutenburg_max_per_row":"","footnotes":""},"categories":[8,46,45],"tags":[],"class_list":["post-1328","post","type-post","status-publish","format-standard","has-post-thumbnail","hentry","category-blog","category-links","category-slider"],"yoast_head":"<!-- This site is optimized with the Yoast SEO plugin v27.4 - https:\/\/yoast.com\/product\/yoast-seo-wordpress\/ -->\n<title>O doente tem cura? | Di\u00e1rio do isolamento 18 | Ronaldo Correia de Brito | site oficial<\/title>\n<meta name=\"robots\" content=\"index, follow, max-snippet:-1, max-image-preview:large, max-video-preview:-1\" \/>\n<link rel=\"canonical\" href=\"https:\/\/www.ronaldocorreiadebrito.com.br\/site2\/2020\/05\/o-doente-tem-cura-diario-do-isolamento-18\/\" \/>\n<meta property=\"og:locale\" content=\"pt_BR\" \/>\n<meta property=\"og:type\" content=\"article\" \/>\n<meta property=\"og:title\" content=\"O doente tem cura? | Di\u00e1rio do isolamento 18 | Ronaldo Correia de Brito | site oficial\" \/>\n<meta property=\"og:description\" content=\"Di\u00e1rio do isolamento 18 (sexta-feira, 29 de maio) O doente tem cura? Na medicina, costumamos anotar as queixas referidas pelo paciente, os achados do exame f\u00edsico e dos exames complementares \u2013 laboratoriais, radiol\u00f3gicos, tomogr\u00e1ficos, etc. Somados os pontos de uma suspeita cl\u00ednica, fechamos o diagn\u00f3stico...\" \/>\n<meta property=\"og:url\" content=\"https:\/\/www.ronaldocorreiadebrito.com.br\/site2\/2020\/05\/o-doente-tem-cura-diario-do-isolamento-18\/\" \/>\n<meta property=\"og:site_name\" content=\"Ronaldo Correia de Brito | site oficial\" \/>\n<meta property=\"article:publisher\" content=\"https:\/\/www.facebook.com\/ronaldocorreiadebrito.oficial\" \/>\n<meta property=\"article:published_time\" content=\"2020-05-29T18:55:28+00:00\" \/>\n<meta property=\"og:image\" content=\"https:\/\/www.ronaldocorreiadebrito.com.br\/site2\/wp-content\/uploads\/2020\/05\/checklist.jpg\" \/>\n\t<meta property=\"og:image:width\" content=\"2095\" \/>\n\t<meta property=\"og:image:height\" content=\"1431\" \/>\n\t<meta property=\"og:image:type\" content=\"image\/jpeg\" \/>\n<meta name=\"author\" content=\"admin\" \/>\n<meta name=\"twitter:card\" content=\"summary_large_image\" \/>\n<meta name=\"twitter:label1\" content=\"Escrito por\" \/>\n\t<meta name=\"twitter:data1\" content=\"admin\" \/>\n\t<meta name=\"twitter:label2\" content=\"Est. tempo de leitura\" \/>\n\t<meta name=\"twitter:data2\" content=\"1 minuto\" \/>\n<script type=\"application\/ld+json\" class=\"yoast-schema-graph\">{\"@context\":\"https:\\\/\\\/schema.org\",\"@graph\":[{\"@type\":\"Article\",\"@id\":\"https:\\\/\\\/www.ronaldocorreiadebrito.com.br\\\/site2\\\/2020\\\/05\\\/o-doente-tem-cura-diario-do-isolamento-18\\\/#article\",\"isPartOf\":{\"@id\":\"https:\\\/\\\/www.ronaldocorreiadebrito.com.br\\\/site2\\\/2020\\\/05\\\/o-doente-tem-cura-diario-do-isolamento-18\\\/\"},\"author\":{\"name\":\"admin\",\"@id\":\"https:\\\/\\\/www.ronaldocorreiadebrito.com.br\\\/site2\\\/#\\\/schema\\\/person\\\/99a164d0eaaff7f78b11899bc7d5e7c9\"},\"headline\":\"O doente tem cura? | Di\u00e1rio do isolamento 18\",\"datePublished\":\"2020-05-29T18:55:28+00:00\",\"mainEntityOfPage\":{\"@id\":\"https:\\\/\\\/www.ronaldocorreiadebrito.com.br\\\/site2\\\/2020\\\/05\\\/o-doente-tem-cura-diario-do-isolamento-18\\\/\"},\"wordCount\":192,\"commentCount\":0,\"image\":{\"@id\":\"https:\\\/\\\/www.ronaldocorreiadebrito.com.br\\\/site2\\\/2020\\\/05\\\/o-doente-tem-cura-diario-do-isolamento-18\\\/#primaryimage\"},\"thumbnailUrl\":\"https:\\\/\\\/www.ronaldocorreiadebrito.com.br\\\/site2\\\/wp-content\\\/uploads\\\/2020\\\/05\\\/checklist.jpg\",\"articleSection\":[\"Blog\",\"Links\",\"Slider\"],\"inLanguage\":\"pt-BR\",\"potentialAction\":[{\"@type\":\"CommentAction\",\"name\":\"Comment\",\"target\":[\"https:\\\/\\\/www.ronaldocorreiadebrito.com.br\\\/site2\\\/2020\\\/05\\\/o-doente-tem-cura-diario-do-isolamento-18\\\/#respond\"]}]},{\"@type\":\"WebPage\",\"@id\":\"https:\\\/\\\/www.ronaldocorreiadebrito.com.br\\\/site2\\\/2020\\\/05\\\/o-doente-tem-cura-diario-do-isolamento-18\\\/\",\"url\":\"https:\\\/\\\/www.ronaldocorreiadebrito.com.br\\\/site2\\\/2020\\\/05\\\/o-doente-tem-cura-diario-do-isolamento-18\\\/\",\"name\":\"O doente tem cura? | Di\u00e1rio do isolamento 18 | Ronaldo Correia de Brito | site oficial\",\"isPartOf\":{\"@id\":\"https:\\\/\\\/www.ronaldocorreiadebrito.com.br\\\/site2\\\/#website\"},\"primaryImageOfPage\":{\"@id\":\"https:\\\/\\\/www.ronaldocorreiadebrito.com.br\\\/site2\\\/2020\\\/05\\\/o-doente-tem-cura-diario-do-isolamento-18\\\/#primaryimage\"},\"image\":{\"@id\":\"https:\\\/\\\/www.ronaldocorreiadebrito.com.br\\\/site2\\\/2020\\\/05\\\/o-doente-tem-cura-diario-do-isolamento-18\\\/#primaryimage\"},\"thumbnailUrl\":\"https:\\\/\\\/www.ronaldocorreiadebrito.com.br\\\/site2\\\/wp-content\\\/uploads\\\/2020\\\/05\\\/checklist.jpg\",\"datePublished\":\"2020-05-29T18:55:28+00:00\",\"author\":{\"@id\":\"https:\\\/\\\/www.ronaldocorreiadebrito.com.br\\\/site2\\\/#\\\/schema\\\/person\\\/99a164d0eaaff7f78b11899bc7d5e7c9\"},\"breadcrumb\":{\"@id\":\"https:\\\/\\\/www.ronaldocorreiadebrito.com.br\\\/site2\\\/2020\\\/05\\\/o-doente-tem-cura-diario-do-isolamento-18\\\/#breadcrumb\"},\"inLanguage\":\"pt-BR\",\"potentialAction\":[{\"@type\":\"ReadAction\",\"target\":[\"https:\\\/\\\/www.ronaldocorreiadebrito.com.br\\\/site2\\\/2020\\\/05\\\/o-doente-tem-cura-diario-do-isolamento-18\\\/\"]}]},{\"@type\":\"ImageObject\",\"inLanguage\":\"pt-BR\",\"@id\":\"https:\\\/\\\/www.ronaldocorreiadebrito.com.br\\\/site2\\\/2020\\\/05\\\/o-doente-tem-cura-diario-do-isolamento-18\\\/#primaryimage\",\"url\":\"https:\\\/\\\/www.ronaldocorreiadebrito.com.br\\\/site2\\\/wp-content\\\/uploads\\\/2020\\\/05\\\/checklist.jpg\",\"contentUrl\":\"https:\\\/\\\/www.ronaldocorreiadebrito.com.br\\\/site2\\\/wp-content\\\/uploads\\\/2020\\\/05\\\/checklist.jpg\",\"width\":2095,\"height\":1431},{\"@type\":\"BreadcrumbList\",\"@id\":\"https:\\\/\\\/www.ronaldocorreiadebrito.com.br\\\/site2\\\/2020\\\/05\\\/o-doente-tem-cura-diario-do-isolamento-18\\\/#breadcrumb\",\"itemListElement\":[{\"@type\":\"ListItem\",\"position\":1,\"name\":\"In\u00edcio\",\"item\":\"https:\\\/\\\/www.ronaldocorreiadebrito.com.br\\\/site2\\\/\"},{\"@type\":\"ListItem\",\"position\":2,\"name\":\"O doente tem cura? | Di\u00e1rio do isolamento 18\"}]},{\"@type\":\"WebSite\",\"@id\":\"https:\\\/\\\/www.ronaldocorreiadebrito.com.br\\\/site2\\\/#website\",\"url\":\"https:\\\/\\\/www.ronaldocorreiadebrito.com.br\\\/site2\\\/\",\"name\":\"Ronaldo Correia de Brito | site oficial\",\"description\":\"Site oficial do escritor Ronaldo Correia de Brito\",\"potentialAction\":[{\"@type\":\"SearchAction\",\"target\":{\"@type\":\"EntryPoint\",\"urlTemplate\":\"https:\\\/\\\/www.ronaldocorreiadebrito.com.br\\\/site2\\\/?s={search_term_string}\"},\"query-input\":{\"@type\":\"PropertyValueSpecification\",\"valueRequired\":true,\"valueName\":\"search_term_string\"}}],\"inLanguage\":\"pt-BR\"},{\"@type\":\"Person\",\"@id\":\"https:\\\/\\\/www.ronaldocorreiadebrito.com.br\\\/site2\\\/#\\\/schema\\\/person\\\/99a164d0eaaff7f78b11899bc7d5e7c9\",\"name\":\"admin\",\"url\":\"https:\\\/\\\/www.ronaldocorreiadebrito.com.br\\\/site2\\\/author\\\/admin\\\/\"}]}<\/script>\n<!-- \/ Yoast SEO plugin. -->","yoast_head_json":{"title":"O doente tem cura? | Di\u00e1rio do isolamento 18 | Ronaldo Correia de Brito | site oficial","robots":{"index":"index","follow":"follow","max-snippet":"max-snippet:-1","max-image-preview":"max-image-preview:large","max-video-preview":"max-video-preview:-1"},"canonical":"https:\/\/www.ronaldocorreiadebrito.com.br\/site2\/2020\/05\/o-doente-tem-cura-diario-do-isolamento-18\/","og_locale":"pt_BR","og_type":"article","og_title":"O doente tem cura? | Di\u00e1rio do isolamento 18 | Ronaldo Correia de Brito | site oficial","og_description":"Di\u00e1rio do isolamento 18 (sexta-feira, 29 de maio) O doente tem cura? Na medicina, costumamos anotar as queixas referidas pelo paciente, os achados do exame f\u00edsico e dos exames complementares \u2013 laboratoriais, radiol\u00f3gicos, tomogr\u00e1ficos, etc. Somados os pontos de uma suspeita cl\u00ednica, fechamos o diagn\u00f3stico...","og_url":"https:\/\/www.ronaldocorreiadebrito.com.br\/site2\/2020\/05\/o-doente-tem-cura-diario-do-isolamento-18\/","og_site_name":"Ronaldo Correia de Brito | site oficial","article_publisher":"https:\/\/www.facebook.com\/ronaldocorreiadebrito.oficial","article_published_time":"2020-05-29T18:55:28+00:00","og_image":[{"width":2095,"height":1431,"url":"https:\/\/www.ronaldocorreiadebrito.com.br\/site2\/wp-content\/uploads\/2020\/05\/checklist.jpg","type":"image\/jpeg"}],"author":"admin","twitter_card":"summary_large_image","twitter_misc":{"Escrito por":"admin","Est. tempo de leitura":"1 minuto"},"schema":{"@context":"https:\/\/schema.org","@graph":[{"@type":"Article","@id":"https:\/\/www.ronaldocorreiadebrito.com.br\/site2\/2020\/05\/o-doente-tem-cura-diario-do-isolamento-18\/#article","isPartOf":{"@id":"https:\/\/www.ronaldocorreiadebrito.com.br\/site2\/2020\/05\/o-doente-tem-cura-diario-do-isolamento-18\/"},"author":{"name":"admin","@id":"https:\/\/www.ronaldocorreiadebrito.com.br\/site2\/#\/schema\/person\/99a164d0eaaff7f78b11899bc7d5e7c9"},"headline":"O doente tem cura? | Di\u00e1rio do isolamento 18","datePublished":"2020-05-29T18:55:28+00:00","mainEntityOfPage":{"@id":"https:\/\/www.ronaldocorreiadebrito.com.br\/site2\/2020\/05\/o-doente-tem-cura-diario-do-isolamento-18\/"},"wordCount":192,"commentCount":0,"image":{"@id":"https:\/\/www.ronaldocorreiadebrito.com.br\/site2\/2020\/05\/o-doente-tem-cura-diario-do-isolamento-18\/#primaryimage"},"thumbnailUrl":"https:\/\/www.ronaldocorreiadebrito.com.br\/site2\/wp-content\/uploads\/2020\/05\/checklist.jpg","articleSection":["Blog","Links","Slider"],"inLanguage":"pt-BR","potentialAction":[{"@type":"CommentAction","name":"Comment","target":["https:\/\/www.ronaldocorreiadebrito.com.br\/site2\/2020\/05\/o-doente-tem-cura-diario-do-isolamento-18\/#respond"]}]},{"@type":"WebPage","@id":"https:\/\/www.ronaldocorreiadebrito.com.br\/site2\/2020\/05\/o-doente-tem-cura-diario-do-isolamento-18\/","url":"https:\/\/www.ronaldocorreiadebrito.com.br\/site2\/2020\/05\/o-doente-tem-cura-diario-do-isolamento-18\/","name":"O doente tem cura? | Di\u00e1rio do isolamento 18 | Ronaldo Correia de Brito | site oficial","isPartOf":{"@id":"https:\/\/www.ronaldocorreiadebrito.com.br\/site2\/#website"},"primaryImageOfPage":{"@id":"https:\/\/www.ronaldocorreiadebrito.com.br\/site2\/2020\/05\/o-doente-tem-cura-diario-do-isolamento-18\/#primaryimage"},"image":{"@id":"https:\/\/www.ronaldocorreiadebrito.com.br\/site2\/2020\/05\/o-doente-tem-cura-diario-do-isolamento-18\/#primaryimage"},"thumbnailUrl":"https:\/\/www.ronaldocorreiadebrito.com.br\/site2\/wp-content\/uploads\/2020\/05\/checklist.jpg","datePublished":"2020-05-29T18:55:28+00:00","author":{"@id":"https:\/\/www.ronaldocorreiadebrito.com.br\/site2\/#\/schema\/person\/99a164d0eaaff7f78b11899bc7d5e7c9"},"breadcrumb":{"@id":"https:\/\/www.ronaldocorreiadebrito.com.br\/site2\/2020\/05\/o-doente-tem-cura-diario-do-isolamento-18\/#breadcrumb"},"inLanguage":"pt-BR","potentialAction":[{"@type":"ReadAction","target":["https:\/\/www.ronaldocorreiadebrito.com.br\/site2\/2020\/05\/o-doente-tem-cura-diario-do-isolamento-18\/"]}]},{"@type":"ImageObject","inLanguage":"pt-BR","@id":"https:\/\/www.ronaldocorreiadebrito.com.br\/site2\/2020\/05\/o-doente-tem-cura-diario-do-isolamento-18\/#primaryimage","url":"https:\/\/www.ronaldocorreiadebrito.com.br\/site2\/wp-content\/uploads\/2020\/05\/checklist.jpg","contentUrl":"https:\/\/www.ronaldocorreiadebrito.com.br\/site2\/wp-content\/uploads\/2020\/05\/checklist.jpg","width":2095,"height":1431},{"@type":"BreadcrumbList","@id":"https:\/\/www.ronaldocorreiadebrito.com.br\/site2\/2020\/05\/o-doente-tem-cura-diario-do-isolamento-18\/#breadcrumb","itemListElement":[{"@type":"ListItem","position":1,"name":"In\u00edcio","item":"https:\/\/www.ronaldocorreiadebrito.com.br\/site2\/"},{"@type":"ListItem","position":2,"name":"O doente tem cura? | Di\u00e1rio do isolamento 18"}]},{"@type":"WebSite","@id":"https:\/\/www.ronaldocorreiadebrito.com.br\/site2\/#website","url":"https:\/\/www.ronaldocorreiadebrito.com.br\/site2\/","name":"Ronaldo Correia de Brito | site oficial","description":"Site oficial do escritor Ronaldo Correia de Brito","potentialAction":[{"@type":"SearchAction","target":{"@type":"EntryPoint","urlTemplate":"https:\/\/www.ronaldocorreiadebrito.com.br\/site2\/?s={search_term_string}"},"query-input":{"@type":"PropertyValueSpecification","valueRequired":true,"valueName":"search_term_string"}}],"inLanguage":"pt-BR"},{"@type":"Person","@id":"https:\/\/www.ronaldocorreiadebrito.com.br\/site2\/#\/schema\/person\/99a164d0eaaff7f78b11899bc7d5e7c9","name":"admin","url":"https:\/\/www.ronaldocorreiadebrito.com.br\/site2\/author\/admin\/"}]}},"wps_subtitle":"","_links":{"self":[{"href":"https:\/\/www.ronaldocorreiadebrito.com.br\/site2\/wp-json\/wp\/v2\/posts\/1328","targetHints":{"allow":["GET"]}}],"collection":[{"href":"https:\/\/www.ronaldocorreiadebrito.com.br\/site2\/wp-json\/wp\/v2\/posts"}],"about":[{"href":"https:\/\/www.ronaldocorreiadebrito.com.br\/site2\/wp-json\/wp\/v2\/types\/post"}],"author":[{"embeddable":true,"href":"https:\/\/www.ronaldocorreiadebrito.com.br\/site2\/wp-json\/wp\/v2\/users\/1"}],"replies":[{"embeddable":true,"href":"https:\/\/www.ronaldocorreiadebrito.com.br\/site2\/wp-json\/wp\/v2\/comments?post=1328"}],"version-history":[{"count":0,"href":"https:\/\/www.ronaldocorreiadebrito.com.br\/site2\/wp-json\/wp\/v2\/posts\/1328\/revisions"}],"wp:featuredmedia":[{"embeddable":true,"href":"https:\/\/www.ronaldocorreiadebrito.com.br\/site2\/wp-json\/wp\/v2\/media\/1329"}],"wp:attachment":[{"href":"https:\/\/www.ronaldocorreiadebrito.com.br\/site2\/wp-json\/wp\/v2\/media?parent=1328"}],"wp:term":[{"taxonomy":"category","embeddable":true,"href":"https:\/\/www.ronaldocorreiadebrito.com.br\/site2\/wp-json\/wp\/v2\/categories?post=1328"},{"taxonomy":"post_tag","embeddable":true,"href":"https:\/\/www.ronaldocorreiadebrito.com.br\/site2\/wp-json\/wp\/v2\/tags?post=1328"}],"curies":[{"name":"wp","href":"https:\/\/api.w.org\/{rel}","templated":true}]}}