{"id":1320,"date":"2020-05-22T16:10:59","date_gmt":"2020-05-22T19:10:59","guid":{"rendered":"http:\/\/www.ronaldocorreiadebrito.com.br\/site2\/?p=1320"},"modified":"2020-05-22T16:17:01","modified_gmt":"2020-05-22T19:17:01","slug":"eu-canto-o-trabalho-que-liberta-com-mote-de-walt-whitman","status":"publish","type":"post","link":"https:\/\/www.ronaldocorreiadebrito.com.br\/site2\/2020\/05\/eu-canto-o-trabalho-que-liberta-com-mote-de-walt-whitman\/","title":{"rendered":"Eu canto o trabalho que liberta (com mote de Walt Whitman)"},"content":{"rendered":"<p class=\"p1\"><span class=\"s1\">Di\u00e1rio da epidemia 17<\/span><\/p>\n<p class=\"p1\"><span class=\"s1\">(sexta-feira, 22 de maio)<\/span><\/p>\n<p class=\"p3\"><span class=\"s1\"><b>Eu canto o trabalho que liberta<\/b><\/span><span class=\"s2\"> (com mote de Walt Whitman)<\/span><\/p>\n<p class=\"p1\"><span class=\"s1\">Trabalho \u00e9 liberdade, afirmava Mira Alfassa, mais conhecida por A M\u00e3e.<br \/>\n<\/span>Se voc\u00ea n\u00e3o trabalha, algu\u00e9m ter\u00e1 de faz\u00ea-lo no seu lugar,<br \/>\n<span class=\"s1\">observou Tchekhov.<br \/>\n<\/span><span class=\"s1\">Nesse tempo em que nos pedem ou obrigam que fiquemos em casa,<br \/>\n<\/span><span class=\"s1\">\u00e9 necess\u00e1rio encontrar uma medida justa do que \u00e9 trabalho.<\/span><\/p>\n<p class=\"p1\"><span class=\"s1\">Por isso eu louvo o verdureiro que passa na minha porta com a carro\u00e7a,<br \/>\n<\/span><span class=\"s1\">de m\u00e1scara e luvas, oferecendo os produtos da horta.<br \/>\n<\/span><span class=\"s1\">Pergunto porque n\u00e3o se resguarda em casa<br \/>\n<\/span><span class=\"s1\">e ele me responde que precisa alimentar a fam\u00edlia e as pessoas do mundo.<br \/>\n<\/span><span class=\"s1\">Almo\u00e7o suas alfaces e agrade\u00e7o existirem homens que<br \/>\n<\/span><span class=\"s1\">arriscam a vida pela vida dos outros.<\/span><\/p>\n<p class=\"p1\"><span class=\"s1\">Louvo os patr\u00f5es altru\u00edstas, que dispensaram os funcion\u00e1rios<br \/>\n<\/span><span class=\"s1\">para guardar a quarentena,<br \/>\n<\/span><span class=\"s1\">e pagam integralmente seus sal\u00e1rios,<br \/>\n<\/span><span class=\"s1\">sem nenhum desconto.<br \/>\n<\/span><span class=\"s1\">Esses, com certeza, se consideram iguais aos seus iguais.<\/span><\/p>\n<p class=\"p1\"><span class=\"s1\">Admiro a a\u00e7ougueira idosa que abastece nossa mesa de carne<br \/>\n<\/span><span class=\"s1\">e me recomenda cuidado com a sa\u00fade.<br \/>\n<\/span><span class=\"s1\">Trabalha pela necessidade de trabalhar,<br \/>\n<\/span><span class=\"s1\">nunca porque mandam os que s\u00f3 pensam em acumular capital<br \/>\n<\/span>e em garantir o lucro dos que lucram em excesso.<\/p>\n<p class=\"p1\"><span class=\"s1\">Louvo os m\u00e9dicos, meus colegas de profiss\u00e3o,<br \/>\n<\/span><span class=\"s1\">mesmo os que teimam em n\u00e3o enxergar os erros de um presidente<br \/>\n<\/span><span class=\"s1\">despreparado para o cargo, ignorante do senso comum, da lei e da hist\u00f3ria.<br \/>\n<\/span><span class=\"s1\">A coragem desses profissionais em enfrentar a morte,<br \/>\n<\/span><span class=\"s1\">com o risco de suas pr\u00f3prias vidas, os redime e os glorifica.<\/span><\/p>\n<p class=\"p1\"><span class=\"s1\">Exalto os trabalhadores da sa\u00fade, enfermeiras, enfermeiros, t\u00e9cnicos de enfermagem, nutricionistas, fisioterapeutas, maqueiros, serventes,<span class=\"Apple-converted-space\">\u00a0 <\/span>farmac\u00eauticos e tantos que fazem do trabalho um of\u00edcio de f\u00e9.<\/span><\/p>\n<p class=\"p1\"><span class=\"s1\">Louvo as bab\u00e1s, que largam casa e fam\u00edlia para cuidar de crian\u00e7as que n\u00e3o s\u00e3o os pr\u00f3prios filhos. <\/span><\/p>\n<p class=\"p1\"><span class=\"s1\">Louvo os varredores de rua, funcion\u00e1rios da limpeza p\u00fablica, trabalhando para manter a cidade com um aspecto digno. <\/span><\/p>\n<p class=\"p1\"><span class=\"s1\">Louvo homens e mulheres da agricultura familiar, dos assentamentos de sem-terra, plantando, colhendo e distribuindo alimentos de qualidade e partilhando com outras fam\u00edlias mais necessitadas.<\/span><\/p>\n<p class=\"p1\"><span class=\"s1\">Aplaudo os pol\u00edticos judiciosos, os que n\u00e3o exercem a pol\u00edtica como profiss\u00e3o e meio de enriquecer. <\/span><\/p>\n<p class=\"p1\"><span class=\"s1\">E dou viva aos artistas, atores, bailarinos, m\u00fasicos, escritores, pintores e poetas, que oferecem a todas as pessoas o acesso \u00e0s d\u00e1divas do universo. <\/span><\/p>\n","protected":false},"excerpt":{"rendered":"<p>Di\u00e1rio da epidemia 17 (sexta-feira, 22 de maio) Eu canto o trabalho que liberta (com mote de Walt Whitman) Trabalho \u00e9 liberdade, afirmava Mira Alfassa, mais conhecida por A M\u00e3e. Se voc\u00ea n\u00e3o trabalha, algu\u00e9m ter\u00e1 de faz\u00ea-lo no seu lugar, observou Tchekhov. Nesse tempo&#8230;<\/p>\n","protected":false},"author":1,"featured_media":1321,"comment_status":"open","ping_status":"closed","sticky":false,"template":"","format":"standard","meta":{"sfsi_plus_gutenberg_text_before_share":"","sfsi_plus_gutenberg_show_text_before_share":"","sfsi_plus_gutenberg_icon_type":"","sfsi_plus_gutenberg_icon_alignemt":"","sfsi_plus_gutenburg_max_per_row":"","footnotes":""},"categories":[8,46,45],"tags":[],"class_list":["post-1320","post","type-post","status-publish","format-standard","has-post-thumbnail","hentry","category-blog","category-links","category-slider"],"yoast_head":"<!-- This site is optimized with the Yoast SEO plugin v27.4 - https:\/\/yoast.com\/product\/yoast-seo-wordpress\/ -->\n<title>Eu canto o trabalho que liberta (com mote de Walt Whitman) | Ronaldo Correia de Brito | site oficial<\/title>\n<meta name=\"robots\" content=\"index, follow, max-snippet:-1, max-image-preview:large, max-video-preview:-1\" \/>\n<link rel=\"canonical\" href=\"https:\/\/www.ronaldocorreiadebrito.com.br\/site2\/2020\/05\/eu-canto-o-trabalho-que-liberta-com-mote-de-walt-whitman\/\" \/>\n<meta property=\"og:locale\" content=\"pt_BR\" \/>\n<meta property=\"og:type\" content=\"article\" \/>\n<meta property=\"og:title\" content=\"Eu canto o trabalho que liberta (com mote de Walt Whitman) | Ronaldo Correia de Brito | site oficial\" \/>\n<meta property=\"og:description\" content=\"Di\u00e1rio da epidemia 17 (sexta-feira, 22 de maio) Eu canto o trabalho que liberta (com mote de Walt Whitman) Trabalho \u00e9 liberdade, afirmava Mira Alfassa, mais conhecida por A M\u00e3e. Se voc\u00ea n\u00e3o trabalha, algu\u00e9m ter\u00e1 de faz\u00ea-lo no seu lugar, observou Tchekhov. Nesse tempo...\" \/>\n<meta property=\"og:url\" content=\"https:\/\/www.ronaldocorreiadebrito.com.br\/site2\/2020\/05\/eu-canto-o-trabalho-que-liberta-com-mote-de-walt-whitman\/\" \/>\n<meta property=\"og:site_name\" content=\"Ronaldo Correia de Brito | site oficial\" \/>\n<meta property=\"article:publisher\" content=\"https:\/\/www.facebook.com\/ronaldocorreiadebrito.oficial\" \/>\n<meta property=\"article:published_time\" content=\"2020-05-22T19:10:59+00:00\" \/>\n<meta property=\"article:modified_time\" content=\"2020-05-22T19:17:01+00:00\" \/>\n<meta property=\"og:image\" content=\"https:\/\/www.ronaldocorreiadebrito.com.br\/site2\/wp-content\/uploads\/2020\/05\/455-agricultor-105-anos-4.jpg\" \/>\n\t<meta property=\"og:image:width\" content=\"1008\" \/>\n\t<meta property=\"og:image:height\" content=\"567\" \/>\n\t<meta property=\"og:image:type\" content=\"image\/jpeg\" \/>\n<meta name=\"author\" content=\"admin\" \/>\n<meta name=\"twitter:card\" content=\"summary_large_image\" \/>\n<meta name=\"twitter:label1\" content=\"Escrito por\" \/>\n\t<meta name=\"twitter:data1\" content=\"admin\" \/>\n\t<meta name=\"twitter:label2\" content=\"Est. tempo de leitura\" \/>\n\t<meta name=\"twitter:data2\" content=\"2 minutos\" \/>\n<script type=\"application\/ld+json\" class=\"yoast-schema-graph\">{\"@context\":\"https:\\\/\\\/schema.org\",\"@graph\":[{\"@type\":\"Article\",\"@id\":\"https:\\\/\\\/www.ronaldocorreiadebrito.com.br\\\/site2\\\/2020\\\/05\\\/eu-canto-o-trabalho-que-liberta-com-mote-de-walt-whitman\\\/#article\",\"isPartOf\":{\"@id\":\"https:\\\/\\\/www.ronaldocorreiadebrito.com.br\\\/site2\\\/2020\\\/05\\\/eu-canto-o-trabalho-que-liberta-com-mote-de-walt-whitman\\\/\"},\"author\":{\"name\":\"admin\",\"@id\":\"https:\\\/\\\/www.ronaldocorreiadebrito.com.br\\\/site2\\\/#\\\/schema\\\/person\\\/99a164d0eaaff7f78b11899bc7d5e7c9\"},\"headline\":\"Eu canto o trabalho que liberta (com mote de Walt Whitman)\",\"datePublished\":\"2020-05-22T19:10:59+00:00\",\"dateModified\":\"2020-05-22T19:17:01+00:00\",\"mainEntityOfPage\":{\"@id\":\"https:\\\/\\\/www.ronaldocorreiadebrito.com.br\\\/site2\\\/2020\\\/05\\\/eu-canto-o-trabalho-que-liberta-com-mote-de-walt-whitman\\\/\"},\"wordCount\":421,\"commentCount\":1,\"image\":{\"@id\":\"https:\\\/\\\/www.ronaldocorreiadebrito.com.br\\\/site2\\\/2020\\\/05\\\/eu-canto-o-trabalho-que-liberta-com-mote-de-walt-whitman\\\/#primaryimage\"},\"thumbnailUrl\":\"https:\\\/\\\/www.ronaldocorreiadebrito.com.br\\\/site2\\\/wp-content\\\/uploads\\\/2020\\\/05\\\/455-agricultor-105-anos-4.jpg\",\"articleSection\":[\"Blog\",\"Links\",\"Slider\"],\"inLanguage\":\"pt-BR\",\"potentialAction\":[{\"@type\":\"CommentAction\",\"name\":\"Comment\",\"target\":[\"https:\\\/\\\/www.ronaldocorreiadebrito.com.br\\\/site2\\\/2020\\\/05\\\/eu-canto-o-trabalho-que-liberta-com-mote-de-walt-whitman\\\/#respond\"]}]},{\"@type\":\"WebPage\",\"@id\":\"https:\\\/\\\/www.ronaldocorreiadebrito.com.br\\\/site2\\\/2020\\\/05\\\/eu-canto-o-trabalho-que-liberta-com-mote-de-walt-whitman\\\/\",\"url\":\"https:\\\/\\\/www.ronaldocorreiadebrito.com.br\\\/site2\\\/2020\\\/05\\\/eu-canto-o-trabalho-que-liberta-com-mote-de-walt-whitman\\\/\",\"name\":\"Eu canto o trabalho que liberta (com mote de Walt Whitman) | Ronaldo Correia de Brito | site oficial\",\"isPartOf\":{\"@id\":\"https:\\\/\\\/www.ronaldocorreiadebrito.com.br\\\/site2\\\/#website\"},\"primaryImageOfPage\":{\"@id\":\"https:\\\/\\\/www.ronaldocorreiadebrito.com.br\\\/site2\\\/2020\\\/05\\\/eu-canto-o-trabalho-que-liberta-com-mote-de-walt-whitman\\\/#primaryimage\"},\"image\":{\"@id\":\"https:\\\/\\\/www.ronaldocorreiadebrito.com.br\\\/site2\\\/2020\\\/05\\\/eu-canto-o-trabalho-que-liberta-com-mote-de-walt-whitman\\\/#primaryimage\"},\"thumbnailUrl\":\"https:\\\/\\\/www.ronaldocorreiadebrito.com.br\\\/site2\\\/wp-content\\\/uploads\\\/2020\\\/05\\\/455-agricultor-105-anos-4.jpg\",\"datePublished\":\"2020-05-22T19:10:59+00:00\",\"dateModified\":\"2020-05-22T19:17:01+00:00\",\"author\":{\"@id\":\"https:\\\/\\\/www.ronaldocorreiadebrito.com.br\\\/site2\\\/#\\\/schema\\\/person\\\/99a164d0eaaff7f78b11899bc7d5e7c9\"},\"breadcrumb\":{\"@id\":\"https:\\\/\\\/www.ronaldocorreiadebrito.com.br\\\/site2\\\/2020\\\/05\\\/eu-canto-o-trabalho-que-liberta-com-mote-de-walt-whitman\\\/#breadcrumb\"},\"inLanguage\":\"pt-BR\",\"potentialAction\":[{\"@type\":\"ReadAction\",\"target\":[\"https:\\\/\\\/www.ronaldocorreiadebrito.com.br\\\/site2\\\/2020\\\/05\\\/eu-canto-o-trabalho-que-liberta-com-mote-de-walt-whitman\\\/\"]}]},{\"@type\":\"ImageObject\",\"inLanguage\":\"pt-BR\",\"@id\":\"https:\\\/\\\/www.ronaldocorreiadebrito.com.br\\\/site2\\\/2020\\\/05\\\/eu-canto-o-trabalho-que-liberta-com-mote-de-walt-whitman\\\/#primaryimage\",\"url\":\"https:\\\/\\\/www.ronaldocorreiadebrito.com.br\\\/site2\\\/wp-content\\\/uploads\\\/2020\\\/05\\\/455-agricultor-105-anos-4.jpg\",\"contentUrl\":\"https:\\\/\\\/www.ronaldocorreiadebrito.com.br\\\/site2\\\/wp-content\\\/uploads\\\/2020\\\/05\\\/455-agricultor-105-anos-4.jpg\",\"width\":1008,\"height\":567},{\"@type\":\"BreadcrumbList\",\"@id\":\"https:\\\/\\\/www.ronaldocorreiadebrito.com.br\\\/site2\\\/2020\\\/05\\\/eu-canto-o-trabalho-que-liberta-com-mote-de-walt-whitman\\\/#breadcrumb\",\"itemListElement\":[{\"@type\":\"ListItem\",\"position\":1,\"name\":\"In\u00edcio\",\"item\":\"https:\\\/\\\/www.ronaldocorreiadebrito.com.br\\\/site2\\\/\"},{\"@type\":\"ListItem\",\"position\":2,\"name\":\"Eu canto o trabalho que liberta (com mote de Walt Whitman)\"}]},{\"@type\":\"WebSite\",\"@id\":\"https:\\\/\\\/www.ronaldocorreiadebrito.com.br\\\/site2\\\/#website\",\"url\":\"https:\\\/\\\/www.ronaldocorreiadebrito.com.br\\\/site2\\\/\",\"name\":\"Ronaldo Correia de Brito | site oficial\",\"description\":\"Site oficial do escritor Ronaldo Correia de Brito\",\"potentialAction\":[{\"@type\":\"SearchAction\",\"target\":{\"@type\":\"EntryPoint\",\"urlTemplate\":\"https:\\\/\\\/www.ronaldocorreiadebrito.com.br\\\/site2\\\/?s={search_term_string}\"},\"query-input\":{\"@type\":\"PropertyValueSpecification\",\"valueRequired\":true,\"valueName\":\"search_term_string\"}}],\"inLanguage\":\"pt-BR\"},{\"@type\":\"Person\",\"@id\":\"https:\\\/\\\/www.ronaldocorreiadebrito.com.br\\\/site2\\\/#\\\/schema\\\/person\\\/99a164d0eaaff7f78b11899bc7d5e7c9\",\"name\":\"admin\",\"url\":\"https:\\\/\\\/www.ronaldocorreiadebrito.com.br\\\/site2\\\/author\\\/admin\\\/\"}]}<\/script>\n<!-- \/ Yoast SEO plugin. -->","yoast_head_json":{"title":"Eu canto o trabalho que liberta (com mote de Walt Whitman) | Ronaldo Correia de Brito | site oficial","robots":{"index":"index","follow":"follow","max-snippet":"max-snippet:-1","max-image-preview":"max-image-preview:large","max-video-preview":"max-video-preview:-1"},"canonical":"https:\/\/www.ronaldocorreiadebrito.com.br\/site2\/2020\/05\/eu-canto-o-trabalho-que-liberta-com-mote-de-walt-whitman\/","og_locale":"pt_BR","og_type":"article","og_title":"Eu canto o trabalho que liberta (com mote de Walt Whitman) | Ronaldo Correia de Brito | site oficial","og_description":"Di\u00e1rio da epidemia 17 (sexta-feira, 22 de maio) Eu canto o trabalho que liberta (com mote de Walt Whitman) Trabalho \u00e9 liberdade, afirmava Mira Alfassa, mais conhecida por A M\u00e3e. Se voc\u00ea n\u00e3o trabalha, algu\u00e9m ter\u00e1 de faz\u00ea-lo no seu lugar, observou Tchekhov. Nesse tempo...","og_url":"https:\/\/www.ronaldocorreiadebrito.com.br\/site2\/2020\/05\/eu-canto-o-trabalho-que-liberta-com-mote-de-walt-whitman\/","og_site_name":"Ronaldo Correia de Brito | site oficial","article_publisher":"https:\/\/www.facebook.com\/ronaldocorreiadebrito.oficial","article_published_time":"2020-05-22T19:10:59+00:00","article_modified_time":"2020-05-22T19:17:01+00:00","og_image":[{"width":1008,"height":567,"url":"https:\/\/www.ronaldocorreiadebrito.com.br\/site2\/wp-content\/uploads\/2020\/05\/455-agricultor-105-anos-4.jpg","type":"image\/jpeg"}],"author":"admin","twitter_card":"summary_large_image","twitter_misc":{"Escrito por":"admin","Est. tempo de leitura":"2 minutos"},"schema":{"@context":"https:\/\/schema.org","@graph":[{"@type":"Article","@id":"https:\/\/www.ronaldocorreiadebrito.com.br\/site2\/2020\/05\/eu-canto-o-trabalho-que-liberta-com-mote-de-walt-whitman\/#article","isPartOf":{"@id":"https:\/\/www.ronaldocorreiadebrito.com.br\/site2\/2020\/05\/eu-canto-o-trabalho-que-liberta-com-mote-de-walt-whitman\/"},"author":{"name":"admin","@id":"https:\/\/www.ronaldocorreiadebrito.com.br\/site2\/#\/schema\/person\/99a164d0eaaff7f78b11899bc7d5e7c9"},"headline":"Eu canto o trabalho que liberta (com mote de Walt Whitman)","datePublished":"2020-05-22T19:10:59+00:00","dateModified":"2020-05-22T19:17:01+00:00","mainEntityOfPage":{"@id":"https:\/\/www.ronaldocorreiadebrito.com.br\/site2\/2020\/05\/eu-canto-o-trabalho-que-liberta-com-mote-de-walt-whitman\/"},"wordCount":421,"commentCount":1,"image":{"@id":"https:\/\/www.ronaldocorreiadebrito.com.br\/site2\/2020\/05\/eu-canto-o-trabalho-que-liberta-com-mote-de-walt-whitman\/#primaryimage"},"thumbnailUrl":"https:\/\/www.ronaldocorreiadebrito.com.br\/site2\/wp-content\/uploads\/2020\/05\/455-agricultor-105-anos-4.jpg","articleSection":["Blog","Links","Slider"],"inLanguage":"pt-BR","potentialAction":[{"@type":"CommentAction","name":"Comment","target":["https:\/\/www.ronaldocorreiadebrito.com.br\/site2\/2020\/05\/eu-canto-o-trabalho-que-liberta-com-mote-de-walt-whitman\/#respond"]}]},{"@type":"WebPage","@id":"https:\/\/www.ronaldocorreiadebrito.com.br\/site2\/2020\/05\/eu-canto-o-trabalho-que-liberta-com-mote-de-walt-whitman\/","url":"https:\/\/www.ronaldocorreiadebrito.com.br\/site2\/2020\/05\/eu-canto-o-trabalho-que-liberta-com-mote-de-walt-whitman\/","name":"Eu canto o trabalho que liberta (com mote de Walt Whitman) | Ronaldo Correia de Brito | site oficial","isPartOf":{"@id":"https:\/\/www.ronaldocorreiadebrito.com.br\/site2\/#website"},"primaryImageOfPage":{"@id":"https:\/\/www.ronaldocorreiadebrito.com.br\/site2\/2020\/05\/eu-canto-o-trabalho-que-liberta-com-mote-de-walt-whitman\/#primaryimage"},"image":{"@id":"https:\/\/www.ronaldocorreiadebrito.com.br\/site2\/2020\/05\/eu-canto-o-trabalho-que-liberta-com-mote-de-walt-whitman\/#primaryimage"},"thumbnailUrl":"https:\/\/www.ronaldocorreiadebrito.com.br\/site2\/wp-content\/uploads\/2020\/05\/455-agricultor-105-anos-4.jpg","datePublished":"2020-05-22T19:10:59+00:00","dateModified":"2020-05-22T19:17:01+00:00","author":{"@id":"https:\/\/www.ronaldocorreiadebrito.com.br\/site2\/#\/schema\/person\/99a164d0eaaff7f78b11899bc7d5e7c9"},"breadcrumb":{"@id":"https:\/\/www.ronaldocorreiadebrito.com.br\/site2\/2020\/05\/eu-canto-o-trabalho-que-liberta-com-mote-de-walt-whitman\/#breadcrumb"},"inLanguage":"pt-BR","potentialAction":[{"@type":"ReadAction","target":["https:\/\/www.ronaldocorreiadebrito.com.br\/site2\/2020\/05\/eu-canto-o-trabalho-que-liberta-com-mote-de-walt-whitman\/"]}]},{"@type":"ImageObject","inLanguage":"pt-BR","@id":"https:\/\/www.ronaldocorreiadebrito.com.br\/site2\/2020\/05\/eu-canto-o-trabalho-que-liberta-com-mote-de-walt-whitman\/#primaryimage","url":"https:\/\/www.ronaldocorreiadebrito.com.br\/site2\/wp-content\/uploads\/2020\/05\/455-agricultor-105-anos-4.jpg","contentUrl":"https:\/\/www.ronaldocorreiadebrito.com.br\/site2\/wp-content\/uploads\/2020\/05\/455-agricultor-105-anos-4.jpg","width":1008,"height":567},{"@type":"BreadcrumbList","@id":"https:\/\/www.ronaldocorreiadebrito.com.br\/site2\/2020\/05\/eu-canto-o-trabalho-que-liberta-com-mote-de-walt-whitman\/#breadcrumb","itemListElement":[{"@type":"ListItem","position":1,"name":"In\u00edcio","item":"https:\/\/www.ronaldocorreiadebrito.com.br\/site2\/"},{"@type":"ListItem","position":2,"name":"Eu canto o trabalho que liberta (com mote de Walt Whitman)"}]},{"@type":"WebSite","@id":"https:\/\/www.ronaldocorreiadebrito.com.br\/site2\/#website","url":"https:\/\/www.ronaldocorreiadebrito.com.br\/site2\/","name":"Ronaldo Correia de Brito | site oficial","description":"Site oficial do escritor Ronaldo Correia de Brito","potentialAction":[{"@type":"SearchAction","target":{"@type":"EntryPoint","urlTemplate":"https:\/\/www.ronaldocorreiadebrito.com.br\/site2\/?s={search_term_string}"},"query-input":{"@type":"PropertyValueSpecification","valueRequired":true,"valueName":"search_term_string"}}],"inLanguage":"pt-BR"},{"@type":"Person","@id":"https:\/\/www.ronaldocorreiadebrito.com.br\/site2\/#\/schema\/person\/99a164d0eaaff7f78b11899bc7d5e7c9","name":"admin","url":"https:\/\/www.ronaldocorreiadebrito.com.br\/site2\/author\/admin\/"}]}},"wps_subtitle":"","_links":{"self":[{"href":"https:\/\/www.ronaldocorreiadebrito.com.br\/site2\/wp-json\/wp\/v2\/posts\/1320","targetHints":{"allow":["GET"]}}],"collection":[{"href":"https:\/\/www.ronaldocorreiadebrito.com.br\/site2\/wp-json\/wp\/v2\/posts"}],"about":[{"href":"https:\/\/www.ronaldocorreiadebrito.com.br\/site2\/wp-json\/wp\/v2\/types\/post"}],"author":[{"embeddable":true,"href":"https:\/\/www.ronaldocorreiadebrito.com.br\/site2\/wp-json\/wp\/v2\/users\/1"}],"replies":[{"embeddable":true,"href":"https:\/\/www.ronaldocorreiadebrito.com.br\/site2\/wp-json\/wp\/v2\/comments?post=1320"}],"version-history":[{"count":0,"href":"https:\/\/www.ronaldocorreiadebrito.com.br\/site2\/wp-json\/wp\/v2\/posts\/1320\/revisions"}],"wp:featuredmedia":[{"embeddable":true,"href":"https:\/\/www.ronaldocorreiadebrito.com.br\/site2\/wp-json\/wp\/v2\/media\/1321"}],"wp:attachment":[{"href":"https:\/\/www.ronaldocorreiadebrito.com.br\/site2\/wp-json\/wp\/v2\/media?parent=1320"}],"wp:term":[{"taxonomy":"category","embeddable":true,"href":"https:\/\/www.ronaldocorreiadebrito.com.br\/site2\/wp-json\/wp\/v2\/categories?post=1320"},{"taxonomy":"post_tag","embeddable":true,"href":"https:\/\/www.ronaldocorreiadebrito.com.br\/site2\/wp-json\/wp\/v2\/tags?post=1320"}],"curies":[{"name":"wp","href":"https:\/\/api.w.org\/{rel}","templated":true}]}}