{"id":1303,"date":"2020-05-13T13:14:58","date_gmt":"2020-05-13T16:14:58","guid":{"rendered":"http:\/\/www.ronaldocorreiadebrito.com.br\/site2\/?p=1303"},"modified":"2020-05-13T15:00:09","modified_gmt":"2020-05-13T18:00:09","slug":"estaca-no-rabo-de-todos-eles","status":"publish","type":"post","link":"https:\/\/www.ronaldocorreiadebrito.com.br\/site2\/2020\/05\/estaca-no-rabo-de-todos-eles\/","title":{"rendered":"Estaca no rabo de todos eles"},"content":{"rendered":"<p class=\"p1\" style=\"text-align: right;\"><span class=\"s1\">Di\u00e1rio do isolamento 16<br \/>\n<\/span><span class=\"s1\">(quarta-feira, 13 de maio)<\/span><\/p>\n<p>&nbsp;<\/p>\n<p class=\"p1\"><span class=\"s1\">Entrei na faculdade de medicina, da Universidade Federal de Pernambuco, em fevereiro de 1970, um ano depois da promulga\u00e7\u00e3o do AI-5. O clima era assustador. <\/span><\/p>\n<p class=\"p1\"><span class=\"s1\">Essas mulheres passadas da meia idade, que saem \u00e0s ruas vestindo camisas da sele\u00e7\u00e3o brasileira, pedindo novo golpe militar e a volta do ato institucional, n\u00e3o sabem o que ele representou para muitos de n\u00f3s. Ou esqueceram, ou estavam de viagem a Disney. <\/span><\/p>\n<p class=\"p1\"><span class=\"s1\">Elas s\u00e3o iguais a muitos da antiga esquerda, pol\u00edticos, jornalistas, professores e at\u00e9 ex-presos, que embalados pelo antipetismo \u2013 por inveja, ressentimento ou lavagem cerebral \u2013 ajudaram a construir e a eleger o mito Satan\u00e1s. <\/span><\/p>\n<p class=\"p1\"><span class=\"s1\">Desejo que todos penem no inferno de Hyeronimus Bosch, ardam nas chamas e sofram empalados numa estaca.<\/span><\/p>\n<p class=\"p1\"><span class=\"s1\">Eternamente.<\/span><\/p>\n<p class=\"p1\"><span class=\"s1\">Em 1970, na faculdade de medicina, reproduzia-se o modelo de castas \u2013 n\u00e3o havia cotas. Ou, para citar Gilberto Freyre, tamb\u00e9m invejado por Fernando Henrique Cardoso e soci\u00f3logos da USP, o modelo da Casa Grande e Senzala. As vagas oficiais para o curso eram apenas 120, mas 155 estudantes conseguiram entrar com um mandato de seguran\u00e7a, sendo at\u00e9 hoje chamados de os excedentes ou a turma do mandato. <\/span><\/p>\n<p class=\"p1\"><span class=\"s1\">Era a senzala.<\/span><\/p>\n<p class=\"p1\"><span class=\"s1\">Fieis ao modelo colonial a\u00e7ucareiro, a Casa Grande, vinte alunos oriundos dos col\u00e9gios Marista e S\u00e3o Luis, se matricularam juntos durante todos os cinco anos de faculdade, insepar\u00e1veis, nos primeiros lugares. Ficaram conhecidos como \u201cTurma dos 20\u201d. <\/span><\/p>\n<p class=\"p1\"><span class=\"s1\">Havia alguns ricos \u2013 naquele tempo o abismo entre os ricos e a classe m\u00e9dia n\u00e3o era t\u00e3o abismal quanto hoje \u2013, aspirantes a ricos e puxa-sacos dos ricos. Tinha uma filha e um filho de dono de cart\u00f3rio, vice governador bi\u00f4nico da ditadura militar; uma filha de propriet\u00e1rio de moinhos, com sobrenome estrangeiro; e outros posudos. Pequenos subgrupos sociais gravitavam em torno dos \u201cvinte\u201d, sentindo-se honrados com alguma forma de di\u00e1logo, um simples cumprimento ou mesmo uma carona. A ral\u00e9, o rabo do cometa, os matriculados por \u00faltimo eram pobres, ex\u00f3ticos, maconheiros, veados e subversivos.<\/span><\/p>\n<p class=\"p1\"><span class=\"s1\">Ah, tempinho! <\/span><\/p>\n<p class=\"p1\"><span class=\"s1\">Outro ep\u00edteto pouco lisonjeiro e desonroso da \u201cTurma dos 20\u201d era o de \u201cTurma do Bizu\u201d. <\/span><\/p>\n<p class=\"p1\"><span class=\"s1\">Explico. <\/span><\/p>\n<p class=\"p1\"><span class=\"s1\">Durante o vestibular, um professor da Universidade Federal, filho do reitor Amazonas, passou as quest\u00f5es da prova de f\u00edsica para os vinte prestigiados estudantes. Algu\u00e9m do grupelho, que havia sido reprovado nas provas anteriores, por despeito registrou o \u201cbizu\u201d em cart\u00f3rio. Depois de publicado o resultado de f\u00edsica, a imprensa teve acesso \u00e0 informa\u00e7\u00e3o e todos os jornais estamparam o esc\u00e2ndalo com os nomes dos benefici\u00e1rios. O professor pediu afastamento e foi para os Estados Unidos, como pretende fazer nosso ex-ministro S\u00e9rgio Moro. <\/span><\/p>\n<p class=\"p3\"><span class=\"s1\">Permanecem em causa os deuses, o destino e a sociedade, como na Gr\u00e9cia antiga. Mas entoa-se a pe\u00e3 ao capital, a lei \u00e9 cada um por si e Deus contra todos. O conceito de seres que convivem em estado greg\u00e1rio e em colabora\u00e7\u00e3o m\u00fatua, nunca funcionou para n\u00f3s como sociedade.<\/span><\/p>\n<p class=\"p1\"><span class=\"s1\">A Hist\u00f3ria brasileira igual se repete em modelos micro, m\u00e9dio e macro, fiel ao mesmo formato, desde a coloniza\u00e7\u00e3o, como se obedecesse a um c\u00f3digo gen\u00e9tico. \u00c9 dif\u00edcil romper o ciclo vicioso, o eterno retorno, o ditirambo da trag\u00e9dia. Vez por outra algu\u00e9m tenta, mas se deixa corromper pelo v\u00edcio da historicidade ou \u00e9 engolido. <\/span><\/p>\n<p class=\"p1\"><span class=\"s1\">Tamb\u00e9m,<br \/>\n<\/span><span class=\"s1\">o que n\u00e3o muda,<br \/>\n<\/span><span class=\"s1\">nunca,<br \/>\n<\/span>\u00e9 o destino dos esmagados na senzala.<\/p>\n","protected":false},"excerpt":{"rendered":"<p>Di\u00e1rio do isolamento 16 (quarta-feira, 13 de maio) &nbsp; Entrei na faculdade de medicina, da Universidade Federal de Pernambuco, em fevereiro de 1970, um ano depois da promulga\u00e7\u00e3o do AI-5. O clima era assustador. Essas mulheres passadas da meia idade, que saem \u00e0s ruas vestindo&#8230;<\/p>\n","protected":false},"author":1,"featured_media":1304,"comment_status":"open","ping_status":"closed","sticky":false,"template":"","format":"standard","meta":{"sfsi_plus_gutenberg_text_before_share":"","sfsi_plus_gutenberg_show_text_before_share":"","sfsi_plus_gutenberg_icon_type":"","sfsi_plus_gutenberg_icon_alignemt":"","sfsi_plus_gutenburg_max_per_row":"","footnotes":""},"categories":[8,45],"tags":[],"class_list":["post-1303","post","type-post","status-publish","format-standard","has-post-thumbnail","hentry","category-blog","category-slider"],"yoast_head":"<!-- This site is optimized with the Yoast SEO plugin v27.4 - https:\/\/yoast.com\/product\/yoast-seo-wordpress\/ -->\n<title>Estaca no rabo de todos eles | Ronaldo Correia de Brito | site oficial<\/title>\n<meta name=\"robots\" content=\"index, follow, max-snippet:-1, max-image-preview:large, max-video-preview:-1\" \/>\n<link rel=\"canonical\" href=\"https:\/\/www.ronaldocorreiadebrito.com.br\/site2\/2020\/05\/estaca-no-rabo-de-todos-eles\/\" \/>\n<meta property=\"og:locale\" content=\"pt_BR\" \/>\n<meta property=\"og:type\" content=\"article\" \/>\n<meta property=\"og:title\" content=\"Estaca no rabo de todos eles | Ronaldo Correia de Brito | site oficial\" \/>\n<meta property=\"og:description\" content=\"Di\u00e1rio do isolamento 16 (quarta-feira, 13 de maio) &nbsp; Entrei na faculdade de medicina, da Universidade Federal de Pernambuco, em fevereiro de 1970, um ano depois da promulga\u00e7\u00e3o do AI-5. O clima era assustador. Essas mulheres passadas da meia idade, que saem \u00e0s ruas vestindo...\" \/>\n<meta property=\"og:url\" content=\"https:\/\/www.ronaldocorreiadebrito.com.br\/site2\/2020\/05\/estaca-no-rabo-de-todos-eles\/\" \/>\n<meta property=\"og:site_name\" content=\"Ronaldo Correia de Brito | site oficial\" \/>\n<meta property=\"article:publisher\" content=\"https:\/\/www.facebook.com\/ronaldocorreiadebrito.oficial\" \/>\n<meta property=\"article:published_time\" content=\"2020-05-13T16:14:58+00:00\" \/>\n<meta property=\"article:modified_time\" content=\"2020-05-13T18:00:09+00:00\" \/>\n<meta property=\"og:image\" content=\"https:\/\/www.ronaldocorreiadebrito.com.br\/site2\/wp-content\/uploads\/2020\/05\/111.jpg\" \/>\n\t<meta property=\"og:image:width\" content=\"810\" \/>\n\t<meta property=\"og:image:height\" content=\"839\" \/>\n\t<meta property=\"og:image:type\" content=\"image\/jpeg\" \/>\n<meta name=\"author\" content=\"admin\" \/>\n<meta name=\"twitter:card\" content=\"summary_large_image\" \/>\n<meta name=\"twitter:label1\" content=\"Escrito por\" \/>\n\t<meta name=\"twitter:data1\" content=\"admin\" \/>\n\t<meta name=\"twitter:label2\" content=\"Est. tempo de leitura\" \/>\n\t<meta name=\"twitter:data2\" content=\"3 minutos\" \/>\n<script type=\"application\/ld+json\" class=\"yoast-schema-graph\">{\"@context\":\"https:\\\/\\\/schema.org\",\"@graph\":[{\"@type\":\"Article\",\"@id\":\"https:\\\/\\\/www.ronaldocorreiadebrito.com.br\\\/site2\\\/2020\\\/05\\\/estaca-no-rabo-de-todos-eles\\\/#article\",\"isPartOf\":{\"@id\":\"https:\\\/\\\/www.ronaldocorreiadebrito.com.br\\\/site2\\\/2020\\\/05\\\/estaca-no-rabo-de-todos-eles\\\/\"},\"author\":{\"name\":\"admin\",\"@id\":\"https:\\\/\\\/www.ronaldocorreiadebrito.com.br\\\/site2\\\/#\\\/schema\\\/person\\\/99a164d0eaaff7f78b11899bc7d5e7c9\"},\"headline\":\"Estaca no rabo de todos eles\",\"datePublished\":\"2020-05-13T16:14:58+00:00\",\"dateModified\":\"2020-05-13T18:00:09+00:00\",\"mainEntityOfPage\":{\"@id\":\"https:\\\/\\\/www.ronaldocorreiadebrito.com.br\\\/site2\\\/2020\\\/05\\\/estaca-no-rabo-de-todos-eles\\\/\"},\"wordCount\":592,\"commentCount\":1,\"image\":{\"@id\":\"https:\\\/\\\/www.ronaldocorreiadebrito.com.br\\\/site2\\\/2020\\\/05\\\/estaca-no-rabo-de-todos-eles\\\/#primaryimage\"},\"thumbnailUrl\":\"https:\\\/\\\/www.ronaldocorreiadebrito.com.br\\\/site2\\\/wp-content\\\/uploads\\\/2020\\\/05\\\/111.jpg\",\"articleSection\":[\"Blog\",\"Slider\"],\"inLanguage\":\"pt-BR\",\"potentialAction\":[{\"@type\":\"CommentAction\",\"name\":\"Comment\",\"target\":[\"https:\\\/\\\/www.ronaldocorreiadebrito.com.br\\\/site2\\\/2020\\\/05\\\/estaca-no-rabo-de-todos-eles\\\/#respond\"]}]},{\"@type\":\"WebPage\",\"@id\":\"https:\\\/\\\/www.ronaldocorreiadebrito.com.br\\\/site2\\\/2020\\\/05\\\/estaca-no-rabo-de-todos-eles\\\/\",\"url\":\"https:\\\/\\\/www.ronaldocorreiadebrito.com.br\\\/site2\\\/2020\\\/05\\\/estaca-no-rabo-de-todos-eles\\\/\",\"name\":\"Estaca no rabo de todos eles | Ronaldo Correia de Brito | site oficial\",\"isPartOf\":{\"@id\":\"https:\\\/\\\/www.ronaldocorreiadebrito.com.br\\\/site2\\\/#website\"},\"primaryImageOfPage\":{\"@id\":\"https:\\\/\\\/www.ronaldocorreiadebrito.com.br\\\/site2\\\/2020\\\/05\\\/estaca-no-rabo-de-todos-eles\\\/#primaryimage\"},\"image\":{\"@id\":\"https:\\\/\\\/www.ronaldocorreiadebrito.com.br\\\/site2\\\/2020\\\/05\\\/estaca-no-rabo-de-todos-eles\\\/#primaryimage\"},\"thumbnailUrl\":\"https:\\\/\\\/www.ronaldocorreiadebrito.com.br\\\/site2\\\/wp-content\\\/uploads\\\/2020\\\/05\\\/111.jpg\",\"datePublished\":\"2020-05-13T16:14:58+00:00\",\"dateModified\":\"2020-05-13T18:00:09+00:00\",\"author\":{\"@id\":\"https:\\\/\\\/www.ronaldocorreiadebrito.com.br\\\/site2\\\/#\\\/schema\\\/person\\\/99a164d0eaaff7f78b11899bc7d5e7c9\"},\"breadcrumb\":{\"@id\":\"https:\\\/\\\/www.ronaldocorreiadebrito.com.br\\\/site2\\\/2020\\\/05\\\/estaca-no-rabo-de-todos-eles\\\/#breadcrumb\"},\"inLanguage\":\"pt-BR\",\"potentialAction\":[{\"@type\":\"ReadAction\",\"target\":[\"https:\\\/\\\/www.ronaldocorreiadebrito.com.br\\\/site2\\\/2020\\\/05\\\/estaca-no-rabo-de-todos-eles\\\/\"]}]},{\"@type\":\"ImageObject\",\"inLanguage\":\"pt-BR\",\"@id\":\"https:\\\/\\\/www.ronaldocorreiadebrito.com.br\\\/site2\\\/2020\\\/05\\\/estaca-no-rabo-de-todos-eles\\\/#primaryimage\",\"url\":\"https:\\\/\\\/www.ronaldocorreiadebrito.com.br\\\/site2\\\/wp-content\\\/uploads\\\/2020\\\/05\\\/111.jpg\",\"contentUrl\":\"https:\\\/\\\/www.ronaldocorreiadebrito.com.br\\\/site2\\\/wp-content\\\/uploads\\\/2020\\\/05\\\/111.jpg\",\"width\":810,\"height\":839},{\"@type\":\"BreadcrumbList\",\"@id\":\"https:\\\/\\\/www.ronaldocorreiadebrito.com.br\\\/site2\\\/2020\\\/05\\\/estaca-no-rabo-de-todos-eles\\\/#breadcrumb\",\"itemListElement\":[{\"@type\":\"ListItem\",\"position\":1,\"name\":\"In\u00edcio\",\"item\":\"https:\\\/\\\/www.ronaldocorreiadebrito.com.br\\\/site2\\\/\"},{\"@type\":\"ListItem\",\"position\":2,\"name\":\"Estaca no rabo de todos eles\"}]},{\"@type\":\"WebSite\",\"@id\":\"https:\\\/\\\/www.ronaldocorreiadebrito.com.br\\\/site2\\\/#website\",\"url\":\"https:\\\/\\\/www.ronaldocorreiadebrito.com.br\\\/site2\\\/\",\"name\":\"Ronaldo Correia de Brito | site oficial\",\"description\":\"Site oficial do escritor Ronaldo Correia de Brito\",\"potentialAction\":[{\"@type\":\"SearchAction\",\"target\":{\"@type\":\"EntryPoint\",\"urlTemplate\":\"https:\\\/\\\/www.ronaldocorreiadebrito.com.br\\\/site2\\\/?s={search_term_string}\"},\"query-input\":{\"@type\":\"PropertyValueSpecification\",\"valueRequired\":true,\"valueName\":\"search_term_string\"}}],\"inLanguage\":\"pt-BR\"},{\"@type\":\"Person\",\"@id\":\"https:\\\/\\\/www.ronaldocorreiadebrito.com.br\\\/site2\\\/#\\\/schema\\\/person\\\/99a164d0eaaff7f78b11899bc7d5e7c9\",\"name\":\"admin\",\"url\":\"https:\\\/\\\/www.ronaldocorreiadebrito.com.br\\\/site2\\\/author\\\/admin\\\/\"}]}<\/script>\n<!-- \/ Yoast SEO plugin. -->","yoast_head_json":{"title":"Estaca no rabo de todos eles | Ronaldo Correia de Brito | site oficial","robots":{"index":"index","follow":"follow","max-snippet":"max-snippet:-1","max-image-preview":"max-image-preview:large","max-video-preview":"max-video-preview:-1"},"canonical":"https:\/\/www.ronaldocorreiadebrito.com.br\/site2\/2020\/05\/estaca-no-rabo-de-todos-eles\/","og_locale":"pt_BR","og_type":"article","og_title":"Estaca no rabo de todos eles | Ronaldo Correia de Brito | site oficial","og_description":"Di\u00e1rio do isolamento 16 (quarta-feira, 13 de maio) &nbsp; Entrei na faculdade de medicina, da Universidade Federal de Pernambuco, em fevereiro de 1970, um ano depois da promulga\u00e7\u00e3o do AI-5. O clima era assustador. Essas mulheres passadas da meia idade, que saem \u00e0s ruas vestindo...","og_url":"https:\/\/www.ronaldocorreiadebrito.com.br\/site2\/2020\/05\/estaca-no-rabo-de-todos-eles\/","og_site_name":"Ronaldo Correia de Brito | site oficial","article_publisher":"https:\/\/www.facebook.com\/ronaldocorreiadebrito.oficial","article_published_time":"2020-05-13T16:14:58+00:00","article_modified_time":"2020-05-13T18:00:09+00:00","og_image":[{"width":810,"height":839,"url":"https:\/\/www.ronaldocorreiadebrito.com.br\/site2\/wp-content\/uploads\/2020\/05\/111.jpg","type":"image\/jpeg"}],"author":"admin","twitter_card":"summary_large_image","twitter_misc":{"Escrito por":"admin","Est. tempo de leitura":"3 minutos"},"schema":{"@context":"https:\/\/schema.org","@graph":[{"@type":"Article","@id":"https:\/\/www.ronaldocorreiadebrito.com.br\/site2\/2020\/05\/estaca-no-rabo-de-todos-eles\/#article","isPartOf":{"@id":"https:\/\/www.ronaldocorreiadebrito.com.br\/site2\/2020\/05\/estaca-no-rabo-de-todos-eles\/"},"author":{"name":"admin","@id":"https:\/\/www.ronaldocorreiadebrito.com.br\/site2\/#\/schema\/person\/99a164d0eaaff7f78b11899bc7d5e7c9"},"headline":"Estaca no rabo de todos eles","datePublished":"2020-05-13T16:14:58+00:00","dateModified":"2020-05-13T18:00:09+00:00","mainEntityOfPage":{"@id":"https:\/\/www.ronaldocorreiadebrito.com.br\/site2\/2020\/05\/estaca-no-rabo-de-todos-eles\/"},"wordCount":592,"commentCount":1,"image":{"@id":"https:\/\/www.ronaldocorreiadebrito.com.br\/site2\/2020\/05\/estaca-no-rabo-de-todos-eles\/#primaryimage"},"thumbnailUrl":"https:\/\/www.ronaldocorreiadebrito.com.br\/site2\/wp-content\/uploads\/2020\/05\/111.jpg","articleSection":["Blog","Slider"],"inLanguage":"pt-BR","potentialAction":[{"@type":"CommentAction","name":"Comment","target":["https:\/\/www.ronaldocorreiadebrito.com.br\/site2\/2020\/05\/estaca-no-rabo-de-todos-eles\/#respond"]}]},{"@type":"WebPage","@id":"https:\/\/www.ronaldocorreiadebrito.com.br\/site2\/2020\/05\/estaca-no-rabo-de-todos-eles\/","url":"https:\/\/www.ronaldocorreiadebrito.com.br\/site2\/2020\/05\/estaca-no-rabo-de-todos-eles\/","name":"Estaca no rabo de todos eles | Ronaldo Correia de Brito | site oficial","isPartOf":{"@id":"https:\/\/www.ronaldocorreiadebrito.com.br\/site2\/#website"},"primaryImageOfPage":{"@id":"https:\/\/www.ronaldocorreiadebrito.com.br\/site2\/2020\/05\/estaca-no-rabo-de-todos-eles\/#primaryimage"},"image":{"@id":"https:\/\/www.ronaldocorreiadebrito.com.br\/site2\/2020\/05\/estaca-no-rabo-de-todos-eles\/#primaryimage"},"thumbnailUrl":"https:\/\/www.ronaldocorreiadebrito.com.br\/site2\/wp-content\/uploads\/2020\/05\/111.jpg","datePublished":"2020-05-13T16:14:58+00:00","dateModified":"2020-05-13T18:00:09+00:00","author":{"@id":"https:\/\/www.ronaldocorreiadebrito.com.br\/site2\/#\/schema\/person\/99a164d0eaaff7f78b11899bc7d5e7c9"},"breadcrumb":{"@id":"https:\/\/www.ronaldocorreiadebrito.com.br\/site2\/2020\/05\/estaca-no-rabo-de-todos-eles\/#breadcrumb"},"inLanguage":"pt-BR","potentialAction":[{"@type":"ReadAction","target":["https:\/\/www.ronaldocorreiadebrito.com.br\/site2\/2020\/05\/estaca-no-rabo-de-todos-eles\/"]}]},{"@type":"ImageObject","inLanguage":"pt-BR","@id":"https:\/\/www.ronaldocorreiadebrito.com.br\/site2\/2020\/05\/estaca-no-rabo-de-todos-eles\/#primaryimage","url":"https:\/\/www.ronaldocorreiadebrito.com.br\/site2\/wp-content\/uploads\/2020\/05\/111.jpg","contentUrl":"https:\/\/www.ronaldocorreiadebrito.com.br\/site2\/wp-content\/uploads\/2020\/05\/111.jpg","width":810,"height":839},{"@type":"BreadcrumbList","@id":"https:\/\/www.ronaldocorreiadebrito.com.br\/site2\/2020\/05\/estaca-no-rabo-de-todos-eles\/#breadcrumb","itemListElement":[{"@type":"ListItem","position":1,"name":"In\u00edcio","item":"https:\/\/www.ronaldocorreiadebrito.com.br\/site2\/"},{"@type":"ListItem","position":2,"name":"Estaca no rabo de todos eles"}]},{"@type":"WebSite","@id":"https:\/\/www.ronaldocorreiadebrito.com.br\/site2\/#website","url":"https:\/\/www.ronaldocorreiadebrito.com.br\/site2\/","name":"Ronaldo Correia de Brito | site oficial","description":"Site oficial do escritor Ronaldo Correia de Brito","potentialAction":[{"@type":"SearchAction","target":{"@type":"EntryPoint","urlTemplate":"https:\/\/www.ronaldocorreiadebrito.com.br\/site2\/?s={search_term_string}"},"query-input":{"@type":"PropertyValueSpecification","valueRequired":true,"valueName":"search_term_string"}}],"inLanguage":"pt-BR"},{"@type":"Person","@id":"https:\/\/www.ronaldocorreiadebrito.com.br\/site2\/#\/schema\/person\/99a164d0eaaff7f78b11899bc7d5e7c9","name":"admin","url":"https:\/\/www.ronaldocorreiadebrito.com.br\/site2\/author\/admin\/"}]}},"wps_subtitle":"","_links":{"self":[{"href":"https:\/\/www.ronaldocorreiadebrito.com.br\/site2\/wp-json\/wp\/v2\/posts\/1303","targetHints":{"allow":["GET"]}}],"collection":[{"href":"https:\/\/www.ronaldocorreiadebrito.com.br\/site2\/wp-json\/wp\/v2\/posts"}],"about":[{"href":"https:\/\/www.ronaldocorreiadebrito.com.br\/site2\/wp-json\/wp\/v2\/types\/post"}],"author":[{"embeddable":true,"href":"https:\/\/www.ronaldocorreiadebrito.com.br\/site2\/wp-json\/wp\/v2\/users\/1"}],"replies":[{"embeddable":true,"href":"https:\/\/www.ronaldocorreiadebrito.com.br\/site2\/wp-json\/wp\/v2\/comments?post=1303"}],"version-history":[{"count":0,"href":"https:\/\/www.ronaldocorreiadebrito.com.br\/site2\/wp-json\/wp\/v2\/posts\/1303\/revisions"}],"wp:featuredmedia":[{"embeddable":true,"href":"https:\/\/www.ronaldocorreiadebrito.com.br\/site2\/wp-json\/wp\/v2\/media\/1304"}],"wp:attachment":[{"href":"https:\/\/www.ronaldocorreiadebrito.com.br\/site2\/wp-json\/wp\/v2\/media?parent=1303"}],"wp:term":[{"taxonomy":"category","embeddable":true,"href":"https:\/\/www.ronaldocorreiadebrito.com.br\/site2\/wp-json\/wp\/v2\/categories?post=1303"},{"taxonomy":"post_tag","embeddable":true,"href":"https:\/\/www.ronaldocorreiadebrito.com.br\/site2\/wp-json\/wp\/v2\/tags?post=1303"}],"curies":[{"name":"wp","href":"https:\/\/api.w.org\/{rel}","templated":true}]}}