{"id":1297,"date":"2020-05-03T18:24:39","date_gmt":"2020-05-03T21:24:39","guid":{"rendered":"http:\/\/www.ronaldocorreiadebrito.com.br\/site2\/?p=1297"},"modified":"2020-05-03T18:28:10","modified_gmt":"2020-05-03T21:28:10","slug":"ciencia-e-religiao-do-nosso-tempo","status":"publish","type":"post","link":"https:\/\/www.ronaldocorreiadebrito.com.br\/site2\/2020\/05\/ciencia-e-religiao-do-nosso-tempo\/","title":{"rendered":"A Ci\u00eancia \u00e9 a religi\u00e3o do nosso tempo?"},"content":{"rendered":"<p class=\"p1\" style=\"text-align: right;\">Di\u00e1rio do isolamento 15<br \/>\n<span class=\"s1\">(domingo, 03 de maio)<\/span><\/p>\n<p class=\"p1\"><span class=\"s1\">\u00a0<\/span><\/p>\n<p class=\"p1\"><span class=\"s1\">Passei dias sem \u00e2nimo de escrever uma p\u00e1gina. O di\u00e1rio j\u00e1 existia antes que eu o chamasse assim, na forma de cr\u00f4nica ou pequenos ensaios. O tema da pandemia e do desgoverno brasileiro tornou-se repetitivo, mon\u00f3tono, um lugar comum do jornalismo e das conversas di\u00e1rias. At\u00e9 nas entrevistas me perguntam como o escritor se sente no ex\u00edlio involunt\u00e1rio. Quais os novos projetos de livros, quando h\u00e1 mais horas para a escrita e o \u00f3cio.<\/span><\/p>\n<p class=\"p1\"><span class=\"s1\">Ao contr\u00e1rio de muitos artistas, o tempo livre dessa quarentena n\u00e3o me motiva a escrever. Ele chega artificial pela porta e pelas janelas do apartamento onde moro, num d\u00e9cimo primeiro andar. Preciso de sil\u00eancio e recolhimento volunt\u00e1rios, sem medo nem amea\u00e7a. O escritor busca comunicar-se com os leitores do seu tempo. N\u00e3o sei que tempo \u00e9 esse que vivemos e ignoro como ser\u00e3o os leitores da era p\u00f3s coronav\u00edrus. Agora, nem penso em escrever romances, novelas, contos ou pe\u00e7as de teatro.<\/span><\/p>\n<p class=\"p1\"><span class=\"s1\">Afirmam que o isolamento \u00e9 para o meu bem. Cumpro as regras, respeito a opini\u00e3o da maioria, acato as ordens. Tornei-me obediente a todos os cuidados sanit\u00e1rios, sou quase ortodoxo nisso. Na defesa da sa\u00fade e da vida qualquer limite pode ser imposto \u00e0 liberdade individual, declaram. Mas desconfiado pergunto: a pris\u00e3o for\u00e7ada ser\u00e1 um novo tipo de totalitarismo?<\/span><\/p>\n<p class=\"p1\"><span class=\"s1\">Formular perguntas como essa tornou-se suspeito, ela parece alinhar-se ao pensamento do desgoverno que vivenciamos. Longe de mim. N\u00e3o alinho um tra\u00e7o com o Messias brasileiro. Descubro em Giorgio Agamben inquieta\u00e7\u00f5es semelhantes \u00e0s minhas, venho registrando-as, fa\u00e7o perguntas, grito como um J\u00f3 inconsolado. <\/span><\/p>\n<p>&nbsp;<\/p>\n<pre style=\"padding-left: 30px;\"><span class=\"s1\"><i>Ainda hoje minha queixa \u00e9 uma revolta;\r\n<\/i><\/span><i>\u00a0 \u00a0 \u00a0 \u00a0 \u00a0 \u00a0 minha m\u00e3o comprime meu gemido.\r\n<\/i><span class=\"s1\"><i>Oxal\u00e1 soubesse como encontr\u00e1-Lo,\r\n<\/i><\/span><i>\u00a0 \u00a0 \u00a0 \u00a0 \u00a0 \u00a0 como chegar \u00e0 sua morada.\r\n<\/i><span class=\"s1\"><i>Exporia diante Dele a minha causa,\r\n<\/i><\/span><i>\u00a0 \u00a0 \u00a0 \u00a0 \u00a0 \u00a0 com minha boca cheia de argumentos.<\/i><\/pre>\n<p>&nbsp;<\/p>\n<p class=\"p5\"><span class=\"s2\">Mas desde o <\/span><span class=\"s3\">s\u00e9culo VI antes de Cristo, o fil\u00f3sofo pr\u00e9-socr\u00e1tico Her\u00e1clito de \u00c9feso j\u00e1 definia o logos como um conjunto harm\u00f4nico de leis que comandam o universo, formando uma intelig\u00eancia c\u00f3smica onipresente, que se plenifica no pensamento humano. Ou como a raz\u00e3o que domina todo o universo e que faz poss\u00edvel a exist\u00eancia de ordem e regularidade no acontecimento das coisas. Inaugurava-se a Ci\u00eancia, o fim da explica\u00e7\u00e3o dos fen\u00f4menos da natureza pela mitologia. No s\u00e9culo I depois de Cristo, no\u00a0<i>neoplatonismo<\/i>\u00a0e no\u00a0<i>gnosticismo<\/i>, definiu-se o logos como intelig\u00eancia ativa, transformadora e ordenadora de Deus em sua a\u00e7\u00e3o sobre a realidade.<\/span><\/p>\n<p class=\"p7\"><span class=\"s1\">Um Deus ordenado? Mas isto j\u00e1 \u00e9 Ci\u00eancia. Em nosso tempo a Ci\u00eancia se tornou a nova religi\u00e3o, mesmo que ela n\u00e3o tenha resposta para muitas de nossas perguntas, como agora. <\/span><\/p>\n<p class=\"p7\"><span class=\"s1\">Deus tamb\u00e9m n\u00e3o tinha resposta para os que apelavam a Ele.\u00a0<\/span><\/p>\n<pre class=\"p8\" style=\"padding-left: 30px;\"><span class=\"s1\"><i>\r\nE, todavia, n\u00e3o me dou por vencido por essas trevas;<\/i><\/span>\r\n<span class=\"s1\"><i>       Ele, por\u00e9m, cobriu-me o rosto com a escurid\u00e3o<\/i>.<\/span><\/pre>\n","protected":false},"excerpt":{"rendered":"<p>Di\u00e1rio do isolamento 15 (domingo, 03 de maio) \u00a0 Passei dias sem \u00e2nimo de escrever uma p\u00e1gina. O di\u00e1rio j\u00e1 existia antes que eu o chamasse assim, na forma de cr\u00f4nica ou pequenos ensaios. O tema da pandemia e do desgoverno brasileiro tornou-se repetitivo, mon\u00f3tono,&#8230;<\/p>\n","protected":false},"author":1,"featured_media":1298,"comment_status":"open","ping_status":"closed","sticky":false,"template":"","format":"standard","meta":{"sfsi_plus_gutenberg_text_before_share":"","sfsi_plus_gutenberg_show_text_before_share":"","sfsi_plus_gutenberg_icon_type":"","sfsi_plus_gutenberg_icon_alignemt":"","sfsi_plus_gutenburg_max_per_row":"","footnotes":""},"categories":[8,46,45],"tags":[188],"class_list":["post-1297","post","type-post","status-publish","format-standard","has-post-thumbnail","hentry","category-blog","category-links","category-slider","tag-corona"],"yoast_head":"<!-- This site is optimized with the Yoast SEO plugin v27.4 - https:\/\/yoast.com\/product\/yoast-seo-wordpress\/ -->\n<title>A Ci\u00eancia \u00e9 a religi\u00e3o do nosso tempo? | Ronaldo Correia de Brito | site oficial<\/title>\n<meta name=\"robots\" content=\"index, follow, max-snippet:-1, max-image-preview:large, max-video-preview:-1\" \/>\n<link rel=\"canonical\" href=\"https:\/\/www.ronaldocorreiadebrito.com.br\/site2\/2020\/05\/ciencia-e-religiao-do-nosso-tempo\/\" \/>\n<meta property=\"og:locale\" content=\"pt_BR\" \/>\n<meta property=\"og:type\" content=\"article\" \/>\n<meta property=\"og:title\" content=\"A Ci\u00eancia \u00e9 a religi\u00e3o do nosso tempo? | Ronaldo Correia de Brito | site oficial\" \/>\n<meta property=\"og:description\" content=\"Di\u00e1rio do isolamento 15 (domingo, 03 de maio) \u00a0 Passei dias sem \u00e2nimo de escrever uma p\u00e1gina. O di\u00e1rio j\u00e1 existia antes que eu o chamasse assim, na forma de cr\u00f4nica ou pequenos ensaios. O tema da pandemia e do desgoverno brasileiro tornou-se repetitivo, mon\u00f3tono,...\" \/>\n<meta property=\"og:url\" content=\"https:\/\/www.ronaldocorreiadebrito.com.br\/site2\/2020\/05\/ciencia-e-religiao-do-nosso-tempo\/\" \/>\n<meta property=\"og:site_name\" content=\"Ronaldo Correia de Brito | site oficial\" \/>\n<meta property=\"article:publisher\" content=\"https:\/\/www.facebook.com\/ronaldocorreiadebrito.oficial\" \/>\n<meta property=\"article:published_time\" content=\"2020-05-03T21:24:39+00:00\" \/>\n<meta property=\"article:modified_time\" content=\"2020-05-03T21:28:10+00:00\" \/>\n<meta property=\"og:image\" content=\"https:\/\/www.ronaldocorreiadebrito.com.br\/site2\/wp-content\/uploads\/2020\/05\/Captura-de-Tela-2020-05-03-a\u0300s-18.22.13.png\" \/>\n\t<meta property=\"og:image:width\" content=\"1125\" \/>\n\t<meta property=\"og:image:height\" content=\"632\" \/>\n\t<meta property=\"og:image:type\" content=\"image\/png\" \/>\n<meta name=\"author\" content=\"admin\" \/>\n<meta name=\"twitter:card\" content=\"summary_large_image\" \/>\n<meta name=\"twitter:label1\" content=\"Escrito por\" \/>\n\t<meta name=\"twitter:data1\" content=\"admin\" \/>\n\t<meta name=\"twitter:label2\" content=\"Est. tempo de leitura\" \/>\n\t<meta name=\"twitter:data2\" content=\"3 minutos\" \/>\n<script type=\"application\/ld+json\" class=\"yoast-schema-graph\">{\"@context\":\"https:\\\/\\\/schema.org\",\"@graph\":[{\"@type\":\"Article\",\"@id\":\"https:\\\/\\\/www.ronaldocorreiadebrito.com.br\\\/site2\\\/2020\\\/05\\\/ciencia-e-religiao-do-nosso-tempo\\\/#article\",\"isPartOf\":{\"@id\":\"https:\\\/\\\/www.ronaldocorreiadebrito.com.br\\\/site2\\\/2020\\\/05\\\/ciencia-e-religiao-do-nosso-tempo\\\/\"},\"author\":{\"name\":\"admin\",\"@id\":\"https:\\\/\\\/www.ronaldocorreiadebrito.com.br\\\/site2\\\/#\\\/schema\\\/person\\\/99a164d0eaaff7f78b11899bc7d5e7c9\"},\"headline\":\"A Ci\u00eancia \u00e9 a religi\u00e3o do nosso tempo?\",\"datePublished\":\"2020-05-03T21:24:39+00:00\",\"dateModified\":\"2020-05-03T21:28:10+00:00\",\"mainEntityOfPage\":{\"@id\":\"https:\\\/\\\/www.ronaldocorreiadebrito.com.br\\\/site2\\\/2020\\\/05\\\/ciencia-e-religiao-do-nosso-tempo\\\/\"},\"wordCount\":466,\"commentCount\":0,\"image\":{\"@id\":\"https:\\\/\\\/www.ronaldocorreiadebrito.com.br\\\/site2\\\/2020\\\/05\\\/ciencia-e-religiao-do-nosso-tempo\\\/#primaryimage\"},\"thumbnailUrl\":\"https:\\\/\\\/www.ronaldocorreiadebrito.com.br\\\/site2\\\/wp-content\\\/uploads\\\/2020\\\/05\\\/Captura-de-Tela-2020-05-03-a\u0300s-18.22.13.png\",\"keywords\":[\"corona\"],\"articleSection\":[\"Blog\",\"Links\",\"Slider\"],\"inLanguage\":\"pt-BR\",\"potentialAction\":[{\"@type\":\"CommentAction\",\"name\":\"Comment\",\"target\":[\"https:\\\/\\\/www.ronaldocorreiadebrito.com.br\\\/site2\\\/2020\\\/05\\\/ciencia-e-religiao-do-nosso-tempo\\\/#respond\"]}]},{\"@type\":\"WebPage\",\"@id\":\"https:\\\/\\\/www.ronaldocorreiadebrito.com.br\\\/site2\\\/2020\\\/05\\\/ciencia-e-religiao-do-nosso-tempo\\\/\",\"url\":\"https:\\\/\\\/www.ronaldocorreiadebrito.com.br\\\/site2\\\/2020\\\/05\\\/ciencia-e-religiao-do-nosso-tempo\\\/\",\"name\":\"A Ci\u00eancia \u00e9 a religi\u00e3o do nosso tempo? | Ronaldo Correia de Brito | site oficial\",\"isPartOf\":{\"@id\":\"https:\\\/\\\/www.ronaldocorreiadebrito.com.br\\\/site2\\\/#website\"},\"primaryImageOfPage\":{\"@id\":\"https:\\\/\\\/www.ronaldocorreiadebrito.com.br\\\/site2\\\/2020\\\/05\\\/ciencia-e-religiao-do-nosso-tempo\\\/#primaryimage\"},\"image\":{\"@id\":\"https:\\\/\\\/www.ronaldocorreiadebrito.com.br\\\/site2\\\/2020\\\/05\\\/ciencia-e-religiao-do-nosso-tempo\\\/#primaryimage\"},\"thumbnailUrl\":\"https:\\\/\\\/www.ronaldocorreiadebrito.com.br\\\/site2\\\/wp-content\\\/uploads\\\/2020\\\/05\\\/Captura-de-Tela-2020-05-03-a\u0300s-18.22.13.png\",\"datePublished\":\"2020-05-03T21:24:39+00:00\",\"dateModified\":\"2020-05-03T21:28:10+00:00\",\"author\":{\"@id\":\"https:\\\/\\\/www.ronaldocorreiadebrito.com.br\\\/site2\\\/#\\\/schema\\\/person\\\/99a164d0eaaff7f78b11899bc7d5e7c9\"},\"breadcrumb\":{\"@id\":\"https:\\\/\\\/www.ronaldocorreiadebrito.com.br\\\/site2\\\/2020\\\/05\\\/ciencia-e-religiao-do-nosso-tempo\\\/#breadcrumb\"},\"inLanguage\":\"pt-BR\",\"potentialAction\":[{\"@type\":\"ReadAction\",\"target\":[\"https:\\\/\\\/www.ronaldocorreiadebrito.com.br\\\/site2\\\/2020\\\/05\\\/ciencia-e-religiao-do-nosso-tempo\\\/\"]}]},{\"@type\":\"ImageObject\",\"inLanguage\":\"pt-BR\",\"@id\":\"https:\\\/\\\/www.ronaldocorreiadebrito.com.br\\\/site2\\\/2020\\\/05\\\/ciencia-e-religiao-do-nosso-tempo\\\/#primaryimage\",\"url\":\"https:\\\/\\\/www.ronaldocorreiadebrito.com.br\\\/site2\\\/wp-content\\\/uploads\\\/2020\\\/05\\\/Captura-de-Tela-2020-05-03-a\u0300s-18.22.13.png\",\"contentUrl\":\"https:\\\/\\\/www.ronaldocorreiadebrito.com.br\\\/site2\\\/wp-content\\\/uploads\\\/2020\\\/05\\\/Captura-de-Tela-2020-05-03-a\u0300s-18.22.13.png\",\"width\":1125,\"height\":632},{\"@type\":\"BreadcrumbList\",\"@id\":\"https:\\\/\\\/www.ronaldocorreiadebrito.com.br\\\/site2\\\/2020\\\/05\\\/ciencia-e-religiao-do-nosso-tempo\\\/#breadcrumb\",\"itemListElement\":[{\"@type\":\"ListItem\",\"position\":1,\"name\":\"In\u00edcio\",\"item\":\"https:\\\/\\\/www.ronaldocorreiadebrito.com.br\\\/site2\\\/\"},{\"@type\":\"ListItem\",\"position\":2,\"name\":\"A Ci\u00eancia \u00e9 a religi\u00e3o do nosso tempo?\"}]},{\"@type\":\"WebSite\",\"@id\":\"https:\\\/\\\/www.ronaldocorreiadebrito.com.br\\\/site2\\\/#website\",\"url\":\"https:\\\/\\\/www.ronaldocorreiadebrito.com.br\\\/site2\\\/\",\"name\":\"Ronaldo Correia de Brito | site oficial\",\"description\":\"Site oficial do escritor Ronaldo Correia de Brito\",\"potentialAction\":[{\"@type\":\"SearchAction\",\"target\":{\"@type\":\"EntryPoint\",\"urlTemplate\":\"https:\\\/\\\/www.ronaldocorreiadebrito.com.br\\\/site2\\\/?s={search_term_string}\"},\"query-input\":{\"@type\":\"PropertyValueSpecification\",\"valueRequired\":true,\"valueName\":\"search_term_string\"}}],\"inLanguage\":\"pt-BR\"},{\"@type\":\"Person\",\"@id\":\"https:\\\/\\\/www.ronaldocorreiadebrito.com.br\\\/site2\\\/#\\\/schema\\\/person\\\/99a164d0eaaff7f78b11899bc7d5e7c9\",\"name\":\"admin\",\"url\":\"https:\\\/\\\/www.ronaldocorreiadebrito.com.br\\\/site2\\\/author\\\/admin\\\/\"}]}<\/script>\n<!-- \/ Yoast SEO plugin. -->","yoast_head_json":{"title":"A Ci\u00eancia \u00e9 a religi\u00e3o do nosso tempo? | Ronaldo Correia de Brito | site oficial","robots":{"index":"index","follow":"follow","max-snippet":"max-snippet:-1","max-image-preview":"max-image-preview:large","max-video-preview":"max-video-preview:-1"},"canonical":"https:\/\/www.ronaldocorreiadebrito.com.br\/site2\/2020\/05\/ciencia-e-religiao-do-nosso-tempo\/","og_locale":"pt_BR","og_type":"article","og_title":"A Ci\u00eancia \u00e9 a religi\u00e3o do nosso tempo? | Ronaldo Correia de Brito | site oficial","og_description":"Di\u00e1rio do isolamento 15 (domingo, 03 de maio) \u00a0 Passei dias sem \u00e2nimo de escrever uma p\u00e1gina. O di\u00e1rio j\u00e1 existia antes que eu o chamasse assim, na forma de cr\u00f4nica ou pequenos ensaios. O tema da pandemia e do desgoverno brasileiro tornou-se repetitivo, mon\u00f3tono,...","og_url":"https:\/\/www.ronaldocorreiadebrito.com.br\/site2\/2020\/05\/ciencia-e-religiao-do-nosso-tempo\/","og_site_name":"Ronaldo Correia de Brito | site oficial","article_publisher":"https:\/\/www.facebook.com\/ronaldocorreiadebrito.oficial","article_published_time":"2020-05-03T21:24:39+00:00","article_modified_time":"2020-05-03T21:28:10+00:00","og_image":[{"width":1125,"height":632,"url":"https:\/\/www.ronaldocorreiadebrito.com.br\/site2\/wp-content\/uploads\/2020\/05\/Captura-de-Tela-2020-05-03-a\u0300s-18.22.13.png","type":"image\/png"}],"author":"admin","twitter_card":"summary_large_image","twitter_misc":{"Escrito por":"admin","Est. tempo de leitura":"3 minutos"},"schema":{"@context":"https:\/\/schema.org","@graph":[{"@type":"Article","@id":"https:\/\/www.ronaldocorreiadebrito.com.br\/site2\/2020\/05\/ciencia-e-religiao-do-nosso-tempo\/#article","isPartOf":{"@id":"https:\/\/www.ronaldocorreiadebrito.com.br\/site2\/2020\/05\/ciencia-e-religiao-do-nosso-tempo\/"},"author":{"name":"admin","@id":"https:\/\/www.ronaldocorreiadebrito.com.br\/site2\/#\/schema\/person\/99a164d0eaaff7f78b11899bc7d5e7c9"},"headline":"A Ci\u00eancia \u00e9 a religi\u00e3o do nosso tempo?","datePublished":"2020-05-03T21:24:39+00:00","dateModified":"2020-05-03T21:28:10+00:00","mainEntityOfPage":{"@id":"https:\/\/www.ronaldocorreiadebrito.com.br\/site2\/2020\/05\/ciencia-e-religiao-do-nosso-tempo\/"},"wordCount":466,"commentCount":0,"image":{"@id":"https:\/\/www.ronaldocorreiadebrito.com.br\/site2\/2020\/05\/ciencia-e-religiao-do-nosso-tempo\/#primaryimage"},"thumbnailUrl":"https:\/\/www.ronaldocorreiadebrito.com.br\/site2\/wp-content\/uploads\/2020\/05\/Captura-de-Tela-2020-05-03-a\u0300s-18.22.13.png","keywords":["corona"],"articleSection":["Blog","Links","Slider"],"inLanguage":"pt-BR","potentialAction":[{"@type":"CommentAction","name":"Comment","target":["https:\/\/www.ronaldocorreiadebrito.com.br\/site2\/2020\/05\/ciencia-e-religiao-do-nosso-tempo\/#respond"]}]},{"@type":"WebPage","@id":"https:\/\/www.ronaldocorreiadebrito.com.br\/site2\/2020\/05\/ciencia-e-religiao-do-nosso-tempo\/","url":"https:\/\/www.ronaldocorreiadebrito.com.br\/site2\/2020\/05\/ciencia-e-religiao-do-nosso-tempo\/","name":"A Ci\u00eancia \u00e9 a religi\u00e3o do nosso tempo? | Ronaldo Correia de Brito | site oficial","isPartOf":{"@id":"https:\/\/www.ronaldocorreiadebrito.com.br\/site2\/#website"},"primaryImageOfPage":{"@id":"https:\/\/www.ronaldocorreiadebrito.com.br\/site2\/2020\/05\/ciencia-e-religiao-do-nosso-tempo\/#primaryimage"},"image":{"@id":"https:\/\/www.ronaldocorreiadebrito.com.br\/site2\/2020\/05\/ciencia-e-religiao-do-nosso-tempo\/#primaryimage"},"thumbnailUrl":"https:\/\/www.ronaldocorreiadebrito.com.br\/site2\/wp-content\/uploads\/2020\/05\/Captura-de-Tela-2020-05-03-a\u0300s-18.22.13.png","datePublished":"2020-05-03T21:24:39+00:00","dateModified":"2020-05-03T21:28:10+00:00","author":{"@id":"https:\/\/www.ronaldocorreiadebrito.com.br\/site2\/#\/schema\/person\/99a164d0eaaff7f78b11899bc7d5e7c9"},"breadcrumb":{"@id":"https:\/\/www.ronaldocorreiadebrito.com.br\/site2\/2020\/05\/ciencia-e-religiao-do-nosso-tempo\/#breadcrumb"},"inLanguage":"pt-BR","potentialAction":[{"@type":"ReadAction","target":["https:\/\/www.ronaldocorreiadebrito.com.br\/site2\/2020\/05\/ciencia-e-religiao-do-nosso-tempo\/"]}]},{"@type":"ImageObject","inLanguage":"pt-BR","@id":"https:\/\/www.ronaldocorreiadebrito.com.br\/site2\/2020\/05\/ciencia-e-religiao-do-nosso-tempo\/#primaryimage","url":"https:\/\/www.ronaldocorreiadebrito.com.br\/site2\/wp-content\/uploads\/2020\/05\/Captura-de-Tela-2020-05-03-a\u0300s-18.22.13.png","contentUrl":"https:\/\/www.ronaldocorreiadebrito.com.br\/site2\/wp-content\/uploads\/2020\/05\/Captura-de-Tela-2020-05-03-a\u0300s-18.22.13.png","width":1125,"height":632},{"@type":"BreadcrumbList","@id":"https:\/\/www.ronaldocorreiadebrito.com.br\/site2\/2020\/05\/ciencia-e-religiao-do-nosso-tempo\/#breadcrumb","itemListElement":[{"@type":"ListItem","position":1,"name":"In\u00edcio","item":"https:\/\/www.ronaldocorreiadebrito.com.br\/site2\/"},{"@type":"ListItem","position":2,"name":"A Ci\u00eancia \u00e9 a religi\u00e3o do nosso tempo?"}]},{"@type":"WebSite","@id":"https:\/\/www.ronaldocorreiadebrito.com.br\/site2\/#website","url":"https:\/\/www.ronaldocorreiadebrito.com.br\/site2\/","name":"Ronaldo Correia de Brito | site oficial","description":"Site oficial do escritor Ronaldo Correia de Brito","potentialAction":[{"@type":"SearchAction","target":{"@type":"EntryPoint","urlTemplate":"https:\/\/www.ronaldocorreiadebrito.com.br\/site2\/?s={search_term_string}"},"query-input":{"@type":"PropertyValueSpecification","valueRequired":true,"valueName":"search_term_string"}}],"inLanguage":"pt-BR"},{"@type":"Person","@id":"https:\/\/www.ronaldocorreiadebrito.com.br\/site2\/#\/schema\/person\/99a164d0eaaff7f78b11899bc7d5e7c9","name":"admin","url":"https:\/\/www.ronaldocorreiadebrito.com.br\/site2\/author\/admin\/"}]}},"wps_subtitle":"","_links":{"self":[{"href":"https:\/\/www.ronaldocorreiadebrito.com.br\/site2\/wp-json\/wp\/v2\/posts\/1297","targetHints":{"allow":["GET"]}}],"collection":[{"href":"https:\/\/www.ronaldocorreiadebrito.com.br\/site2\/wp-json\/wp\/v2\/posts"}],"about":[{"href":"https:\/\/www.ronaldocorreiadebrito.com.br\/site2\/wp-json\/wp\/v2\/types\/post"}],"author":[{"embeddable":true,"href":"https:\/\/www.ronaldocorreiadebrito.com.br\/site2\/wp-json\/wp\/v2\/users\/1"}],"replies":[{"embeddable":true,"href":"https:\/\/www.ronaldocorreiadebrito.com.br\/site2\/wp-json\/wp\/v2\/comments?post=1297"}],"version-history":[{"count":0,"href":"https:\/\/www.ronaldocorreiadebrito.com.br\/site2\/wp-json\/wp\/v2\/posts\/1297\/revisions"}],"wp:featuredmedia":[{"embeddable":true,"href":"https:\/\/www.ronaldocorreiadebrito.com.br\/site2\/wp-json\/wp\/v2\/media\/1298"}],"wp:attachment":[{"href":"https:\/\/www.ronaldocorreiadebrito.com.br\/site2\/wp-json\/wp\/v2\/media?parent=1297"}],"wp:term":[{"taxonomy":"category","embeddable":true,"href":"https:\/\/www.ronaldocorreiadebrito.com.br\/site2\/wp-json\/wp\/v2\/categories?post=1297"},{"taxonomy":"post_tag","embeddable":true,"href":"https:\/\/www.ronaldocorreiadebrito.com.br\/site2\/wp-json\/wp\/v2\/tags?post=1297"}],"curies":[{"name":"wp","href":"https:\/\/api.w.org\/{rel}","templated":true}]}}