{"id":1293,"date":"2020-04-28T12:39:52","date_gmt":"2020-04-28T15:39:52","guid":{"rendered":"http:\/\/www.ronaldocorreiadebrito.com.br\/site2\/?p=1293"},"modified":"2020-04-28T12:39:52","modified_gmt":"2020-04-28T15:39:52","slug":"diario-do-isolamento-14-as-feridas-cronicas","status":"publish","type":"post","link":"https:\/\/www.ronaldocorreiadebrito.com.br\/site2\/2020\/04\/diario-do-isolamento-14-as-feridas-cronicas\/","title":{"rendered":"Di\u00e1rio do isolamento 14 | As feridas cr\u00f4nicas"},"content":{"rendered":"<p class=\"p1\"><span class=\"s1\">(ter\u00e7a-feira, 28 de abril)<\/span><\/p>\n<p class=\"p1\"><span class=\"s1\">As feridas cr\u00f4nicas <\/span><\/p>\n<p class=\"p1\"><span class=\"s1\">Eu tinha apenas 12 anos e morava no Crato, quando aconteceu o golpe militar de 1964. J\u00e1 escrevi muitas vezes sobre isso, mas n\u00e3o custa nada repetir. Lembro de ter ouvido os discursos de Arraes, Brizola e Jo\u00e3o Goulart, no com\u00edcio da Central do Brasil, em 13 de mar\u00e7o. O r\u00e1dio Philips trazido dos Inhamuns ficava junto \u00e0 minha rede e eu n\u00e3o conseguia dormir com o barulho. Meu pai era udenista e conservador, minha m\u00e3e, pobrezinha, temia o comunismo, mesmo sem saber do que se tratava. Acendia velas para Nossa Senhora Aparecida, uma imagem de lou\u00e7a que meu irm\u00e3o e eu ganhamos, na primeira comunh\u00e3o.<\/span><\/p>\n<p class=\"p1\"><span class=\"s1\">No dia 31 de mar\u00e7o, quando os militares assumiram o controle do pa\u00eds, os padres mandaram repicar os sinos das igrejas. Estamos livres do comunismo ateu, as pessoas comentavam euf\u00f3ricas. Apenas quando cheguei ao Recife, em 1969, compreendi que a CIA e a Casa Branca forjaram um governo comunista no Brasil, com Jo\u00e3o Goulart, e gastaram milh\u00f5es para convencer disso a opini\u00e3o p\u00fablica americana e brasileira. Tinham medo de perder o prest\u00edgio econ\u00f4mico e a influ\u00eancia que sempre tiveram sobre n\u00f3s. Deram aos militares a seguran\u00e7a necess\u00e1ria para o golpe de 64. Compraram pol\u00edticos, empres\u00e1rios, imprensa, tudo. Goulart renunciou e eles n\u00e3o precisaram invadir nosso territ\u00f3rio. Mas a Marinha americana chegou \u00e0 costa brasileira. <\/span><\/p>\n<p class=\"p1\"><span class=\"s1\">\u00c9 estranho como as pessoas n\u00e3o se d\u00e3o conta dos logros da Hist\u00f3ria. Desde a proclama\u00e7\u00e3o de nossa rep\u00fablica, semelhante a um golpe militar seguido de dois governos militares \u2013 Deodoro da Fonseca e Floriano Peixoto \u2013, vivemos repetidas ditaduras. A de Get\u00falio Vargas, um civil, e a de 1964 a 1985, quando se sucederam cinco militares, oito se contarmos os tr\u00eas membros da junta governativa provis\u00f3ria. Contando com Hermes da Fonseca e Eurico Dutra, eleitos pelo voto, e o atual Jair Bolsonaro, chegamos \u00e0 conta de dez ou treze presidentes militares, um n\u00famero bastante elevado para os 131 anos de rep\u00fablica.<\/span><\/p>\n<p class=\"p1\"><span class=\"s1\">Talvez isso explique os recorrentes apelos \u00e0 volta dos militares, os pedidos de uma nova ditadura, com fechamento do Congresso, Senado e Supremo Tribunal. Tamb\u00e9m pedem o Ato Institucional n\u00famero 5 de volta, o que significa o fim da democracia e de nossa liberdade. Com o atual presidente, um capit\u00e3o reformado, os rogos se elevam a cada semana. Os crimes de v\u00e1rias naturezas que cercam o governo, n\u00e3o atravessam os olhos e ouvidos dos seus apoiadores fan\u00e1ticos, n\u00e3o chegam ao c\u00e9rebro, se registrando como consci\u00eancia da realidade. Segundo novas pesquisas de opini\u00e3o, 48% dos brasileiros rejeitam a abertura de impeachment contra o presidente.<\/span><\/p>\n<p class=\"p1\"><span class=\"s1\">Lembrei a postagem de Andr\u00e9 Nascimento Pontes, professor de L\u00f3gica do Departamento de Filosofia da Universidade Federal do Amazonas: \u00c9 preciso entender. O eleitor do Bolsonaro n\u00e3o vai ficar constrangido ou mudar de opini\u00e3o vendo a diarreia mental e o rebosteio que as ideias do seu candidato provoca. Isso exige um outro patamar de civilidade, de sensibilidade humana. N\u00e3o \u00e9 por argumento, Hist\u00f3ria, n\u00fameros, estudo t\u00e9cnico, que o eleitor de Bolsonaro se interessa. Eles querem \u00e9 um amplificador dos seus pr\u00f3prios preconceitos. Uma metralhadora de frases de efeito. Da\u00ed a empatia. Bolsonaro \u00e9 uma autoimagem de muitos brasileiros: racista, homof\u00f3bico, mis\u00f3gino, s\u00e1dico e subletrado. Todo mundo tem um Bolsonaro perto de si, dizendo diariamente muito do que foi dito no Roda Viva: um amigo, um marido, um tio, um av\u00f4, um colega de trabalho&#8230; Bolsonaro n\u00e3o \u00e9 um mito, Bolsonaro \u00e9 um espelho da ignor\u00e2ncia humana.<\/span><\/p>\n","protected":false},"excerpt":{"rendered":"<p>(ter\u00e7a-feira, 28 de abril) As feridas cr\u00f4nicas Eu tinha apenas 12 anos e morava no Crato, quando aconteceu o golpe militar de 1964. J\u00e1 escrevi muitas vezes sobre isso, mas n\u00e3o custa nada repetir. Lembro de ter ouvido os discursos de Arraes, Brizola e Jo\u00e3o&#8230;<\/p>\n","protected":false},"author":1,"featured_media":1294,"comment_status":"open","ping_status":"closed","sticky":false,"template":"","format":"standard","meta":{"sfsi_plus_gutenberg_text_before_share":"","sfsi_plus_gutenberg_show_text_before_share":"","sfsi_plus_gutenberg_icon_type":"","sfsi_plus_gutenberg_icon_alignemt":"","sfsi_plus_gutenburg_max_per_row":"","footnotes":""},"categories":[8,46,45],"tags":[188],"class_list":["post-1293","post","type-post","status-publish","format-standard","has-post-thumbnail","hentry","category-blog","category-links","category-slider","tag-corona"],"yoast_head":"<!-- This site is optimized with the Yoast SEO plugin v27.4 - https:\/\/yoast.com\/product\/yoast-seo-wordpress\/ -->\n<title>Di\u00e1rio do isolamento 14 | As feridas cr\u00f4nicas | Ronaldo Correia de Brito | site oficial<\/title>\n<meta name=\"robots\" content=\"index, follow, max-snippet:-1, max-image-preview:large, max-video-preview:-1\" \/>\n<link rel=\"canonical\" href=\"https:\/\/www.ronaldocorreiadebrito.com.br\/site2\/2020\/04\/diario-do-isolamento-14-as-feridas-cronicas\/\" \/>\n<meta property=\"og:locale\" content=\"pt_BR\" \/>\n<meta property=\"og:type\" content=\"article\" \/>\n<meta property=\"og:title\" content=\"Di\u00e1rio do isolamento 14 | As feridas cr\u00f4nicas | Ronaldo Correia de Brito | site oficial\" \/>\n<meta property=\"og:description\" content=\"(ter\u00e7a-feira, 28 de abril) As feridas cr\u00f4nicas Eu tinha apenas 12 anos e morava no Crato, quando aconteceu o golpe militar de 1964. J\u00e1 escrevi muitas vezes sobre isso, mas n\u00e3o custa nada repetir. Lembro de ter ouvido os discursos de Arraes, Brizola e Jo\u00e3o...\" \/>\n<meta property=\"og:url\" content=\"https:\/\/www.ronaldocorreiadebrito.com.br\/site2\/2020\/04\/diario-do-isolamento-14-as-feridas-cronicas\/\" \/>\n<meta property=\"og:site_name\" content=\"Ronaldo Correia de Brito | site oficial\" \/>\n<meta property=\"article:publisher\" content=\"https:\/\/www.facebook.com\/ronaldocorreiadebrito.oficial\" \/>\n<meta property=\"article:published_time\" content=\"2020-04-28T15:39:52+00:00\" \/>\n<meta property=\"og:image\" content=\"https:\/\/www.ronaldocorreiadebrito.com.br\/site2\/wp-content\/uploads\/2020\/04\/abstrato-ciclo.jpg\" \/>\n\t<meta property=\"og:image:width\" content=\"640\" \/>\n\t<meta property=\"og:image:height\" content=\"475\" \/>\n\t<meta property=\"og:image:type\" content=\"image\/jpeg\" \/>\n<meta name=\"author\" content=\"admin\" \/>\n<meta name=\"twitter:card\" content=\"summary_large_image\" \/>\n<meta name=\"twitter:label1\" content=\"Escrito por\" \/>\n\t<meta name=\"twitter:data1\" content=\"admin\" \/>\n\t<meta name=\"twitter:label2\" content=\"Est. tempo de leitura\" \/>\n\t<meta name=\"twitter:data2\" content=\"3 minutos\" \/>\n<script type=\"application\/ld+json\" class=\"yoast-schema-graph\">{\"@context\":\"https:\\\/\\\/schema.org\",\"@graph\":[{\"@type\":\"Article\",\"@id\":\"https:\\\/\\\/www.ronaldocorreiadebrito.com.br\\\/site2\\\/2020\\\/04\\\/diario-do-isolamento-14-as-feridas-cronicas\\\/#article\",\"isPartOf\":{\"@id\":\"https:\\\/\\\/www.ronaldocorreiadebrito.com.br\\\/site2\\\/2020\\\/04\\\/diario-do-isolamento-14-as-feridas-cronicas\\\/\"},\"author\":{\"name\":\"admin\",\"@id\":\"https:\\\/\\\/www.ronaldocorreiadebrito.com.br\\\/site2\\\/#\\\/schema\\\/person\\\/99a164d0eaaff7f78b11899bc7d5e7c9\"},\"headline\":\"Di\u00e1rio do isolamento 14 | As feridas cr\u00f4nicas\",\"datePublished\":\"2020-04-28T15:39:52+00:00\",\"mainEntityOfPage\":{\"@id\":\"https:\\\/\\\/www.ronaldocorreiadebrito.com.br\\\/site2\\\/2020\\\/04\\\/diario-do-isolamento-14-as-feridas-cronicas\\\/\"},\"wordCount\":623,\"commentCount\":1,\"image\":{\"@id\":\"https:\\\/\\\/www.ronaldocorreiadebrito.com.br\\\/site2\\\/2020\\\/04\\\/diario-do-isolamento-14-as-feridas-cronicas\\\/#primaryimage\"},\"thumbnailUrl\":\"https:\\\/\\\/www.ronaldocorreiadebrito.com.br\\\/site2\\\/wp-content\\\/uploads\\\/2020\\\/04\\\/abstrato-ciclo.jpg\",\"keywords\":[\"corona\"],\"articleSection\":[\"Blog\",\"Links\",\"Slider\"],\"inLanguage\":\"pt-BR\",\"potentialAction\":[{\"@type\":\"CommentAction\",\"name\":\"Comment\",\"target\":[\"https:\\\/\\\/www.ronaldocorreiadebrito.com.br\\\/site2\\\/2020\\\/04\\\/diario-do-isolamento-14-as-feridas-cronicas\\\/#respond\"]}]},{\"@type\":\"WebPage\",\"@id\":\"https:\\\/\\\/www.ronaldocorreiadebrito.com.br\\\/site2\\\/2020\\\/04\\\/diario-do-isolamento-14-as-feridas-cronicas\\\/\",\"url\":\"https:\\\/\\\/www.ronaldocorreiadebrito.com.br\\\/site2\\\/2020\\\/04\\\/diario-do-isolamento-14-as-feridas-cronicas\\\/\",\"name\":\"Di\u00e1rio do isolamento 14 | As feridas cr\u00f4nicas | Ronaldo Correia de Brito | site oficial\",\"isPartOf\":{\"@id\":\"https:\\\/\\\/www.ronaldocorreiadebrito.com.br\\\/site2\\\/#website\"},\"primaryImageOfPage\":{\"@id\":\"https:\\\/\\\/www.ronaldocorreiadebrito.com.br\\\/site2\\\/2020\\\/04\\\/diario-do-isolamento-14-as-feridas-cronicas\\\/#primaryimage\"},\"image\":{\"@id\":\"https:\\\/\\\/www.ronaldocorreiadebrito.com.br\\\/site2\\\/2020\\\/04\\\/diario-do-isolamento-14-as-feridas-cronicas\\\/#primaryimage\"},\"thumbnailUrl\":\"https:\\\/\\\/www.ronaldocorreiadebrito.com.br\\\/site2\\\/wp-content\\\/uploads\\\/2020\\\/04\\\/abstrato-ciclo.jpg\",\"datePublished\":\"2020-04-28T15:39:52+00:00\",\"author\":{\"@id\":\"https:\\\/\\\/www.ronaldocorreiadebrito.com.br\\\/site2\\\/#\\\/schema\\\/person\\\/99a164d0eaaff7f78b11899bc7d5e7c9\"},\"breadcrumb\":{\"@id\":\"https:\\\/\\\/www.ronaldocorreiadebrito.com.br\\\/site2\\\/2020\\\/04\\\/diario-do-isolamento-14-as-feridas-cronicas\\\/#breadcrumb\"},\"inLanguage\":\"pt-BR\",\"potentialAction\":[{\"@type\":\"ReadAction\",\"target\":[\"https:\\\/\\\/www.ronaldocorreiadebrito.com.br\\\/site2\\\/2020\\\/04\\\/diario-do-isolamento-14-as-feridas-cronicas\\\/\"]}]},{\"@type\":\"ImageObject\",\"inLanguage\":\"pt-BR\",\"@id\":\"https:\\\/\\\/www.ronaldocorreiadebrito.com.br\\\/site2\\\/2020\\\/04\\\/diario-do-isolamento-14-as-feridas-cronicas\\\/#primaryimage\",\"url\":\"https:\\\/\\\/www.ronaldocorreiadebrito.com.br\\\/site2\\\/wp-content\\\/uploads\\\/2020\\\/04\\\/abstrato-ciclo.jpg\",\"contentUrl\":\"https:\\\/\\\/www.ronaldocorreiadebrito.com.br\\\/site2\\\/wp-content\\\/uploads\\\/2020\\\/04\\\/abstrato-ciclo.jpg\",\"width\":640,\"height\":475},{\"@type\":\"BreadcrumbList\",\"@id\":\"https:\\\/\\\/www.ronaldocorreiadebrito.com.br\\\/site2\\\/2020\\\/04\\\/diario-do-isolamento-14-as-feridas-cronicas\\\/#breadcrumb\",\"itemListElement\":[{\"@type\":\"ListItem\",\"position\":1,\"name\":\"In\u00edcio\",\"item\":\"https:\\\/\\\/www.ronaldocorreiadebrito.com.br\\\/site2\\\/\"},{\"@type\":\"ListItem\",\"position\":2,\"name\":\"Di\u00e1rio do isolamento 14 | As feridas cr\u00f4nicas\"}]},{\"@type\":\"WebSite\",\"@id\":\"https:\\\/\\\/www.ronaldocorreiadebrito.com.br\\\/site2\\\/#website\",\"url\":\"https:\\\/\\\/www.ronaldocorreiadebrito.com.br\\\/site2\\\/\",\"name\":\"Ronaldo Correia de Brito | site oficial\",\"description\":\"Site oficial do escritor Ronaldo Correia de Brito\",\"potentialAction\":[{\"@type\":\"SearchAction\",\"target\":{\"@type\":\"EntryPoint\",\"urlTemplate\":\"https:\\\/\\\/www.ronaldocorreiadebrito.com.br\\\/site2\\\/?s={search_term_string}\"},\"query-input\":{\"@type\":\"PropertyValueSpecification\",\"valueRequired\":true,\"valueName\":\"search_term_string\"}}],\"inLanguage\":\"pt-BR\"},{\"@type\":\"Person\",\"@id\":\"https:\\\/\\\/www.ronaldocorreiadebrito.com.br\\\/site2\\\/#\\\/schema\\\/person\\\/99a164d0eaaff7f78b11899bc7d5e7c9\",\"name\":\"admin\",\"url\":\"https:\\\/\\\/www.ronaldocorreiadebrito.com.br\\\/site2\\\/author\\\/admin\\\/\"}]}<\/script>\n<!-- \/ Yoast SEO plugin. -->","yoast_head_json":{"title":"Di\u00e1rio do isolamento 14 | As feridas cr\u00f4nicas | Ronaldo Correia de Brito | site oficial","robots":{"index":"index","follow":"follow","max-snippet":"max-snippet:-1","max-image-preview":"max-image-preview:large","max-video-preview":"max-video-preview:-1"},"canonical":"https:\/\/www.ronaldocorreiadebrito.com.br\/site2\/2020\/04\/diario-do-isolamento-14-as-feridas-cronicas\/","og_locale":"pt_BR","og_type":"article","og_title":"Di\u00e1rio do isolamento 14 | As feridas cr\u00f4nicas | Ronaldo Correia de Brito | site oficial","og_description":"(ter\u00e7a-feira, 28 de abril) As feridas cr\u00f4nicas Eu tinha apenas 12 anos e morava no Crato, quando aconteceu o golpe militar de 1964. J\u00e1 escrevi muitas vezes sobre isso, mas n\u00e3o custa nada repetir. Lembro de ter ouvido os discursos de Arraes, Brizola e Jo\u00e3o...","og_url":"https:\/\/www.ronaldocorreiadebrito.com.br\/site2\/2020\/04\/diario-do-isolamento-14-as-feridas-cronicas\/","og_site_name":"Ronaldo Correia de Brito | site oficial","article_publisher":"https:\/\/www.facebook.com\/ronaldocorreiadebrito.oficial","article_published_time":"2020-04-28T15:39:52+00:00","og_image":[{"width":640,"height":475,"url":"https:\/\/www.ronaldocorreiadebrito.com.br\/site2\/wp-content\/uploads\/2020\/04\/abstrato-ciclo.jpg","type":"image\/jpeg"}],"author":"admin","twitter_card":"summary_large_image","twitter_misc":{"Escrito por":"admin","Est. tempo de leitura":"3 minutos"},"schema":{"@context":"https:\/\/schema.org","@graph":[{"@type":"Article","@id":"https:\/\/www.ronaldocorreiadebrito.com.br\/site2\/2020\/04\/diario-do-isolamento-14-as-feridas-cronicas\/#article","isPartOf":{"@id":"https:\/\/www.ronaldocorreiadebrito.com.br\/site2\/2020\/04\/diario-do-isolamento-14-as-feridas-cronicas\/"},"author":{"name":"admin","@id":"https:\/\/www.ronaldocorreiadebrito.com.br\/site2\/#\/schema\/person\/99a164d0eaaff7f78b11899bc7d5e7c9"},"headline":"Di\u00e1rio do isolamento 14 | As feridas cr\u00f4nicas","datePublished":"2020-04-28T15:39:52+00:00","mainEntityOfPage":{"@id":"https:\/\/www.ronaldocorreiadebrito.com.br\/site2\/2020\/04\/diario-do-isolamento-14-as-feridas-cronicas\/"},"wordCount":623,"commentCount":1,"image":{"@id":"https:\/\/www.ronaldocorreiadebrito.com.br\/site2\/2020\/04\/diario-do-isolamento-14-as-feridas-cronicas\/#primaryimage"},"thumbnailUrl":"https:\/\/www.ronaldocorreiadebrito.com.br\/site2\/wp-content\/uploads\/2020\/04\/abstrato-ciclo.jpg","keywords":["corona"],"articleSection":["Blog","Links","Slider"],"inLanguage":"pt-BR","potentialAction":[{"@type":"CommentAction","name":"Comment","target":["https:\/\/www.ronaldocorreiadebrito.com.br\/site2\/2020\/04\/diario-do-isolamento-14-as-feridas-cronicas\/#respond"]}]},{"@type":"WebPage","@id":"https:\/\/www.ronaldocorreiadebrito.com.br\/site2\/2020\/04\/diario-do-isolamento-14-as-feridas-cronicas\/","url":"https:\/\/www.ronaldocorreiadebrito.com.br\/site2\/2020\/04\/diario-do-isolamento-14-as-feridas-cronicas\/","name":"Di\u00e1rio do isolamento 14 | As feridas cr\u00f4nicas | Ronaldo Correia de Brito | site oficial","isPartOf":{"@id":"https:\/\/www.ronaldocorreiadebrito.com.br\/site2\/#website"},"primaryImageOfPage":{"@id":"https:\/\/www.ronaldocorreiadebrito.com.br\/site2\/2020\/04\/diario-do-isolamento-14-as-feridas-cronicas\/#primaryimage"},"image":{"@id":"https:\/\/www.ronaldocorreiadebrito.com.br\/site2\/2020\/04\/diario-do-isolamento-14-as-feridas-cronicas\/#primaryimage"},"thumbnailUrl":"https:\/\/www.ronaldocorreiadebrito.com.br\/site2\/wp-content\/uploads\/2020\/04\/abstrato-ciclo.jpg","datePublished":"2020-04-28T15:39:52+00:00","author":{"@id":"https:\/\/www.ronaldocorreiadebrito.com.br\/site2\/#\/schema\/person\/99a164d0eaaff7f78b11899bc7d5e7c9"},"breadcrumb":{"@id":"https:\/\/www.ronaldocorreiadebrito.com.br\/site2\/2020\/04\/diario-do-isolamento-14-as-feridas-cronicas\/#breadcrumb"},"inLanguage":"pt-BR","potentialAction":[{"@type":"ReadAction","target":["https:\/\/www.ronaldocorreiadebrito.com.br\/site2\/2020\/04\/diario-do-isolamento-14-as-feridas-cronicas\/"]}]},{"@type":"ImageObject","inLanguage":"pt-BR","@id":"https:\/\/www.ronaldocorreiadebrito.com.br\/site2\/2020\/04\/diario-do-isolamento-14-as-feridas-cronicas\/#primaryimage","url":"https:\/\/www.ronaldocorreiadebrito.com.br\/site2\/wp-content\/uploads\/2020\/04\/abstrato-ciclo.jpg","contentUrl":"https:\/\/www.ronaldocorreiadebrito.com.br\/site2\/wp-content\/uploads\/2020\/04\/abstrato-ciclo.jpg","width":640,"height":475},{"@type":"BreadcrumbList","@id":"https:\/\/www.ronaldocorreiadebrito.com.br\/site2\/2020\/04\/diario-do-isolamento-14-as-feridas-cronicas\/#breadcrumb","itemListElement":[{"@type":"ListItem","position":1,"name":"In\u00edcio","item":"https:\/\/www.ronaldocorreiadebrito.com.br\/site2\/"},{"@type":"ListItem","position":2,"name":"Di\u00e1rio do isolamento 14 | As feridas cr\u00f4nicas"}]},{"@type":"WebSite","@id":"https:\/\/www.ronaldocorreiadebrito.com.br\/site2\/#website","url":"https:\/\/www.ronaldocorreiadebrito.com.br\/site2\/","name":"Ronaldo Correia de Brito | site oficial","description":"Site oficial do escritor Ronaldo Correia de Brito","potentialAction":[{"@type":"SearchAction","target":{"@type":"EntryPoint","urlTemplate":"https:\/\/www.ronaldocorreiadebrito.com.br\/site2\/?s={search_term_string}"},"query-input":{"@type":"PropertyValueSpecification","valueRequired":true,"valueName":"search_term_string"}}],"inLanguage":"pt-BR"},{"@type":"Person","@id":"https:\/\/www.ronaldocorreiadebrito.com.br\/site2\/#\/schema\/person\/99a164d0eaaff7f78b11899bc7d5e7c9","name":"admin","url":"https:\/\/www.ronaldocorreiadebrito.com.br\/site2\/author\/admin\/"}]}},"wps_subtitle":"","_links":{"self":[{"href":"https:\/\/www.ronaldocorreiadebrito.com.br\/site2\/wp-json\/wp\/v2\/posts\/1293","targetHints":{"allow":["GET"]}}],"collection":[{"href":"https:\/\/www.ronaldocorreiadebrito.com.br\/site2\/wp-json\/wp\/v2\/posts"}],"about":[{"href":"https:\/\/www.ronaldocorreiadebrito.com.br\/site2\/wp-json\/wp\/v2\/types\/post"}],"author":[{"embeddable":true,"href":"https:\/\/www.ronaldocorreiadebrito.com.br\/site2\/wp-json\/wp\/v2\/users\/1"}],"replies":[{"embeddable":true,"href":"https:\/\/www.ronaldocorreiadebrito.com.br\/site2\/wp-json\/wp\/v2\/comments?post=1293"}],"version-history":[{"count":0,"href":"https:\/\/www.ronaldocorreiadebrito.com.br\/site2\/wp-json\/wp\/v2\/posts\/1293\/revisions"}],"wp:featuredmedia":[{"embeddable":true,"href":"https:\/\/www.ronaldocorreiadebrito.com.br\/site2\/wp-json\/wp\/v2\/media\/1294"}],"wp:attachment":[{"href":"https:\/\/www.ronaldocorreiadebrito.com.br\/site2\/wp-json\/wp\/v2\/media?parent=1293"}],"wp:term":[{"taxonomy":"category","embeddable":true,"href":"https:\/\/www.ronaldocorreiadebrito.com.br\/site2\/wp-json\/wp\/v2\/categories?post=1293"},{"taxonomy":"post_tag","embeddable":true,"href":"https:\/\/www.ronaldocorreiadebrito.com.br\/site2\/wp-json\/wp\/v2\/tags?post=1293"}],"curies":[{"name":"wp","href":"https:\/\/api.w.org\/{rel}","templated":true}]}}