{"id":1290,"date":"2020-04-26T15:38:34","date_gmt":"2020-04-26T18:38:34","guid":{"rendered":"http:\/\/www.ronaldocorreiadebrito.com.br\/site2\/?p=1290"},"modified":"2020-04-26T15:38:34","modified_gmt":"2020-04-26T18:38:34","slug":"diario-do-isolamento-13-loja-dos-horrores","status":"publish","type":"post","link":"https:\/\/www.ronaldocorreiadebrito.com.br\/site2\/2020\/04\/diario-do-isolamento-13-loja-dos-horrores\/","title":{"rendered":"Di\u00e1rio do isolamento 13 &#8211; A loja dos horrores"},"content":{"rendered":"<p class=\"p1\" style=\"text-align: right;\"><span class=\"s1\">(domingo, 26 de abril)<\/span><\/p>\n<h5 class=\"p1\"><span class=\"s1\">A loja dos horrores<\/span><\/h5>\n<p class=\"p1\"><span class=\"s1\">\u201cSe for mesmo imperioso, terei de lavar as m\u00e3os quarenta vezes com potassa, outras quarenta com raiz arom\u00e1tica, e mais quarenta com sab\u00e3o, totalizando cento e vinte vezes.\u201d<\/span><\/p>\n<p class=\"p1\"><span class=\"s1\">Ainda n\u00e3o cheguei a tanto, mas se algum dia sairmos do isolamento \u2013 possibilidade cada vez mais remota \u2013, teremos elevado o nosso insignificante transtorno obsessivo compulsivo \u00e0 categoria de neurose grave. Se cuidem, a higiene excessiva \u00e9 uma f\u00e1brica de loucos: apertar o bot\u00e3o do elevador com o cotovelo; lavar as m\u00e3os antes de tirar a m\u00e1scara e, depois, repetir a lavagem; abrir portas com os p\u00e9s; passar \u00e1lcool gel no saquinho de batata fritas; n\u00e3o levar as m\u00e3os ao rosto; manter dist\u00e2ncia suficiente das pessoas; n\u00e3o permitir que o corpo roce em paredes; n\u00e3o fazer isso, nem aquilo, nem etc. Em suma, um manic\u00f4mio.<\/span><\/p>\n<p class=\"p1\"><span class=\"s1\">A recomenda\u00e7\u00e3o no primeiro par\u00e1grafo n\u00e3o foi sugerida por mim, est\u00e1 no <i>Livro das mil e uma noites<\/i>, ramo s\u00edrio, traduzido por Mamede Mustafa Jarouche. Se trata do infeliz casamento de um mercador de Bagd\u00e1 com a favorita de Madame Zubayda, esposa do califa Harun al-Rashid. Depois de perip\u00e9cias s\u00f3 descritas nos contos \u00e1rabes, o jovem mercador, que tivera a sorte ou o azar de conhecer e se apaixonar pela criada de Zubayda, finalmente se casa com ela. Na noite de n\u00fapcias, come um ensopado de carne com tempero de cominho, pimenta e v\u00e1rios ingredientes fortes.\u00a0<\/span><\/p>\n<p class=\"p1\"><span class=\"s1\">Maravilhado com a beleza da jovem esposa, o rapaz esquece de lavar as m\u00e3os e vai ao leito nupcial. A mo\u00e7a se ofende com o desleixo, reclama do odor insuport\u00e1vel, ordena que suas servidoras segurem o marido e o espanca sem piedade. Como se isso n\u00e3o bastasse, ela mesma amputa com uma faca os polegares das m\u00e3os e dos p\u00e9s do aturdido rapaz. Antes, informa-o de que ele deveria ter lavado as m\u00e3os cento e vinte vezes, conforme a receita acima. O infeliz desmaia com as dores. A diligente esposa estanca o sangramento e durante um m\u00eas faz curativos, at\u00e9 que as feridas sarem. Com o dote recebido do califa, o casal compra um bel\u00edssimo pal\u00e1cio, onde vivem anos de felicidade e ventura, at\u00e9 que a morte os separe. <\/span><\/p>\n<p class=\"p1\"><span class=\"s1\">Nesse tempo pand\u00eamico, nunca recorri \u00e0 f\u00f3rmula \u00e1rabe higi\u00eanica. Limitei-me \u00e0 \u00e1gua e sab\u00e3o, que parece funcionar bem. Quanto \u00e0 amputa\u00e7\u00e3o dos polegares, venho sofrendo quase todos os dias. O pa\u00eds atravessa a maior crise da sua hist\u00f3ria: pol\u00edtica, sanit\u00e1ria e econ\u00f4mica. Em meio \u00e0 dor e ao choro, \u00e0 fome e \u00e0 mis\u00e9ria, impossibilitados de frequentar os teatros e assistir bons espet\u00e1culos, vemos pantomimas de terceira, com atores ruins, transmitidas em cadeia nacional. <\/span><\/p>\n<p class=\"p1\"><span class=\"s1\">Nos dramalh\u00f5es da \u00faltima sexta-feira, os protagonistas da cena televisiva lembravam as pinturas assustadoras de Bruegel. Provocavam riso, nojo e medo, como no filme <i>A pequena loja dos horrores<\/i>, em que o personagem Seymor alimenta uma planta carn\u00edvora com peda\u00e7os de carne humana. Meus quatro polegares j\u00e1 se foram e peda\u00e7os do f\u00edgado, cora\u00e7\u00e3o e c\u00e9rebro de muitos brasileiros.<span class=\"Apple-converted-space\">\u00a0 <\/span>Mas os personagens que exercem o poder na triste cena nacional s\u00e3o insaci\u00e1veis, e n\u00e3o cansam de beber o nosso sangue e sugar a medula dos nossos ossos. At\u00e9 quando? At\u00e9 quando deixarmos.<\/span><\/p>\n","protected":false},"excerpt":{"rendered":"<p>(domingo, 26 de abril) A loja dos horrores \u201cSe for mesmo imperioso, terei de lavar as m\u00e3os quarenta vezes com potassa, outras quarenta com raiz arom\u00e1tica, e mais quarenta com sab\u00e3o, totalizando cento e vinte vezes.\u201d Ainda n\u00e3o cheguei a tanto, mas se algum dia&#8230;<\/p>\n","protected":false},"author":1,"featured_media":1291,"comment_status":"open","ping_status":"closed","sticky":false,"template":"","format":"standard","meta":{"sfsi_plus_gutenberg_text_before_share":"","sfsi_plus_gutenberg_show_text_before_share":"","sfsi_plus_gutenberg_icon_type":"","sfsi_plus_gutenberg_icon_alignemt":"","sfsi_plus_gutenburg_max_per_row":"","footnotes":""},"categories":[8,46,45],"tags":[188],"class_list":["post-1290","post","type-post","status-publish","format-standard","has-post-thumbnail","hentry","category-blog","category-links","category-slider","tag-corona"],"yoast_head":"<!-- This site is optimized with the Yoast SEO plugin v27.4 - https:\/\/yoast.com\/product\/yoast-seo-wordpress\/ -->\n<title>Di\u00e1rio do isolamento 13 - A loja dos horrores | Ronaldo Correia de Brito | site oficial<\/title>\n<meta name=\"robots\" content=\"index, follow, max-snippet:-1, max-image-preview:large, max-video-preview:-1\" \/>\n<link rel=\"canonical\" href=\"https:\/\/www.ronaldocorreiadebrito.com.br\/site2\/2020\/04\/diario-do-isolamento-13-loja-dos-horrores\/\" \/>\n<meta property=\"og:locale\" content=\"pt_BR\" \/>\n<meta property=\"og:type\" content=\"article\" \/>\n<meta property=\"og:title\" content=\"Di\u00e1rio do isolamento 13 - A loja dos horrores | Ronaldo Correia de Brito | site oficial\" \/>\n<meta property=\"og:description\" content=\"(domingo, 26 de abril) A loja dos horrores \u201cSe for mesmo imperioso, terei de lavar as m\u00e3os quarenta vezes com potassa, outras quarenta com raiz arom\u00e1tica, e mais quarenta com sab\u00e3o, totalizando cento e vinte vezes.\u201d Ainda n\u00e3o cheguei a tanto, mas se algum dia...\" \/>\n<meta property=\"og:url\" content=\"https:\/\/www.ronaldocorreiadebrito.com.br\/site2\/2020\/04\/diario-do-isolamento-13-loja-dos-horrores\/\" \/>\n<meta property=\"og:site_name\" content=\"Ronaldo Correia de Brito | site oficial\" \/>\n<meta property=\"article:publisher\" content=\"https:\/\/www.facebook.com\/ronaldocorreiadebrito.oficial\" \/>\n<meta property=\"article:published_time\" content=\"2020-04-26T18:38:34+00:00\" \/>\n<meta property=\"og:image\" content=\"https:\/\/www.ronaldocorreiadebrito.com.br\/site2\/wp-content\/uploads\/2020\/04\/Oswald_Andrade_4_RM_135.jpg\" \/>\n\t<meta property=\"og:image:width\" content=\"283\" \/>\n\t<meta property=\"og:image:height\" content=\"499\" \/>\n\t<meta property=\"og:image:type\" content=\"image\/jpeg\" \/>\n<meta name=\"author\" content=\"admin\" \/>\n<meta name=\"twitter:card\" content=\"summary_large_image\" \/>\n<meta name=\"twitter:label1\" content=\"Escrito por\" \/>\n\t<meta name=\"twitter:data1\" content=\"admin\" \/>\n\t<meta name=\"twitter:label2\" content=\"Est. tempo de leitura\" \/>\n\t<meta name=\"twitter:data2\" content=\"3 minutos\" \/>\n<script type=\"application\/ld+json\" class=\"yoast-schema-graph\">{\"@context\":\"https:\\\/\\\/schema.org\",\"@graph\":[{\"@type\":\"Article\",\"@id\":\"https:\\\/\\\/www.ronaldocorreiadebrito.com.br\\\/site2\\\/2020\\\/04\\\/diario-do-isolamento-13-loja-dos-horrores\\\/#article\",\"isPartOf\":{\"@id\":\"https:\\\/\\\/www.ronaldocorreiadebrito.com.br\\\/site2\\\/2020\\\/04\\\/diario-do-isolamento-13-loja-dos-horrores\\\/\"},\"author\":{\"name\":\"admin\",\"@id\":\"https:\\\/\\\/www.ronaldocorreiadebrito.com.br\\\/site2\\\/#\\\/schema\\\/person\\\/99a164d0eaaff7f78b11899bc7d5e7c9\"},\"headline\":\"Di\u00e1rio do isolamento 13 &#8211; A loja dos horrores\",\"datePublished\":\"2020-04-26T18:38:34+00:00\",\"mainEntityOfPage\":{\"@id\":\"https:\\\/\\\/www.ronaldocorreiadebrito.com.br\\\/site2\\\/2020\\\/04\\\/diario-do-isolamento-13-loja-dos-horrores\\\/\"},\"wordCount\":585,\"commentCount\":0,\"image\":{\"@id\":\"https:\\\/\\\/www.ronaldocorreiadebrito.com.br\\\/site2\\\/2020\\\/04\\\/diario-do-isolamento-13-loja-dos-horrores\\\/#primaryimage\"},\"thumbnailUrl\":\"https:\\\/\\\/www.ronaldocorreiadebrito.com.br\\\/site2\\\/wp-content\\\/uploads\\\/2020\\\/04\\\/Oswald_Andrade_4_RM_135.jpg\",\"keywords\":[\"corona\"],\"articleSection\":[\"Blog\",\"Links\",\"Slider\"],\"inLanguage\":\"pt-BR\",\"potentialAction\":[{\"@type\":\"CommentAction\",\"name\":\"Comment\",\"target\":[\"https:\\\/\\\/www.ronaldocorreiadebrito.com.br\\\/site2\\\/2020\\\/04\\\/diario-do-isolamento-13-loja-dos-horrores\\\/#respond\"]}]},{\"@type\":\"WebPage\",\"@id\":\"https:\\\/\\\/www.ronaldocorreiadebrito.com.br\\\/site2\\\/2020\\\/04\\\/diario-do-isolamento-13-loja-dos-horrores\\\/\",\"url\":\"https:\\\/\\\/www.ronaldocorreiadebrito.com.br\\\/site2\\\/2020\\\/04\\\/diario-do-isolamento-13-loja-dos-horrores\\\/\",\"name\":\"Di\u00e1rio do isolamento 13 - A loja dos horrores | Ronaldo Correia de Brito | site oficial\",\"isPartOf\":{\"@id\":\"https:\\\/\\\/www.ronaldocorreiadebrito.com.br\\\/site2\\\/#website\"},\"primaryImageOfPage\":{\"@id\":\"https:\\\/\\\/www.ronaldocorreiadebrito.com.br\\\/site2\\\/2020\\\/04\\\/diario-do-isolamento-13-loja-dos-horrores\\\/#primaryimage\"},\"image\":{\"@id\":\"https:\\\/\\\/www.ronaldocorreiadebrito.com.br\\\/site2\\\/2020\\\/04\\\/diario-do-isolamento-13-loja-dos-horrores\\\/#primaryimage\"},\"thumbnailUrl\":\"https:\\\/\\\/www.ronaldocorreiadebrito.com.br\\\/site2\\\/wp-content\\\/uploads\\\/2020\\\/04\\\/Oswald_Andrade_4_RM_135.jpg\",\"datePublished\":\"2020-04-26T18:38:34+00:00\",\"author\":{\"@id\":\"https:\\\/\\\/www.ronaldocorreiadebrito.com.br\\\/site2\\\/#\\\/schema\\\/person\\\/99a164d0eaaff7f78b11899bc7d5e7c9\"},\"breadcrumb\":{\"@id\":\"https:\\\/\\\/www.ronaldocorreiadebrito.com.br\\\/site2\\\/2020\\\/04\\\/diario-do-isolamento-13-loja-dos-horrores\\\/#breadcrumb\"},\"inLanguage\":\"pt-BR\",\"potentialAction\":[{\"@type\":\"ReadAction\",\"target\":[\"https:\\\/\\\/www.ronaldocorreiadebrito.com.br\\\/site2\\\/2020\\\/04\\\/diario-do-isolamento-13-loja-dos-horrores\\\/\"]}]},{\"@type\":\"ImageObject\",\"inLanguage\":\"pt-BR\",\"@id\":\"https:\\\/\\\/www.ronaldocorreiadebrito.com.br\\\/site2\\\/2020\\\/04\\\/diario-do-isolamento-13-loja-dos-horrores\\\/#primaryimage\",\"url\":\"https:\\\/\\\/www.ronaldocorreiadebrito.com.br\\\/site2\\\/wp-content\\\/uploads\\\/2020\\\/04\\\/Oswald_Andrade_4_RM_135.jpg\",\"contentUrl\":\"https:\\\/\\\/www.ronaldocorreiadebrito.com.br\\\/site2\\\/wp-content\\\/uploads\\\/2020\\\/04\\\/Oswald_Andrade_4_RM_135.jpg\",\"width\":283,\"height\":499},{\"@type\":\"BreadcrumbList\",\"@id\":\"https:\\\/\\\/www.ronaldocorreiadebrito.com.br\\\/site2\\\/2020\\\/04\\\/diario-do-isolamento-13-loja-dos-horrores\\\/#breadcrumb\",\"itemListElement\":[{\"@type\":\"ListItem\",\"position\":1,\"name\":\"In\u00edcio\",\"item\":\"https:\\\/\\\/www.ronaldocorreiadebrito.com.br\\\/site2\\\/\"},{\"@type\":\"ListItem\",\"position\":2,\"name\":\"Di\u00e1rio do isolamento 13 &#8211; A loja dos horrores\"}]},{\"@type\":\"WebSite\",\"@id\":\"https:\\\/\\\/www.ronaldocorreiadebrito.com.br\\\/site2\\\/#website\",\"url\":\"https:\\\/\\\/www.ronaldocorreiadebrito.com.br\\\/site2\\\/\",\"name\":\"Ronaldo Correia de Brito | site oficial\",\"description\":\"Site oficial do escritor Ronaldo Correia de Brito\",\"potentialAction\":[{\"@type\":\"SearchAction\",\"target\":{\"@type\":\"EntryPoint\",\"urlTemplate\":\"https:\\\/\\\/www.ronaldocorreiadebrito.com.br\\\/site2\\\/?s={search_term_string}\"},\"query-input\":{\"@type\":\"PropertyValueSpecification\",\"valueRequired\":true,\"valueName\":\"search_term_string\"}}],\"inLanguage\":\"pt-BR\"},{\"@type\":\"Person\",\"@id\":\"https:\\\/\\\/www.ronaldocorreiadebrito.com.br\\\/site2\\\/#\\\/schema\\\/person\\\/99a164d0eaaff7f78b11899bc7d5e7c9\",\"name\":\"admin\",\"url\":\"https:\\\/\\\/www.ronaldocorreiadebrito.com.br\\\/site2\\\/author\\\/admin\\\/\"}]}<\/script>\n<!-- \/ Yoast SEO plugin. -->","yoast_head_json":{"title":"Di\u00e1rio do isolamento 13 - A loja dos horrores | Ronaldo Correia de Brito | site oficial","robots":{"index":"index","follow":"follow","max-snippet":"max-snippet:-1","max-image-preview":"max-image-preview:large","max-video-preview":"max-video-preview:-1"},"canonical":"https:\/\/www.ronaldocorreiadebrito.com.br\/site2\/2020\/04\/diario-do-isolamento-13-loja-dos-horrores\/","og_locale":"pt_BR","og_type":"article","og_title":"Di\u00e1rio do isolamento 13 - A loja dos horrores | Ronaldo Correia de Brito | site oficial","og_description":"(domingo, 26 de abril) A loja dos horrores \u201cSe for mesmo imperioso, terei de lavar as m\u00e3os quarenta vezes com potassa, outras quarenta com raiz arom\u00e1tica, e mais quarenta com sab\u00e3o, totalizando cento e vinte vezes.\u201d Ainda n\u00e3o cheguei a tanto, mas se algum dia...","og_url":"https:\/\/www.ronaldocorreiadebrito.com.br\/site2\/2020\/04\/diario-do-isolamento-13-loja-dos-horrores\/","og_site_name":"Ronaldo Correia de Brito | site oficial","article_publisher":"https:\/\/www.facebook.com\/ronaldocorreiadebrito.oficial","article_published_time":"2020-04-26T18:38:34+00:00","og_image":[{"width":283,"height":499,"url":"https:\/\/www.ronaldocorreiadebrito.com.br\/site2\/wp-content\/uploads\/2020\/04\/Oswald_Andrade_4_RM_135.jpg","type":"image\/jpeg"}],"author":"admin","twitter_card":"summary_large_image","twitter_misc":{"Escrito por":"admin","Est. tempo de leitura":"3 minutos"},"schema":{"@context":"https:\/\/schema.org","@graph":[{"@type":"Article","@id":"https:\/\/www.ronaldocorreiadebrito.com.br\/site2\/2020\/04\/diario-do-isolamento-13-loja-dos-horrores\/#article","isPartOf":{"@id":"https:\/\/www.ronaldocorreiadebrito.com.br\/site2\/2020\/04\/diario-do-isolamento-13-loja-dos-horrores\/"},"author":{"name":"admin","@id":"https:\/\/www.ronaldocorreiadebrito.com.br\/site2\/#\/schema\/person\/99a164d0eaaff7f78b11899bc7d5e7c9"},"headline":"Di\u00e1rio do isolamento 13 &#8211; A loja dos horrores","datePublished":"2020-04-26T18:38:34+00:00","mainEntityOfPage":{"@id":"https:\/\/www.ronaldocorreiadebrito.com.br\/site2\/2020\/04\/diario-do-isolamento-13-loja-dos-horrores\/"},"wordCount":585,"commentCount":0,"image":{"@id":"https:\/\/www.ronaldocorreiadebrito.com.br\/site2\/2020\/04\/diario-do-isolamento-13-loja-dos-horrores\/#primaryimage"},"thumbnailUrl":"https:\/\/www.ronaldocorreiadebrito.com.br\/site2\/wp-content\/uploads\/2020\/04\/Oswald_Andrade_4_RM_135.jpg","keywords":["corona"],"articleSection":["Blog","Links","Slider"],"inLanguage":"pt-BR","potentialAction":[{"@type":"CommentAction","name":"Comment","target":["https:\/\/www.ronaldocorreiadebrito.com.br\/site2\/2020\/04\/diario-do-isolamento-13-loja-dos-horrores\/#respond"]}]},{"@type":"WebPage","@id":"https:\/\/www.ronaldocorreiadebrito.com.br\/site2\/2020\/04\/diario-do-isolamento-13-loja-dos-horrores\/","url":"https:\/\/www.ronaldocorreiadebrito.com.br\/site2\/2020\/04\/diario-do-isolamento-13-loja-dos-horrores\/","name":"Di\u00e1rio do isolamento 13 - A loja dos horrores | Ronaldo Correia de Brito | site oficial","isPartOf":{"@id":"https:\/\/www.ronaldocorreiadebrito.com.br\/site2\/#website"},"primaryImageOfPage":{"@id":"https:\/\/www.ronaldocorreiadebrito.com.br\/site2\/2020\/04\/diario-do-isolamento-13-loja-dos-horrores\/#primaryimage"},"image":{"@id":"https:\/\/www.ronaldocorreiadebrito.com.br\/site2\/2020\/04\/diario-do-isolamento-13-loja-dos-horrores\/#primaryimage"},"thumbnailUrl":"https:\/\/www.ronaldocorreiadebrito.com.br\/site2\/wp-content\/uploads\/2020\/04\/Oswald_Andrade_4_RM_135.jpg","datePublished":"2020-04-26T18:38:34+00:00","author":{"@id":"https:\/\/www.ronaldocorreiadebrito.com.br\/site2\/#\/schema\/person\/99a164d0eaaff7f78b11899bc7d5e7c9"},"breadcrumb":{"@id":"https:\/\/www.ronaldocorreiadebrito.com.br\/site2\/2020\/04\/diario-do-isolamento-13-loja-dos-horrores\/#breadcrumb"},"inLanguage":"pt-BR","potentialAction":[{"@type":"ReadAction","target":["https:\/\/www.ronaldocorreiadebrito.com.br\/site2\/2020\/04\/diario-do-isolamento-13-loja-dos-horrores\/"]}]},{"@type":"ImageObject","inLanguage":"pt-BR","@id":"https:\/\/www.ronaldocorreiadebrito.com.br\/site2\/2020\/04\/diario-do-isolamento-13-loja-dos-horrores\/#primaryimage","url":"https:\/\/www.ronaldocorreiadebrito.com.br\/site2\/wp-content\/uploads\/2020\/04\/Oswald_Andrade_4_RM_135.jpg","contentUrl":"https:\/\/www.ronaldocorreiadebrito.com.br\/site2\/wp-content\/uploads\/2020\/04\/Oswald_Andrade_4_RM_135.jpg","width":283,"height":499},{"@type":"BreadcrumbList","@id":"https:\/\/www.ronaldocorreiadebrito.com.br\/site2\/2020\/04\/diario-do-isolamento-13-loja-dos-horrores\/#breadcrumb","itemListElement":[{"@type":"ListItem","position":1,"name":"In\u00edcio","item":"https:\/\/www.ronaldocorreiadebrito.com.br\/site2\/"},{"@type":"ListItem","position":2,"name":"Di\u00e1rio do isolamento 13 &#8211; A loja dos horrores"}]},{"@type":"WebSite","@id":"https:\/\/www.ronaldocorreiadebrito.com.br\/site2\/#website","url":"https:\/\/www.ronaldocorreiadebrito.com.br\/site2\/","name":"Ronaldo Correia de Brito | site oficial","description":"Site oficial do escritor Ronaldo Correia de Brito","potentialAction":[{"@type":"SearchAction","target":{"@type":"EntryPoint","urlTemplate":"https:\/\/www.ronaldocorreiadebrito.com.br\/site2\/?s={search_term_string}"},"query-input":{"@type":"PropertyValueSpecification","valueRequired":true,"valueName":"search_term_string"}}],"inLanguage":"pt-BR"},{"@type":"Person","@id":"https:\/\/www.ronaldocorreiadebrito.com.br\/site2\/#\/schema\/person\/99a164d0eaaff7f78b11899bc7d5e7c9","name":"admin","url":"https:\/\/www.ronaldocorreiadebrito.com.br\/site2\/author\/admin\/"}]}},"wps_subtitle":"","_links":{"self":[{"href":"https:\/\/www.ronaldocorreiadebrito.com.br\/site2\/wp-json\/wp\/v2\/posts\/1290","targetHints":{"allow":["GET"]}}],"collection":[{"href":"https:\/\/www.ronaldocorreiadebrito.com.br\/site2\/wp-json\/wp\/v2\/posts"}],"about":[{"href":"https:\/\/www.ronaldocorreiadebrito.com.br\/site2\/wp-json\/wp\/v2\/types\/post"}],"author":[{"embeddable":true,"href":"https:\/\/www.ronaldocorreiadebrito.com.br\/site2\/wp-json\/wp\/v2\/users\/1"}],"replies":[{"embeddable":true,"href":"https:\/\/www.ronaldocorreiadebrito.com.br\/site2\/wp-json\/wp\/v2\/comments?post=1290"}],"version-history":[{"count":0,"href":"https:\/\/www.ronaldocorreiadebrito.com.br\/site2\/wp-json\/wp\/v2\/posts\/1290\/revisions"}],"wp:featuredmedia":[{"embeddable":true,"href":"https:\/\/www.ronaldocorreiadebrito.com.br\/site2\/wp-json\/wp\/v2\/media\/1291"}],"wp:attachment":[{"href":"https:\/\/www.ronaldocorreiadebrito.com.br\/site2\/wp-json\/wp\/v2\/media?parent=1290"}],"wp:term":[{"taxonomy":"category","embeddable":true,"href":"https:\/\/www.ronaldocorreiadebrito.com.br\/site2\/wp-json\/wp\/v2\/categories?post=1290"},{"taxonomy":"post_tag","embeddable":true,"href":"https:\/\/www.ronaldocorreiadebrito.com.br\/site2\/wp-json\/wp\/v2\/tags?post=1290"}],"curies":[{"name":"wp","href":"https:\/\/api.w.org\/{rel}","templated":true}]}}