{"id":1287,"date":"2020-04-22T11:57:11","date_gmt":"2020-04-22T14:57:11","guid":{"rendered":"http:\/\/www.ronaldocorreiadebrito.com.br\/site2\/?p=1287"},"modified":"2020-04-22T11:57:11","modified_gmt":"2020-04-22T14:57:11","slug":"diario-do-isolamento-12-descobrimento","status":"publish","type":"post","link":"https:\/\/www.ronaldocorreiadebrito.com.br\/site2\/2020\/04\/diario-do-isolamento-12-descobrimento\/","title":{"rendered":"Di\u00e1rio do isolamento 12 &#8211; Descobrimento"},"content":{"rendered":"<p class=\"p1\"><span class=\"s1\">(quarta-feira, 22 de abril)<\/span><\/p>\n<p class=\"p1\"><span class=\"s1\">Descobrimento<\/span><\/p>\n<p class=\"p1\"><span class=\"s1\">N\u00e3o sonhei, embora o espanhol Calder\u00f3n afirme que toda a vida \u00e9 sonho. Na pris\u00e3o, ondas invadem meu terra\u00e7o, onde busco me concentrar na leitura de um livro. O maior bem \u00e9 tristonho, leio. Lembran\u00e7as retornam e n\u00e3o consigo afast\u00e1-las de mim. O menino de nove a dez anos usa cal\u00e7a curta, alpargatas de couro. Desde as onze horas subiu na carroceria de um caminh\u00e3o e espera. Viaja \u00e0 casa da av\u00f3, num s\u00edtio distante menos de trinta quil\u00f4metros, mas que parece longe na travessia por estradas de barro, ladeiras, riachos e atoleiros. Uma odisseia, ele n\u00e3o compara ainda, pois apenas com treze anos fez a primeira leitura de Homero. <\/span><\/p>\n<p class=\"p1\"><span class=\"s1\">O caminh\u00e3o retarda, as pessoas chegam sem pressa com feiras, sacos, cestos, panelas de barro, sobem sem ajuda de escada, aos empurr\u00f5es. Homens e mulheres de v\u00e1rias idades, gente do mato, beradeiros, as roupas domingueiras embora seja uma segunda, a fala pausada, o cheiro de aguardente e fumo de rolo, que enjoa o menino. Os tios e primos n\u00e3o aparecem, ocupados nos afazeres da cidade, os pequenos neg\u00f3cios de pouco lucro. Os passageiros mais ricos, com reserva na boleia, tamb\u00e9m n\u00e3o chegam. Esses sim, costumam se fazer esperar. <\/span><\/p>\n<p class=\"p1\"><span class=\"s1\">O menino chega cedo aos compromissos, tem medo de perder a hora, os olhos arregalados, a cabe\u00e7a grande sonhadora, no mundo da lua. Tr\u00eas meses n\u00e3o \u00e9 muito?, perguntou a m\u00e3e. N\u00e3o, respondeu ele, imaginando dezembro, janeiro e fevereiro ao lado da av\u00f3. Quatro meses de f\u00e9rias e apenas oito meses de escola. Tempo grande? J\u00e1 que a vida \u00e9 t\u00e3o curta, sonhemos, alma. Olhava a av\u00f3 preparando a lapinha de Natal, os b\u00fazios achados na lama do rio, bichinhos de l\u00e3 de ciumeira, carneiros, bois, jumentos. O Jesus Cristinho da tatarav\u00f3, sem o pinto porque a tia mandara arrancar. E a cantiga que a av\u00f3 desentoava: Quando eu vim para Bel\u00e9m, trazia a minha cestinha&#8230;<\/span><\/p>\n<p class=\"p1\"><span class=\"s1\">Primeiras chuvas de janeiro, muitas de fevereiro, inverno, plantios, umbus, cajaranas, banhos. As primas nuas nos grot\u00f5es da serra, se banhando, e o menino escondido por tr\u00e1s dos matos, vendo o que imaginava ver. O a\u00e7ude t\u00e3o grande, imposs\u00edvel de atravessar. Rel\u00e2mpagos e trov\u00f5es em noites assombradas. A av\u00f3 puxava o neto para debaixo do paiol, constru\u00eddo com madeira forte de angico. \u00danico lugar onde a casa velha do av\u00f4 morto prometia n\u00e3o soterr\u00e1-los.\u00a0<\/span><\/p>\n<p class=\"p1\"><span class=\"s1\">Rios arrastavam balseiros, \u00e1rvores, bichos mortos, restos de constru\u00e7\u00f5es. A correnteza n\u00e3o dava vau. Fevereiro findando, o carnaval perto, as escolas tocando a sineta de chamada, os livros todos lidos e relidos, a barriga saciada de frutos azedos, a saudade nos sonhos, da m\u00e3e, do pai, dos irm\u00e3os, dos colegas. O menino acorda, sabe que a vida \u00e9 sonho e \u00e9 preciso retornar ao outro sonho. Mas n\u00e3o h\u00e1 carros, nem caminhos, nem pontes. <\/span><\/p>\n<p class=\"p1\"><span class=\"s1\">Na companhia de um tio, \u00e0 cavalo na garupa, olha a cidade embaixo. Ali tamb\u00e9m choveu e o lodo escorre das paredes. Desconhece o que lhe parecia certeza. Estranha seu mundo depois da longa aus\u00eancia, sofre temor. Fecha o livro que tenta ler no terra\u00e7o, olha o Recife l\u00e1 fora, os morros de Casa Amarela. Como ser\u00e1 tudo, depois do longo ex\u00edlio? Reconhecer\u00e1? Ser\u00e1 reconhecido? Quem determinou que ficasse preso? A troco de que aceitou o desterro? Barganha pela vida? <\/span><\/p>\n<p class=\"p4\"><span class=\"s1\">\u2013 Que delito cometi? Voa uma ave serena e deixa, contente e calma, seu ninho. E eu, que tenho mais alma, tenho menos liberdade? E eu, com melhor instinto, tenho menos liberdade? E eu, com maior vontade, tenho menos liberdade? *<\/span><\/p>\n<ul class=\"ul1\">\n<li class=\"li1\"><span class=\"s1\">A vida \u00e9 sonho \u2013 Calder\u00f3n de La Barca, adaptado.<\/span><\/li>\n<\/ul>\n","protected":false},"excerpt":{"rendered":"<p>(quarta-feira, 22 de abril) Descobrimento N\u00e3o sonhei, embora o espanhol Calder\u00f3n afirme que toda a vida \u00e9 sonho. Na pris\u00e3o, ondas invadem meu terra\u00e7o, onde busco me concentrar na leitura de um livro. O maior bem \u00e9 tristonho, leio. Lembran\u00e7as retornam e n\u00e3o consigo afast\u00e1-las&#8230;<\/p>\n","protected":false},"author":1,"featured_media":1288,"comment_status":"open","ping_status":"closed","sticky":false,"template":"","format":"standard","meta":{"sfsi_plus_gutenberg_text_before_share":"","sfsi_plus_gutenberg_show_text_before_share":"","sfsi_plus_gutenberg_icon_type":"","sfsi_plus_gutenberg_icon_alignemt":"","sfsi_plus_gutenburg_max_per_row":"","footnotes":""},"categories":[8,46,45],"tags":[188],"class_list":["post-1287","post","type-post","status-publish","format-standard","has-post-thumbnail","hentry","category-blog","category-links","category-slider","tag-corona"],"yoast_head":"<!-- This site is optimized with the Yoast SEO plugin v27.4 - https:\/\/yoast.com\/product\/yoast-seo-wordpress\/ -->\n<title>Di\u00e1rio do isolamento 12 - Descobrimento | Ronaldo Correia de Brito | site oficial<\/title>\n<meta name=\"robots\" content=\"index, follow, max-snippet:-1, max-image-preview:large, max-video-preview:-1\" \/>\n<link rel=\"canonical\" href=\"https:\/\/www.ronaldocorreiadebrito.com.br\/site2\/2020\/04\/diario-do-isolamento-12-descobrimento\/\" \/>\n<meta property=\"og:locale\" content=\"pt_BR\" \/>\n<meta property=\"og:type\" content=\"article\" \/>\n<meta property=\"og:title\" content=\"Di\u00e1rio do isolamento 12 - Descobrimento | Ronaldo Correia de Brito | site oficial\" \/>\n<meta property=\"og:description\" content=\"(quarta-feira, 22 de abril) Descobrimento N\u00e3o sonhei, embora o espanhol Calder\u00f3n afirme que toda a vida \u00e9 sonho. Na pris\u00e3o, ondas invadem meu terra\u00e7o, onde busco me concentrar na leitura de um livro. O maior bem \u00e9 tristonho, leio. Lembran\u00e7as retornam e n\u00e3o consigo afast\u00e1-las...\" \/>\n<meta property=\"og:url\" content=\"https:\/\/www.ronaldocorreiadebrito.com.br\/site2\/2020\/04\/diario-do-isolamento-12-descobrimento\/\" \/>\n<meta property=\"og:site_name\" content=\"Ronaldo Correia de Brito | site oficial\" \/>\n<meta property=\"article:publisher\" content=\"https:\/\/www.facebook.com\/ronaldocorreiadebrito.oficial\" \/>\n<meta property=\"article:published_time\" content=\"2020-04-22T14:57:11+00:00\" \/>\n<meta property=\"og:image\" content=\"https:\/\/www.ronaldocorreiadebrito.com.br\/site2\/wp-content\/uploads\/2020\/04\/Menino-estrada.jpg\" \/>\n\t<meta property=\"og:image:width\" content=\"1600\" \/>\n\t<meta property=\"og:image:height\" content=\"1000\" \/>\n\t<meta property=\"og:image:type\" content=\"image\/jpeg\" \/>\n<meta name=\"author\" content=\"admin\" \/>\n<meta name=\"twitter:card\" content=\"summary_large_image\" \/>\n<meta name=\"twitter:label1\" content=\"Escrito por\" \/>\n\t<meta name=\"twitter:data1\" content=\"admin\" \/>\n\t<meta name=\"twitter:label2\" content=\"Est. tempo de leitura\" \/>\n\t<meta name=\"twitter:data2\" content=\"3 minutos\" \/>\n<script type=\"application\/ld+json\" class=\"yoast-schema-graph\">{\"@context\":\"https:\\\/\\\/schema.org\",\"@graph\":[{\"@type\":\"Article\",\"@id\":\"https:\\\/\\\/www.ronaldocorreiadebrito.com.br\\\/site2\\\/2020\\\/04\\\/diario-do-isolamento-12-descobrimento\\\/#article\",\"isPartOf\":{\"@id\":\"https:\\\/\\\/www.ronaldocorreiadebrito.com.br\\\/site2\\\/2020\\\/04\\\/diario-do-isolamento-12-descobrimento\\\/\"},\"author\":{\"name\":\"admin\",\"@id\":\"https:\\\/\\\/www.ronaldocorreiadebrito.com.br\\\/site2\\\/#\\\/schema\\\/person\\\/99a164d0eaaff7f78b11899bc7d5e7c9\"},\"headline\":\"Di\u00e1rio do isolamento 12 &#8211; Descobrimento\",\"datePublished\":\"2020-04-22T14:57:11+00:00\",\"mainEntityOfPage\":{\"@id\":\"https:\\\/\\\/www.ronaldocorreiadebrito.com.br\\\/site2\\\/2020\\\/04\\\/diario-do-isolamento-12-descobrimento\\\/\"},\"wordCount\":639,\"commentCount\":0,\"image\":{\"@id\":\"https:\\\/\\\/www.ronaldocorreiadebrito.com.br\\\/site2\\\/2020\\\/04\\\/diario-do-isolamento-12-descobrimento\\\/#primaryimage\"},\"thumbnailUrl\":\"https:\\\/\\\/www.ronaldocorreiadebrito.com.br\\\/site2\\\/wp-content\\\/uploads\\\/2020\\\/04\\\/Menino-estrada.jpg\",\"keywords\":[\"corona\"],\"articleSection\":[\"Blog\",\"Links\",\"Slider\"],\"inLanguage\":\"pt-BR\",\"potentialAction\":[{\"@type\":\"CommentAction\",\"name\":\"Comment\",\"target\":[\"https:\\\/\\\/www.ronaldocorreiadebrito.com.br\\\/site2\\\/2020\\\/04\\\/diario-do-isolamento-12-descobrimento\\\/#respond\"]}]},{\"@type\":\"WebPage\",\"@id\":\"https:\\\/\\\/www.ronaldocorreiadebrito.com.br\\\/site2\\\/2020\\\/04\\\/diario-do-isolamento-12-descobrimento\\\/\",\"url\":\"https:\\\/\\\/www.ronaldocorreiadebrito.com.br\\\/site2\\\/2020\\\/04\\\/diario-do-isolamento-12-descobrimento\\\/\",\"name\":\"Di\u00e1rio do isolamento 12 - Descobrimento | Ronaldo Correia de Brito | site oficial\",\"isPartOf\":{\"@id\":\"https:\\\/\\\/www.ronaldocorreiadebrito.com.br\\\/site2\\\/#website\"},\"primaryImageOfPage\":{\"@id\":\"https:\\\/\\\/www.ronaldocorreiadebrito.com.br\\\/site2\\\/2020\\\/04\\\/diario-do-isolamento-12-descobrimento\\\/#primaryimage\"},\"image\":{\"@id\":\"https:\\\/\\\/www.ronaldocorreiadebrito.com.br\\\/site2\\\/2020\\\/04\\\/diario-do-isolamento-12-descobrimento\\\/#primaryimage\"},\"thumbnailUrl\":\"https:\\\/\\\/www.ronaldocorreiadebrito.com.br\\\/site2\\\/wp-content\\\/uploads\\\/2020\\\/04\\\/Menino-estrada.jpg\",\"datePublished\":\"2020-04-22T14:57:11+00:00\",\"author\":{\"@id\":\"https:\\\/\\\/www.ronaldocorreiadebrito.com.br\\\/site2\\\/#\\\/schema\\\/person\\\/99a164d0eaaff7f78b11899bc7d5e7c9\"},\"breadcrumb\":{\"@id\":\"https:\\\/\\\/www.ronaldocorreiadebrito.com.br\\\/site2\\\/2020\\\/04\\\/diario-do-isolamento-12-descobrimento\\\/#breadcrumb\"},\"inLanguage\":\"pt-BR\",\"potentialAction\":[{\"@type\":\"ReadAction\",\"target\":[\"https:\\\/\\\/www.ronaldocorreiadebrito.com.br\\\/site2\\\/2020\\\/04\\\/diario-do-isolamento-12-descobrimento\\\/\"]}]},{\"@type\":\"ImageObject\",\"inLanguage\":\"pt-BR\",\"@id\":\"https:\\\/\\\/www.ronaldocorreiadebrito.com.br\\\/site2\\\/2020\\\/04\\\/diario-do-isolamento-12-descobrimento\\\/#primaryimage\",\"url\":\"https:\\\/\\\/www.ronaldocorreiadebrito.com.br\\\/site2\\\/wp-content\\\/uploads\\\/2020\\\/04\\\/Menino-estrada.jpg\",\"contentUrl\":\"https:\\\/\\\/www.ronaldocorreiadebrito.com.br\\\/site2\\\/wp-content\\\/uploads\\\/2020\\\/04\\\/Menino-estrada.jpg\",\"width\":1600,\"height\":1000},{\"@type\":\"BreadcrumbList\",\"@id\":\"https:\\\/\\\/www.ronaldocorreiadebrito.com.br\\\/site2\\\/2020\\\/04\\\/diario-do-isolamento-12-descobrimento\\\/#breadcrumb\",\"itemListElement\":[{\"@type\":\"ListItem\",\"position\":1,\"name\":\"In\u00edcio\",\"item\":\"https:\\\/\\\/www.ronaldocorreiadebrito.com.br\\\/site2\\\/\"},{\"@type\":\"ListItem\",\"position\":2,\"name\":\"Di\u00e1rio do isolamento 12 &#8211; Descobrimento\"}]},{\"@type\":\"WebSite\",\"@id\":\"https:\\\/\\\/www.ronaldocorreiadebrito.com.br\\\/site2\\\/#website\",\"url\":\"https:\\\/\\\/www.ronaldocorreiadebrito.com.br\\\/site2\\\/\",\"name\":\"Ronaldo Correia de Brito | site oficial\",\"description\":\"Site oficial do escritor Ronaldo Correia de Brito\",\"potentialAction\":[{\"@type\":\"SearchAction\",\"target\":{\"@type\":\"EntryPoint\",\"urlTemplate\":\"https:\\\/\\\/www.ronaldocorreiadebrito.com.br\\\/site2\\\/?s={search_term_string}\"},\"query-input\":{\"@type\":\"PropertyValueSpecification\",\"valueRequired\":true,\"valueName\":\"search_term_string\"}}],\"inLanguage\":\"pt-BR\"},{\"@type\":\"Person\",\"@id\":\"https:\\\/\\\/www.ronaldocorreiadebrito.com.br\\\/site2\\\/#\\\/schema\\\/person\\\/99a164d0eaaff7f78b11899bc7d5e7c9\",\"name\":\"admin\",\"url\":\"https:\\\/\\\/www.ronaldocorreiadebrito.com.br\\\/site2\\\/author\\\/admin\\\/\"}]}<\/script>\n<!-- \/ Yoast SEO plugin. -->","yoast_head_json":{"title":"Di\u00e1rio do isolamento 12 - Descobrimento | Ronaldo Correia de Brito | site oficial","robots":{"index":"index","follow":"follow","max-snippet":"max-snippet:-1","max-image-preview":"max-image-preview:large","max-video-preview":"max-video-preview:-1"},"canonical":"https:\/\/www.ronaldocorreiadebrito.com.br\/site2\/2020\/04\/diario-do-isolamento-12-descobrimento\/","og_locale":"pt_BR","og_type":"article","og_title":"Di\u00e1rio do isolamento 12 - Descobrimento | Ronaldo Correia de Brito | site oficial","og_description":"(quarta-feira, 22 de abril) Descobrimento N\u00e3o sonhei, embora o espanhol Calder\u00f3n afirme que toda a vida \u00e9 sonho. Na pris\u00e3o, ondas invadem meu terra\u00e7o, onde busco me concentrar na leitura de um livro. O maior bem \u00e9 tristonho, leio. Lembran\u00e7as retornam e n\u00e3o consigo afast\u00e1-las...","og_url":"https:\/\/www.ronaldocorreiadebrito.com.br\/site2\/2020\/04\/diario-do-isolamento-12-descobrimento\/","og_site_name":"Ronaldo Correia de Brito | site oficial","article_publisher":"https:\/\/www.facebook.com\/ronaldocorreiadebrito.oficial","article_published_time":"2020-04-22T14:57:11+00:00","og_image":[{"width":1600,"height":1000,"url":"https:\/\/www.ronaldocorreiadebrito.com.br\/site2\/wp-content\/uploads\/2020\/04\/Menino-estrada.jpg","type":"image\/jpeg"}],"author":"admin","twitter_card":"summary_large_image","twitter_misc":{"Escrito por":"admin","Est. tempo de leitura":"3 minutos"},"schema":{"@context":"https:\/\/schema.org","@graph":[{"@type":"Article","@id":"https:\/\/www.ronaldocorreiadebrito.com.br\/site2\/2020\/04\/diario-do-isolamento-12-descobrimento\/#article","isPartOf":{"@id":"https:\/\/www.ronaldocorreiadebrito.com.br\/site2\/2020\/04\/diario-do-isolamento-12-descobrimento\/"},"author":{"name":"admin","@id":"https:\/\/www.ronaldocorreiadebrito.com.br\/site2\/#\/schema\/person\/99a164d0eaaff7f78b11899bc7d5e7c9"},"headline":"Di\u00e1rio do isolamento 12 &#8211; Descobrimento","datePublished":"2020-04-22T14:57:11+00:00","mainEntityOfPage":{"@id":"https:\/\/www.ronaldocorreiadebrito.com.br\/site2\/2020\/04\/diario-do-isolamento-12-descobrimento\/"},"wordCount":639,"commentCount":0,"image":{"@id":"https:\/\/www.ronaldocorreiadebrito.com.br\/site2\/2020\/04\/diario-do-isolamento-12-descobrimento\/#primaryimage"},"thumbnailUrl":"https:\/\/www.ronaldocorreiadebrito.com.br\/site2\/wp-content\/uploads\/2020\/04\/Menino-estrada.jpg","keywords":["corona"],"articleSection":["Blog","Links","Slider"],"inLanguage":"pt-BR","potentialAction":[{"@type":"CommentAction","name":"Comment","target":["https:\/\/www.ronaldocorreiadebrito.com.br\/site2\/2020\/04\/diario-do-isolamento-12-descobrimento\/#respond"]}]},{"@type":"WebPage","@id":"https:\/\/www.ronaldocorreiadebrito.com.br\/site2\/2020\/04\/diario-do-isolamento-12-descobrimento\/","url":"https:\/\/www.ronaldocorreiadebrito.com.br\/site2\/2020\/04\/diario-do-isolamento-12-descobrimento\/","name":"Di\u00e1rio do isolamento 12 - Descobrimento | Ronaldo Correia de Brito | site oficial","isPartOf":{"@id":"https:\/\/www.ronaldocorreiadebrito.com.br\/site2\/#website"},"primaryImageOfPage":{"@id":"https:\/\/www.ronaldocorreiadebrito.com.br\/site2\/2020\/04\/diario-do-isolamento-12-descobrimento\/#primaryimage"},"image":{"@id":"https:\/\/www.ronaldocorreiadebrito.com.br\/site2\/2020\/04\/diario-do-isolamento-12-descobrimento\/#primaryimage"},"thumbnailUrl":"https:\/\/www.ronaldocorreiadebrito.com.br\/site2\/wp-content\/uploads\/2020\/04\/Menino-estrada.jpg","datePublished":"2020-04-22T14:57:11+00:00","author":{"@id":"https:\/\/www.ronaldocorreiadebrito.com.br\/site2\/#\/schema\/person\/99a164d0eaaff7f78b11899bc7d5e7c9"},"breadcrumb":{"@id":"https:\/\/www.ronaldocorreiadebrito.com.br\/site2\/2020\/04\/diario-do-isolamento-12-descobrimento\/#breadcrumb"},"inLanguage":"pt-BR","potentialAction":[{"@type":"ReadAction","target":["https:\/\/www.ronaldocorreiadebrito.com.br\/site2\/2020\/04\/diario-do-isolamento-12-descobrimento\/"]}]},{"@type":"ImageObject","inLanguage":"pt-BR","@id":"https:\/\/www.ronaldocorreiadebrito.com.br\/site2\/2020\/04\/diario-do-isolamento-12-descobrimento\/#primaryimage","url":"https:\/\/www.ronaldocorreiadebrito.com.br\/site2\/wp-content\/uploads\/2020\/04\/Menino-estrada.jpg","contentUrl":"https:\/\/www.ronaldocorreiadebrito.com.br\/site2\/wp-content\/uploads\/2020\/04\/Menino-estrada.jpg","width":1600,"height":1000},{"@type":"BreadcrumbList","@id":"https:\/\/www.ronaldocorreiadebrito.com.br\/site2\/2020\/04\/diario-do-isolamento-12-descobrimento\/#breadcrumb","itemListElement":[{"@type":"ListItem","position":1,"name":"In\u00edcio","item":"https:\/\/www.ronaldocorreiadebrito.com.br\/site2\/"},{"@type":"ListItem","position":2,"name":"Di\u00e1rio do isolamento 12 &#8211; Descobrimento"}]},{"@type":"WebSite","@id":"https:\/\/www.ronaldocorreiadebrito.com.br\/site2\/#website","url":"https:\/\/www.ronaldocorreiadebrito.com.br\/site2\/","name":"Ronaldo Correia de Brito | site oficial","description":"Site oficial do escritor Ronaldo Correia de Brito","potentialAction":[{"@type":"SearchAction","target":{"@type":"EntryPoint","urlTemplate":"https:\/\/www.ronaldocorreiadebrito.com.br\/site2\/?s={search_term_string}"},"query-input":{"@type":"PropertyValueSpecification","valueRequired":true,"valueName":"search_term_string"}}],"inLanguage":"pt-BR"},{"@type":"Person","@id":"https:\/\/www.ronaldocorreiadebrito.com.br\/site2\/#\/schema\/person\/99a164d0eaaff7f78b11899bc7d5e7c9","name":"admin","url":"https:\/\/www.ronaldocorreiadebrito.com.br\/site2\/author\/admin\/"}]}},"wps_subtitle":"","_links":{"self":[{"href":"https:\/\/www.ronaldocorreiadebrito.com.br\/site2\/wp-json\/wp\/v2\/posts\/1287","targetHints":{"allow":["GET"]}}],"collection":[{"href":"https:\/\/www.ronaldocorreiadebrito.com.br\/site2\/wp-json\/wp\/v2\/posts"}],"about":[{"href":"https:\/\/www.ronaldocorreiadebrito.com.br\/site2\/wp-json\/wp\/v2\/types\/post"}],"author":[{"embeddable":true,"href":"https:\/\/www.ronaldocorreiadebrito.com.br\/site2\/wp-json\/wp\/v2\/users\/1"}],"replies":[{"embeddable":true,"href":"https:\/\/www.ronaldocorreiadebrito.com.br\/site2\/wp-json\/wp\/v2\/comments?post=1287"}],"version-history":[{"count":0,"href":"https:\/\/www.ronaldocorreiadebrito.com.br\/site2\/wp-json\/wp\/v2\/posts\/1287\/revisions"}],"wp:featuredmedia":[{"embeddable":true,"href":"https:\/\/www.ronaldocorreiadebrito.com.br\/site2\/wp-json\/wp\/v2\/media\/1288"}],"wp:attachment":[{"href":"https:\/\/www.ronaldocorreiadebrito.com.br\/site2\/wp-json\/wp\/v2\/media?parent=1287"}],"wp:term":[{"taxonomy":"category","embeddable":true,"href":"https:\/\/www.ronaldocorreiadebrito.com.br\/site2\/wp-json\/wp\/v2\/categories?post=1287"},{"taxonomy":"post_tag","embeddable":true,"href":"https:\/\/www.ronaldocorreiadebrito.com.br\/site2\/wp-json\/wp\/v2\/tags?post=1287"}],"curies":[{"name":"wp","href":"https:\/\/api.w.org\/{rel}","templated":true}]}}