{"id":1282,"date":"2020-04-21T11:55:48","date_gmt":"2020-04-21T14:55:48","guid":{"rendered":"http:\/\/www.ronaldocorreiadebrito.com.br\/site2\/?p=1282"},"modified":"2020-04-21T14:34:02","modified_gmt":"2020-04-21T17:34:02","slug":"diario-do-isolamento-11-tiradentes-e-caneca","status":"publish","type":"post","link":"https:\/\/www.ronaldocorreiadebrito.com.br\/site2\/2020\/04\/diario-do-isolamento-11-tiradentes-e-caneca\/","title":{"rendered":"Di\u00e1rio do isolamento 11 &#8211; Tiradentes e Caneca"},"content":{"rendered":"<p class=\"p1\" style=\"text-align: right;\"><span class=\"s1\">(ter\u00e7a-feira, 21 de abril)<\/span><\/p>\n<h1 class=\"p1\"><span class=\"s1\">Tiradentes e Caneca<\/span><\/h1>\n<p class=\"p1\"><span class=\"s1\">Hoje o dia amanheceu feriado, quase ningu\u00e9m na pista de ciclismo e corrida, alguns carros, os mesmos escravos modernos transportando encomendas em suas bicicletas. \u00c9 estranho o \u00f3cio dentro do \u00f3cio, enquanto um v\u00edrus continua trabalhando incans\u00e1vel e trai\u00e7oeiro. H\u00e1 poucos ru\u00eddos na cidade, perguntamos pelos sons, aporrinhando nossos ouvidos. Ser\u00e1 que voltamos a apreciar o sil\u00eancio, a falar mais baixo, a sentir o que \u00e9 recolhimento? N\u00e3o fosse o espectro da morte rondando, e o isolamento compuls\u00f3rio, me alegrava o tempo escorrendo lento, de sobra para ver o que j\u00e1 n\u00e3o v\u00edamos, ouvir as batidas do cora\u00e7\u00e3o e a m\u00fasica de Bach, nas Varia\u00e7\u00f5es Goldberg. <\/span><\/p>\n<p class=\"p1\"><span class=\"s1\">Um primo do sert\u00e3o me enviou o v\u00eddeo do rio Umbuzeiro, com enchente. Estive em Aiuaba, nos Inhamuns, pelo m\u00eas de fevereiro, durante as filmagens de entrevista para o Canal Brasil. O rio que des\u00e1gua no Concei\u00e7\u00e3o, e depois no Jaguaribe, estava seco. Nem acreditei que por detr\u00e1s da casa do tio Jos\u00e9 Bezerra do Vale, constru\u00edda em 1717, que se mant\u00e9m de p\u00e9 como a hist\u00f3ria do meu ancestral em oitava gera\u00e7\u00e3o, pudesse correr um riacho. \u2013 N\u00e3o \u00e9 riacho, mas rio, corrigiram-me. Desculpem. \u00c9 dif\u00edcil imaginar \u00e1gua em meio \u00e0s planuras secas e quentes, onde primeiro chegaram meus familiares, pastores rudes e seus rebanhos, multiplicando-se como vacas e cabras. <\/span><\/p>\n<p class=\"p1\"><span class=\"s1\">Chove muito no Cear\u00e1, h\u00e1 tempo n\u00e3o acontecia chover, e me sinto triste porque n\u00e3o posso viajar. Planejei percorrer o sert\u00e3o onde nasci, ver casas antigas e fazendas, mais arruinadas do que quando eu as vi, h\u00e1 muitos anos. Lugares povoados de aus\u00eancias e sil\u00eancio. Quase n\u00e3o sonho em viajar \u00e0 Europa. Aos Estados Unidos, nunca. Minha vontade \u00e9 percorrer o nordeste e o norte do Brasil, inventariar passado e presente, assunto para contos, novelas e romances. Sinto-me feliz no reencontro com o Brasil profundo, arcaico e extraviado na modernidade. A decad\u00eancia e o transtorno s\u00e3o meus temas preferidos, porque neles eu enxergo um broto se gerando, a promessa de crescer e tornar-se diferente do que nos ensinam os modelos viciados.<\/span><\/p>\n<p class=\"p1\"><span class=\"s1\">N\u00e3o viajarei aos Inhamuns, a pandemia cortou minhas pernas. Nada de banhos em riachos, rios, grot\u00f5es, a\u00e7udes e cachoeiras. Essas primazias s\u00e3o poss\u00edveis apenas na esta\u00e7\u00e3o das chuvas. At\u00e9 julho, ainda temos um clima agrad\u00e1vel, o verde se mant\u00e9m vivo, antes de amarelecer e chegar ao marrom e cinza. As cores que tanto estarreceram Euclides da Cunha, pela monotonia e repeti\u00e7\u00e3o, levando-o a escrever um retrato grotesco dos sert\u00f5es. H\u00e1 os que amam o deserto e o calor, e os que amam a estepe gelada, que tamb\u00e9m queima a pele e resseca os olhos e os l\u00e1bios como o sol mais quente do nordeste. Fomos esmagados pelo gosto euroc\u00eantrico e norte-americano. Precisamos cultivar um gosto pelo Brasil, longe de nacionalismo falso e canhestro. Um amor como o de Caneca, republicano que merecia um feriado. <\/span><\/p>\n","protected":false},"excerpt":{"rendered":"<p>(ter\u00e7a-feira, 21 de abril) Tiradentes e Caneca Hoje o dia amanheceu feriado, quase ningu\u00e9m na pista de ciclismo e corrida, alguns carros, os mesmos escravos modernos transportando encomendas em suas bicicletas. \u00c9 estranho o \u00f3cio dentro do \u00f3cio, enquanto um v\u00edrus continua trabalhando incans\u00e1vel e&#8230;<\/p>\n","protected":false},"author":1,"featured_media":1283,"comment_status":"open","ping_status":"closed","sticky":false,"template":"","format":"standard","meta":{"sfsi_plus_gutenberg_text_before_share":"","sfsi_plus_gutenberg_show_text_before_share":"","sfsi_plus_gutenberg_icon_type":"","sfsi_plus_gutenberg_icon_alignemt":"","sfsi_plus_gutenburg_max_per_row":"","footnotes":""},"categories":[8,46,45],"tags":[188],"class_list":["post-1282","post","type-post","status-publish","format-standard","has-post-thumbnail","hentry","category-blog","category-links","category-slider","tag-corona"],"yoast_head":"<!-- This site is optimized with the Yoast SEO plugin v27.4 - https:\/\/yoast.com\/product\/yoast-seo-wordpress\/ -->\n<title>Di\u00e1rio do isolamento 11 - Tiradentes e Caneca | Ronaldo Correia de Brito | site oficial<\/title>\n<meta name=\"robots\" content=\"index, follow, max-snippet:-1, max-image-preview:large, max-video-preview:-1\" \/>\n<link rel=\"canonical\" href=\"https:\/\/www.ronaldocorreiadebrito.com.br\/site2\/2020\/04\/diario-do-isolamento-11-tiradentes-e-caneca\/\" \/>\n<meta property=\"og:locale\" content=\"pt_BR\" \/>\n<meta property=\"og:type\" content=\"article\" \/>\n<meta property=\"og:title\" content=\"Di\u00e1rio do isolamento 11 - Tiradentes e Caneca | Ronaldo Correia de Brito | site oficial\" \/>\n<meta property=\"og:description\" content=\"(ter\u00e7a-feira, 21 de abril) Tiradentes e Caneca Hoje o dia amanheceu feriado, quase ningu\u00e9m na pista de ciclismo e corrida, alguns carros, os mesmos escravos modernos transportando encomendas em suas bicicletas. \u00c9 estranho o \u00f3cio dentro do \u00f3cio, enquanto um v\u00edrus continua trabalhando incans\u00e1vel e...\" \/>\n<meta property=\"og:url\" content=\"https:\/\/www.ronaldocorreiadebrito.com.br\/site2\/2020\/04\/diario-do-isolamento-11-tiradentes-e-caneca\/\" \/>\n<meta property=\"og:site_name\" content=\"Ronaldo Correia de Brito | site oficial\" \/>\n<meta property=\"article:publisher\" content=\"https:\/\/www.facebook.com\/ronaldocorreiadebrito.oficial\" \/>\n<meta property=\"article:published_time\" content=\"2020-04-21T14:55:48+00:00\" \/>\n<meta property=\"article:modified_time\" content=\"2020-04-21T17:34:02+00:00\" \/>\n<meta property=\"og:image\" content=\"https:\/\/www.ronaldocorreiadebrito.com.br\/site2\/wp-content\/uploads\/2020\/04\/rio-jaguaribe.png\" \/>\n\t<meta property=\"og:image:width\" content=\"640\" \/>\n\t<meta property=\"og:image:height\" content=\"429\" \/>\n\t<meta property=\"og:image:type\" content=\"image\/png\" \/>\n<meta name=\"author\" content=\"admin\" \/>\n<meta name=\"twitter:card\" content=\"summary_large_image\" \/>\n<meta name=\"twitter:label1\" content=\"Escrito por\" \/>\n\t<meta name=\"twitter:data1\" content=\"admin\" \/>\n\t<meta name=\"twitter:label2\" content=\"Est. tempo de leitura\" \/>\n\t<meta name=\"twitter:data2\" content=\"3 minutos\" \/>\n<script type=\"application\/ld+json\" class=\"yoast-schema-graph\">{\"@context\":\"https:\\\/\\\/schema.org\",\"@graph\":[{\"@type\":\"Article\",\"@id\":\"https:\\\/\\\/www.ronaldocorreiadebrito.com.br\\\/site2\\\/2020\\\/04\\\/diario-do-isolamento-11-tiradentes-e-caneca\\\/#article\",\"isPartOf\":{\"@id\":\"https:\\\/\\\/www.ronaldocorreiadebrito.com.br\\\/site2\\\/2020\\\/04\\\/diario-do-isolamento-11-tiradentes-e-caneca\\\/\"},\"author\":{\"name\":\"admin\",\"@id\":\"https:\\\/\\\/www.ronaldocorreiadebrito.com.br\\\/site2\\\/#\\\/schema\\\/person\\\/99a164d0eaaff7f78b11899bc7d5e7c9\"},\"headline\":\"Di\u00e1rio do isolamento 11 &#8211; Tiradentes e Caneca\",\"datePublished\":\"2020-04-21T14:55:48+00:00\",\"dateModified\":\"2020-04-21T17:34:02+00:00\",\"mainEntityOfPage\":{\"@id\":\"https:\\\/\\\/www.ronaldocorreiadebrito.com.br\\\/site2\\\/2020\\\/04\\\/diario-do-isolamento-11-tiradentes-e-caneca\\\/\"},\"wordCount\":525,\"commentCount\":0,\"image\":{\"@id\":\"https:\\\/\\\/www.ronaldocorreiadebrito.com.br\\\/site2\\\/2020\\\/04\\\/diario-do-isolamento-11-tiradentes-e-caneca\\\/#primaryimage\"},\"thumbnailUrl\":\"https:\\\/\\\/www.ronaldocorreiadebrito.com.br\\\/site2\\\/wp-content\\\/uploads\\\/2020\\\/04\\\/rio-jaguaribe.png\",\"keywords\":[\"corona\"],\"articleSection\":[\"Blog\",\"Links\",\"Slider\"],\"inLanguage\":\"pt-BR\",\"potentialAction\":[{\"@type\":\"CommentAction\",\"name\":\"Comment\",\"target\":[\"https:\\\/\\\/www.ronaldocorreiadebrito.com.br\\\/site2\\\/2020\\\/04\\\/diario-do-isolamento-11-tiradentes-e-caneca\\\/#respond\"]}]},{\"@type\":\"WebPage\",\"@id\":\"https:\\\/\\\/www.ronaldocorreiadebrito.com.br\\\/site2\\\/2020\\\/04\\\/diario-do-isolamento-11-tiradentes-e-caneca\\\/\",\"url\":\"https:\\\/\\\/www.ronaldocorreiadebrito.com.br\\\/site2\\\/2020\\\/04\\\/diario-do-isolamento-11-tiradentes-e-caneca\\\/\",\"name\":\"Di\u00e1rio do isolamento 11 - Tiradentes e Caneca | Ronaldo Correia de Brito | site oficial\",\"isPartOf\":{\"@id\":\"https:\\\/\\\/www.ronaldocorreiadebrito.com.br\\\/site2\\\/#website\"},\"primaryImageOfPage\":{\"@id\":\"https:\\\/\\\/www.ronaldocorreiadebrito.com.br\\\/site2\\\/2020\\\/04\\\/diario-do-isolamento-11-tiradentes-e-caneca\\\/#primaryimage\"},\"image\":{\"@id\":\"https:\\\/\\\/www.ronaldocorreiadebrito.com.br\\\/site2\\\/2020\\\/04\\\/diario-do-isolamento-11-tiradentes-e-caneca\\\/#primaryimage\"},\"thumbnailUrl\":\"https:\\\/\\\/www.ronaldocorreiadebrito.com.br\\\/site2\\\/wp-content\\\/uploads\\\/2020\\\/04\\\/rio-jaguaribe.png\",\"datePublished\":\"2020-04-21T14:55:48+00:00\",\"dateModified\":\"2020-04-21T17:34:02+00:00\",\"author\":{\"@id\":\"https:\\\/\\\/www.ronaldocorreiadebrito.com.br\\\/site2\\\/#\\\/schema\\\/person\\\/99a164d0eaaff7f78b11899bc7d5e7c9\"},\"breadcrumb\":{\"@id\":\"https:\\\/\\\/www.ronaldocorreiadebrito.com.br\\\/site2\\\/2020\\\/04\\\/diario-do-isolamento-11-tiradentes-e-caneca\\\/#breadcrumb\"},\"inLanguage\":\"pt-BR\",\"potentialAction\":[{\"@type\":\"ReadAction\",\"target\":[\"https:\\\/\\\/www.ronaldocorreiadebrito.com.br\\\/site2\\\/2020\\\/04\\\/diario-do-isolamento-11-tiradentes-e-caneca\\\/\"]}]},{\"@type\":\"ImageObject\",\"inLanguage\":\"pt-BR\",\"@id\":\"https:\\\/\\\/www.ronaldocorreiadebrito.com.br\\\/site2\\\/2020\\\/04\\\/diario-do-isolamento-11-tiradentes-e-caneca\\\/#primaryimage\",\"url\":\"https:\\\/\\\/www.ronaldocorreiadebrito.com.br\\\/site2\\\/wp-content\\\/uploads\\\/2020\\\/04\\\/rio-jaguaribe.png\",\"contentUrl\":\"https:\\\/\\\/www.ronaldocorreiadebrito.com.br\\\/site2\\\/wp-content\\\/uploads\\\/2020\\\/04\\\/rio-jaguaribe.png\",\"width\":640,\"height\":429},{\"@type\":\"BreadcrumbList\",\"@id\":\"https:\\\/\\\/www.ronaldocorreiadebrito.com.br\\\/site2\\\/2020\\\/04\\\/diario-do-isolamento-11-tiradentes-e-caneca\\\/#breadcrumb\",\"itemListElement\":[{\"@type\":\"ListItem\",\"position\":1,\"name\":\"In\u00edcio\",\"item\":\"https:\\\/\\\/www.ronaldocorreiadebrito.com.br\\\/site2\\\/\"},{\"@type\":\"ListItem\",\"position\":2,\"name\":\"Di\u00e1rio do isolamento 11 &#8211; Tiradentes e Caneca\"}]},{\"@type\":\"WebSite\",\"@id\":\"https:\\\/\\\/www.ronaldocorreiadebrito.com.br\\\/site2\\\/#website\",\"url\":\"https:\\\/\\\/www.ronaldocorreiadebrito.com.br\\\/site2\\\/\",\"name\":\"Ronaldo Correia de Brito | site oficial\",\"description\":\"Site oficial do escritor Ronaldo Correia de Brito\",\"potentialAction\":[{\"@type\":\"SearchAction\",\"target\":{\"@type\":\"EntryPoint\",\"urlTemplate\":\"https:\\\/\\\/www.ronaldocorreiadebrito.com.br\\\/site2\\\/?s={search_term_string}\"},\"query-input\":{\"@type\":\"PropertyValueSpecification\",\"valueRequired\":true,\"valueName\":\"search_term_string\"}}],\"inLanguage\":\"pt-BR\"},{\"@type\":\"Person\",\"@id\":\"https:\\\/\\\/www.ronaldocorreiadebrito.com.br\\\/site2\\\/#\\\/schema\\\/person\\\/99a164d0eaaff7f78b11899bc7d5e7c9\",\"name\":\"admin\",\"url\":\"https:\\\/\\\/www.ronaldocorreiadebrito.com.br\\\/site2\\\/author\\\/admin\\\/\"}]}<\/script>\n<!-- \/ Yoast SEO plugin. -->","yoast_head_json":{"title":"Di\u00e1rio do isolamento 11 - Tiradentes e Caneca | Ronaldo Correia de Brito | site oficial","robots":{"index":"index","follow":"follow","max-snippet":"max-snippet:-1","max-image-preview":"max-image-preview:large","max-video-preview":"max-video-preview:-1"},"canonical":"https:\/\/www.ronaldocorreiadebrito.com.br\/site2\/2020\/04\/diario-do-isolamento-11-tiradentes-e-caneca\/","og_locale":"pt_BR","og_type":"article","og_title":"Di\u00e1rio do isolamento 11 - Tiradentes e Caneca | Ronaldo Correia de Brito | site oficial","og_description":"(ter\u00e7a-feira, 21 de abril) Tiradentes e Caneca Hoje o dia amanheceu feriado, quase ningu\u00e9m na pista de ciclismo e corrida, alguns carros, os mesmos escravos modernos transportando encomendas em suas bicicletas. \u00c9 estranho o \u00f3cio dentro do \u00f3cio, enquanto um v\u00edrus continua trabalhando incans\u00e1vel e...","og_url":"https:\/\/www.ronaldocorreiadebrito.com.br\/site2\/2020\/04\/diario-do-isolamento-11-tiradentes-e-caneca\/","og_site_name":"Ronaldo Correia de Brito | site oficial","article_publisher":"https:\/\/www.facebook.com\/ronaldocorreiadebrito.oficial","article_published_time":"2020-04-21T14:55:48+00:00","article_modified_time":"2020-04-21T17:34:02+00:00","og_image":[{"width":640,"height":429,"url":"https:\/\/www.ronaldocorreiadebrito.com.br\/site2\/wp-content\/uploads\/2020\/04\/rio-jaguaribe.png","type":"image\/png"}],"author":"admin","twitter_card":"summary_large_image","twitter_misc":{"Escrito por":"admin","Est. tempo de leitura":"3 minutos"},"schema":{"@context":"https:\/\/schema.org","@graph":[{"@type":"Article","@id":"https:\/\/www.ronaldocorreiadebrito.com.br\/site2\/2020\/04\/diario-do-isolamento-11-tiradentes-e-caneca\/#article","isPartOf":{"@id":"https:\/\/www.ronaldocorreiadebrito.com.br\/site2\/2020\/04\/diario-do-isolamento-11-tiradentes-e-caneca\/"},"author":{"name":"admin","@id":"https:\/\/www.ronaldocorreiadebrito.com.br\/site2\/#\/schema\/person\/99a164d0eaaff7f78b11899bc7d5e7c9"},"headline":"Di\u00e1rio do isolamento 11 &#8211; Tiradentes e Caneca","datePublished":"2020-04-21T14:55:48+00:00","dateModified":"2020-04-21T17:34:02+00:00","mainEntityOfPage":{"@id":"https:\/\/www.ronaldocorreiadebrito.com.br\/site2\/2020\/04\/diario-do-isolamento-11-tiradentes-e-caneca\/"},"wordCount":525,"commentCount":0,"image":{"@id":"https:\/\/www.ronaldocorreiadebrito.com.br\/site2\/2020\/04\/diario-do-isolamento-11-tiradentes-e-caneca\/#primaryimage"},"thumbnailUrl":"https:\/\/www.ronaldocorreiadebrito.com.br\/site2\/wp-content\/uploads\/2020\/04\/rio-jaguaribe.png","keywords":["corona"],"articleSection":["Blog","Links","Slider"],"inLanguage":"pt-BR","potentialAction":[{"@type":"CommentAction","name":"Comment","target":["https:\/\/www.ronaldocorreiadebrito.com.br\/site2\/2020\/04\/diario-do-isolamento-11-tiradentes-e-caneca\/#respond"]}]},{"@type":"WebPage","@id":"https:\/\/www.ronaldocorreiadebrito.com.br\/site2\/2020\/04\/diario-do-isolamento-11-tiradentes-e-caneca\/","url":"https:\/\/www.ronaldocorreiadebrito.com.br\/site2\/2020\/04\/diario-do-isolamento-11-tiradentes-e-caneca\/","name":"Di\u00e1rio do isolamento 11 - Tiradentes e Caneca | Ronaldo Correia de Brito | site oficial","isPartOf":{"@id":"https:\/\/www.ronaldocorreiadebrito.com.br\/site2\/#website"},"primaryImageOfPage":{"@id":"https:\/\/www.ronaldocorreiadebrito.com.br\/site2\/2020\/04\/diario-do-isolamento-11-tiradentes-e-caneca\/#primaryimage"},"image":{"@id":"https:\/\/www.ronaldocorreiadebrito.com.br\/site2\/2020\/04\/diario-do-isolamento-11-tiradentes-e-caneca\/#primaryimage"},"thumbnailUrl":"https:\/\/www.ronaldocorreiadebrito.com.br\/site2\/wp-content\/uploads\/2020\/04\/rio-jaguaribe.png","datePublished":"2020-04-21T14:55:48+00:00","dateModified":"2020-04-21T17:34:02+00:00","author":{"@id":"https:\/\/www.ronaldocorreiadebrito.com.br\/site2\/#\/schema\/person\/99a164d0eaaff7f78b11899bc7d5e7c9"},"breadcrumb":{"@id":"https:\/\/www.ronaldocorreiadebrito.com.br\/site2\/2020\/04\/diario-do-isolamento-11-tiradentes-e-caneca\/#breadcrumb"},"inLanguage":"pt-BR","potentialAction":[{"@type":"ReadAction","target":["https:\/\/www.ronaldocorreiadebrito.com.br\/site2\/2020\/04\/diario-do-isolamento-11-tiradentes-e-caneca\/"]}]},{"@type":"ImageObject","inLanguage":"pt-BR","@id":"https:\/\/www.ronaldocorreiadebrito.com.br\/site2\/2020\/04\/diario-do-isolamento-11-tiradentes-e-caneca\/#primaryimage","url":"https:\/\/www.ronaldocorreiadebrito.com.br\/site2\/wp-content\/uploads\/2020\/04\/rio-jaguaribe.png","contentUrl":"https:\/\/www.ronaldocorreiadebrito.com.br\/site2\/wp-content\/uploads\/2020\/04\/rio-jaguaribe.png","width":640,"height":429},{"@type":"BreadcrumbList","@id":"https:\/\/www.ronaldocorreiadebrito.com.br\/site2\/2020\/04\/diario-do-isolamento-11-tiradentes-e-caneca\/#breadcrumb","itemListElement":[{"@type":"ListItem","position":1,"name":"In\u00edcio","item":"https:\/\/www.ronaldocorreiadebrito.com.br\/site2\/"},{"@type":"ListItem","position":2,"name":"Di\u00e1rio do isolamento 11 &#8211; Tiradentes e Caneca"}]},{"@type":"WebSite","@id":"https:\/\/www.ronaldocorreiadebrito.com.br\/site2\/#website","url":"https:\/\/www.ronaldocorreiadebrito.com.br\/site2\/","name":"Ronaldo Correia de Brito | site oficial","description":"Site oficial do escritor Ronaldo Correia de Brito","potentialAction":[{"@type":"SearchAction","target":{"@type":"EntryPoint","urlTemplate":"https:\/\/www.ronaldocorreiadebrito.com.br\/site2\/?s={search_term_string}"},"query-input":{"@type":"PropertyValueSpecification","valueRequired":true,"valueName":"search_term_string"}}],"inLanguage":"pt-BR"},{"@type":"Person","@id":"https:\/\/www.ronaldocorreiadebrito.com.br\/site2\/#\/schema\/person\/99a164d0eaaff7f78b11899bc7d5e7c9","name":"admin","url":"https:\/\/www.ronaldocorreiadebrito.com.br\/site2\/author\/admin\/"}]}},"wps_subtitle":"","_links":{"self":[{"href":"https:\/\/www.ronaldocorreiadebrito.com.br\/site2\/wp-json\/wp\/v2\/posts\/1282","targetHints":{"allow":["GET"]}}],"collection":[{"href":"https:\/\/www.ronaldocorreiadebrito.com.br\/site2\/wp-json\/wp\/v2\/posts"}],"about":[{"href":"https:\/\/www.ronaldocorreiadebrito.com.br\/site2\/wp-json\/wp\/v2\/types\/post"}],"author":[{"embeddable":true,"href":"https:\/\/www.ronaldocorreiadebrito.com.br\/site2\/wp-json\/wp\/v2\/users\/1"}],"replies":[{"embeddable":true,"href":"https:\/\/www.ronaldocorreiadebrito.com.br\/site2\/wp-json\/wp\/v2\/comments?post=1282"}],"version-history":[{"count":0,"href":"https:\/\/www.ronaldocorreiadebrito.com.br\/site2\/wp-json\/wp\/v2\/posts\/1282\/revisions"}],"wp:featuredmedia":[{"embeddable":true,"href":"https:\/\/www.ronaldocorreiadebrito.com.br\/site2\/wp-json\/wp\/v2\/media\/1283"}],"wp:attachment":[{"href":"https:\/\/www.ronaldocorreiadebrito.com.br\/site2\/wp-json\/wp\/v2\/media?parent=1282"}],"wp:term":[{"taxonomy":"category","embeddable":true,"href":"https:\/\/www.ronaldocorreiadebrito.com.br\/site2\/wp-json\/wp\/v2\/categories?post=1282"},{"taxonomy":"post_tag","embeddable":true,"href":"https:\/\/www.ronaldocorreiadebrito.com.br\/site2\/wp-json\/wp\/v2\/tags?post=1282"}],"curies":[{"name":"wp","href":"https:\/\/api.w.org\/{rel}","templated":true}]}}