{"id":1276,"date":"2020-04-19T17:54:16","date_gmt":"2020-04-19T20:54:16","guid":{"rendered":"http:\/\/www.ronaldocorreiadebrito.com.br\/site2\/?p=1276"},"modified":"2020-04-19T20:02:19","modified_gmt":"2020-04-19T23:02:19","slug":"diario-do-isolamento-10-domingo-sem-musica","status":"publish","type":"post","link":"https:\/\/www.ronaldocorreiadebrito.com.br\/site2\/2020\/04\/diario-do-isolamento-10-domingo-sem-musica\/","title":{"rendered":"Di\u00e1rio do isolamento 10 &#8211; Domingo sem m\u00fasica"},"content":{"rendered":"<p class=\"p1\"><span class=\"s1\">(domingo, 19 de abril)<\/span><\/p>\n<p class=\"p1\"><span class=\"s1\">Domingo sem m\u00fasica<\/span><\/p>\n<p class=\"p1\"><span class=\"s1\">Comecei o dia cheio de planos de ouvir Bach. No \u00faltimo m\u00eas, sobrevivi em parte, gra\u00e7as a ele. Assisti pelo YouTube \u00e0 Paix\u00e3o Segundo Mateus, na reg\u00eancia de Van Veldhoven, com a Netherlandas Bach Society. O orat\u00f3rio dura cerca de tr\u00eas horas, mas \u00e9 comovente e genial. E nos eleva, d\u00e1 for\u00e7a, ao inv\u00e9s de deprimir. Vi tr\u00eas vezes, durante a Semana Santa. Tamb\u00e9m assisti uma vers\u00e3o com reg\u00eancia de Philippe Herreweghe, mais longa, apesar de alguns trechos suprimidos, bem mais lenta e menos empolgante. Vale para quem assiste pela primeira vez, porque tem as legendas do libreto, com indica\u00e7\u00e3o dos personagens que cantam. Mas senti-me atrapalhado pela leitura, perdi bastante a emo\u00e7\u00e3o da m\u00fasica. <\/span><\/p>\n<p class=\"p1\"><span class=\"s1\">Tamb\u00e9m assisti a Paix\u00e3o Segundo Jo\u00e3o, o Magnificat, v\u00e1rias cantatas, uma su\u00edte para orquestra e todos os concertos de Brandenburgo, favoritos de minha neta de quatro anos. Um escritor judeu h\u00fangaro, que escapou do stalinismo e do nazismo, revela ter sobrevivido gra\u00e7as \u00e0 m\u00fasica de Wagner. Parece contradit\u00f3rio, porque as \u00f3peras de Wagner alimentaram o nacionalismo alem\u00e3o e o nazismo. Mas a arte n\u00e3o possui dono nem identidade. Ela s\u00f3 existe a partir do instante em que algu\u00e9m a recria e sente, lhe emprestando nova dimens\u00e3o. Devo minha vida a Bach.<\/span><\/p>\n<p class=\"p1\"><span class=\"s1\">O escritor h\u00fangaro percebia que a cria\u00e7\u00e3o foge aos r\u00f3tulos e \u00e0 propriedade. Wagner \u00e9 mais do que o nacionalismo que o alimentou e ajudou-o a compor suas \u00f3peras, mais do que Hitler e o antissemitismo. Quando ou\u00e7o Bach, esque\u00e7o certos fantasmas me assombrando. Entro numa ordem de grandeza em que eles n\u00e3o transitam, felizmente.<\/span><\/p>\n<p class=\"p1\"><span class=\"s1\">N\u00e3o pude ouvir Bach, nem terminar a leitura do novo romance de Altair Martins, <i>Os donos do inverno<\/i>, que estou adorando, nem reler uma hist\u00f3ria d\u2019<i>As mil e uma noites<\/i>, nem concluir <i>Orientalismo<\/i>, de Edward Said, nem escrever. O dia foi gasto lavando banheiros, varrendo casa, limpando m\u00f3veis, arrumando arm\u00e1rios, estendendo roupas no varal. Um dia de tigelas, segundo a f\u00e1bula zen. H\u00e1 um m\u00eas nossos funcion\u00e1rios est\u00e3o de quarentena como os patr\u00f5es. Sinto o peso de morar numa casa grande, embora sempre tenha participado dos afazeres dom\u00e9sticos. Nos espa\u00e7os estreitos at\u00e9 as ideias ficam estreitas, diz um personagem de Dostoievski, em <i>Humilhados e ofendidos<\/i>. Concordo, por isso aguento sem reclamar o excesso de trabalho. Se eu n\u00e3o trabalho, algu\u00e9m trabalha por mim. Agora, cito a fala de um personagem de Tchekhov. <\/span><\/p>\n<p class=\"p1\"><span class=\"s1\">Minha neta que ouve Bach esteve na garagem do pr\u00e9dio onde moro. Nos olhamos de longe, fazendo for\u00e7a para n\u00e3o corrermos um para o outro. Essa dor e tristeza da separa\u00e7\u00e3o Bach n\u00e3o consola.<\/span><\/p>\n","protected":false},"excerpt":{"rendered":"<p>(domingo, 19 de abril) Domingo sem m\u00fasica Comecei o dia cheio de planos de ouvir Bach. No \u00faltimo m\u00eas, sobrevivi em parte, gra\u00e7as a ele. Assisti pelo YouTube \u00e0 Paix\u00e3o Segundo Mateus, na reg\u00eancia de Van Veldhoven, com a Netherlandas Bach Society. O orat\u00f3rio dura&#8230;<\/p>\n","protected":false},"author":1,"featured_media":1277,"comment_status":"open","ping_status":"closed","sticky":false,"template":"","format":"standard","meta":{"sfsi_plus_gutenberg_text_before_share":"","sfsi_plus_gutenberg_show_text_before_share":"","sfsi_plus_gutenberg_icon_type":"","sfsi_plus_gutenberg_icon_alignemt":"","sfsi_plus_gutenburg_max_per_row":"","footnotes":""},"categories":[8,46,45],"tags":[188],"class_list":["post-1276","post","type-post","status-publish","format-standard","has-post-thumbnail","hentry","category-blog","category-links","category-slider","tag-corona"],"yoast_head":"<!-- This site is optimized with the Yoast SEO plugin v27.4 - https:\/\/yoast.com\/product\/yoast-seo-wordpress\/ -->\n<title>Di\u00e1rio do isolamento 10 - Domingo sem m\u00fasica | Ronaldo Correia de Brito | site oficial<\/title>\n<meta name=\"robots\" content=\"index, follow, max-snippet:-1, max-image-preview:large, max-video-preview:-1\" \/>\n<link rel=\"canonical\" href=\"https:\/\/www.ronaldocorreiadebrito.com.br\/site2\/2020\/04\/diario-do-isolamento-10-domingo-sem-musica\/\" \/>\n<meta property=\"og:locale\" content=\"pt_BR\" \/>\n<meta property=\"og:type\" content=\"article\" \/>\n<meta property=\"og:title\" content=\"Di\u00e1rio do isolamento 10 - Domingo sem m\u00fasica | Ronaldo Correia de Brito | site oficial\" \/>\n<meta property=\"og:description\" content=\"(domingo, 19 de abril) Domingo sem m\u00fasica Comecei o dia cheio de planos de ouvir Bach. No \u00faltimo m\u00eas, sobrevivi em parte, gra\u00e7as a ele. Assisti pelo YouTube \u00e0 Paix\u00e3o Segundo Mateus, na reg\u00eancia de Van Veldhoven, com a Netherlandas Bach Society. O orat\u00f3rio dura...\" \/>\n<meta property=\"og:url\" content=\"https:\/\/www.ronaldocorreiadebrito.com.br\/site2\/2020\/04\/diario-do-isolamento-10-domingo-sem-musica\/\" \/>\n<meta property=\"og:site_name\" content=\"Ronaldo Correia de Brito | site oficial\" \/>\n<meta property=\"article:publisher\" content=\"https:\/\/www.facebook.com\/ronaldocorreiadebrito.oficial\" \/>\n<meta property=\"article:published_time\" content=\"2020-04-19T20:54:16+00:00\" \/>\n<meta property=\"article:modified_time\" content=\"2020-04-19T23:02:19+00:00\" \/>\n<meta property=\"og:image\" content=\"https:\/\/www.ronaldocorreiadebrito.com.br\/site2\/wp-content\/uploads\/2020\/04\/hug-768x427.png\" \/>\n\t<meta property=\"og:image:width\" content=\"768\" \/>\n\t<meta property=\"og:image:height\" content=\"427\" \/>\n\t<meta property=\"og:image:type\" content=\"image\/png\" \/>\n<meta name=\"author\" content=\"admin\" \/>\n<meta name=\"twitter:card\" content=\"summary_large_image\" \/>\n<meta name=\"twitter:label1\" content=\"Escrito por\" \/>\n\t<meta name=\"twitter:data1\" content=\"admin\" \/>\n\t<meta name=\"twitter:label2\" content=\"Est. tempo de leitura\" \/>\n\t<meta name=\"twitter:data2\" content=\"2 minutos\" \/>\n<script type=\"application\/ld+json\" class=\"yoast-schema-graph\">{\"@context\":\"https:\\\/\\\/schema.org\",\"@graph\":[{\"@type\":\"Article\",\"@id\":\"https:\\\/\\\/www.ronaldocorreiadebrito.com.br\\\/site2\\\/2020\\\/04\\\/diario-do-isolamento-10-domingo-sem-musica\\\/#article\",\"isPartOf\":{\"@id\":\"https:\\\/\\\/www.ronaldocorreiadebrito.com.br\\\/site2\\\/2020\\\/04\\\/diario-do-isolamento-10-domingo-sem-musica\\\/\"},\"author\":{\"name\":\"admin\",\"@id\":\"https:\\\/\\\/www.ronaldocorreiadebrito.com.br\\\/site2\\\/#\\\/schema\\\/person\\\/99a164d0eaaff7f78b11899bc7d5e7c9\"},\"headline\":\"Di\u00e1rio do isolamento 10 &#8211; Domingo sem m\u00fasica\",\"datePublished\":\"2020-04-19T20:54:16+00:00\",\"dateModified\":\"2020-04-19T23:02:19+00:00\",\"mainEntityOfPage\":{\"@id\":\"https:\\\/\\\/www.ronaldocorreiadebrito.com.br\\\/site2\\\/2020\\\/04\\\/diario-do-isolamento-10-domingo-sem-musica\\\/\"},\"wordCount\":491,\"commentCount\":0,\"image\":{\"@id\":\"https:\\\/\\\/www.ronaldocorreiadebrito.com.br\\\/site2\\\/2020\\\/04\\\/diario-do-isolamento-10-domingo-sem-musica\\\/#primaryimage\"},\"thumbnailUrl\":\"https:\\\/\\\/www.ronaldocorreiadebrito.com.br\\\/site2\\\/wp-content\\\/uploads\\\/2020\\\/04\\\/hug-768x427.png\",\"keywords\":[\"corona\"],\"articleSection\":[\"Blog\",\"Links\",\"Slider\"],\"inLanguage\":\"pt-BR\",\"potentialAction\":[{\"@type\":\"CommentAction\",\"name\":\"Comment\",\"target\":[\"https:\\\/\\\/www.ronaldocorreiadebrito.com.br\\\/site2\\\/2020\\\/04\\\/diario-do-isolamento-10-domingo-sem-musica\\\/#respond\"]}]},{\"@type\":\"WebPage\",\"@id\":\"https:\\\/\\\/www.ronaldocorreiadebrito.com.br\\\/site2\\\/2020\\\/04\\\/diario-do-isolamento-10-domingo-sem-musica\\\/\",\"url\":\"https:\\\/\\\/www.ronaldocorreiadebrito.com.br\\\/site2\\\/2020\\\/04\\\/diario-do-isolamento-10-domingo-sem-musica\\\/\",\"name\":\"Di\u00e1rio do isolamento 10 - Domingo sem m\u00fasica | Ronaldo Correia de Brito | site oficial\",\"isPartOf\":{\"@id\":\"https:\\\/\\\/www.ronaldocorreiadebrito.com.br\\\/site2\\\/#website\"},\"primaryImageOfPage\":{\"@id\":\"https:\\\/\\\/www.ronaldocorreiadebrito.com.br\\\/site2\\\/2020\\\/04\\\/diario-do-isolamento-10-domingo-sem-musica\\\/#primaryimage\"},\"image\":{\"@id\":\"https:\\\/\\\/www.ronaldocorreiadebrito.com.br\\\/site2\\\/2020\\\/04\\\/diario-do-isolamento-10-domingo-sem-musica\\\/#primaryimage\"},\"thumbnailUrl\":\"https:\\\/\\\/www.ronaldocorreiadebrito.com.br\\\/site2\\\/wp-content\\\/uploads\\\/2020\\\/04\\\/hug-768x427.png\",\"datePublished\":\"2020-04-19T20:54:16+00:00\",\"dateModified\":\"2020-04-19T23:02:19+00:00\",\"author\":{\"@id\":\"https:\\\/\\\/www.ronaldocorreiadebrito.com.br\\\/site2\\\/#\\\/schema\\\/person\\\/99a164d0eaaff7f78b11899bc7d5e7c9\"},\"breadcrumb\":{\"@id\":\"https:\\\/\\\/www.ronaldocorreiadebrito.com.br\\\/site2\\\/2020\\\/04\\\/diario-do-isolamento-10-domingo-sem-musica\\\/#breadcrumb\"},\"inLanguage\":\"pt-BR\",\"potentialAction\":[{\"@type\":\"ReadAction\",\"target\":[\"https:\\\/\\\/www.ronaldocorreiadebrito.com.br\\\/site2\\\/2020\\\/04\\\/diario-do-isolamento-10-domingo-sem-musica\\\/\"]}]},{\"@type\":\"ImageObject\",\"inLanguage\":\"pt-BR\",\"@id\":\"https:\\\/\\\/www.ronaldocorreiadebrito.com.br\\\/site2\\\/2020\\\/04\\\/diario-do-isolamento-10-domingo-sem-musica\\\/#primaryimage\",\"url\":\"https:\\\/\\\/www.ronaldocorreiadebrito.com.br\\\/site2\\\/wp-content\\\/uploads\\\/2020\\\/04\\\/hug-768x427.png\",\"contentUrl\":\"https:\\\/\\\/www.ronaldocorreiadebrito.com.br\\\/site2\\\/wp-content\\\/uploads\\\/2020\\\/04\\\/hug-768x427.png\",\"width\":768,\"height\":427},{\"@type\":\"BreadcrumbList\",\"@id\":\"https:\\\/\\\/www.ronaldocorreiadebrito.com.br\\\/site2\\\/2020\\\/04\\\/diario-do-isolamento-10-domingo-sem-musica\\\/#breadcrumb\",\"itemListElement\":[{\"@type\":\"ListItem\",\"position\":1,\"name\":\"In\u00edcio\",\"item\":\"https:\\\/\\\/www.ronaldocorreiadebrito.com.br\\\/site2\\\/\"},{\"@type\":\"ListItem\",\"position\":2,\"name\":\"Di\u00e1rio do isolamento 10 &#8211; Domingo sem m\u00fasica\"}]},{\"@type\":\"WebSite\",\"@id\":\"https:\\\/\\\/www.ronaldocorreiadebrito.com.br\\\/site2\\\/#website\",\"url\":\"https:\\\/\\\/www.ronaldocorreiadebrito.com.br\\\/site2\\\/\",\"name\":\"Ronaldo Correia de Brito | site oficial\",\"description\":\"Site oficial do escritor Ronaldo Correia de Brito\",\"potentialAction\":[{\"@type\":\"SearchAction\",\"target\":{\"@type\":\"EntryPoint\",\"urlTemplate\":\"https:\\\/\\\/www.ronaldocorreiadebrito.com.br\\\/site2\\\/?s={search_term_string}\"},\"query-input\":{\"@type\":\"PropertyValueSpecification\",\"valueRequired\":true,\"valueName\":\"search_term_string\"}}],\"inLanguage\":\"pt-BR\"},{\"@type\":\"Person\",\"@id\":\"https:\\\/\\\/www.ronaldocorreiadebrito.com.br\\\/site2\\\/#\\\/schema\\\/person\\\/99a164d0eaaff7f78b11899bc7d5e7c9\",\"name\":\"admin\",\"url\":\"https:\\\/\\\/www.ronaldocorreiadebrito.com.br\\\/site2\\\/author\\\/admin\\\/\"}]}<\/script>\n<!-- \/ Yoast SEO plugin. -->","yoast_head_json":{"title":"Di\u00e1rio do isolamento 10 - Domingo sem m\u00fasica | Ronaldo Correia de Brito | site oficial","robots":{"index":"index","follow":"follow","max-snippet":"max-snippet:-1","max-image-preview":"max-image-preview:large","max-video-preview":"max-video-preview:-1"},"canonical":"https:\/\/www.ronaldocorreiadebrito.com.br\/site2\/2020\/04\/diario-do-isolamento-10-domingo-sem-musica\/","og_locale":"pt_BR","og_type":"article","og_title":"Di\u00e1rio do isolamento 10 - Domingo sem m\u00fasica | Ronaldo Correia de Brito | site oficial","og_description":"(domingo, 19 de abril) Domingo sem m\u00fasica Comecei o dia cheio de planos de ouvir Bach. No \u00faltimo m\u00eas, sobrevivi em parte, gra\u00e7as a ele. Assisti pelo YouTube \u00e0 Paix\u00e3o Segundo Mateus, na reg\u00eancia de Van Veldhoven, com a Netherlandas Bach Society. O orat\u00f3rio dura...","og_url":"https:\/\/www.ronaldocorreiadebrito.com.br\/site2\/2020\/04\/diario-do-isolamento-10-domingo-sem-musica\/","og_site_name":"Ronaldo Correia de Brito | site oficial","article_publisher":"https:\/\/www.facebook.com\/ronaldocorreiadebrito.oficial","article_published_time":"2020-04-19T20:54:16+00:00","article_modified_time":"2020-04-19T23:02:19+00:00","og_image":[{"width":768,"height":427,"url":"https:\/\/www.ronaldocorreiadebrito.com.br\/site2\/wp-content\/uploads\/2020\/04\/hug-768x427.png","type":"image\/png"}],"author":"admin","twitter_card":"summary_large_image","twitter_misc":{"Escrito por":"admin","Est. tempo de leitura":"2 minutos"},"schema":{"@context":"https:\/\/schema.org","@graph":[{"@type":"Article","@id":"https:\/\/www.ronaldocorreiadebrito.com.br\/site2\/2020\/04\/diario-do-isolamento-10-domingo-sem-musica\/#article","isPartOf":{"@id":"https:\/\/www.ronaldocorreiadebrito.com.br\/site2\/2020\/04\/diario-do-isolamento-10-domingo-sem-musica\/"},"author":{"name":"admin","@id":"https:\/\/www.ronaldocorreiadebrito.com.br\/site2\/#\/schema\/person\/99a164d0eaaff7f78b11899bc7d5e7c9"},"headline":"Di\u00e1rio do isolamento 10 &#8211; Domingo sem m\u00fasica","datePublished":"2020-04-19T20:54:16+00:00","dateModified":"2020-04-19T23:02:19+00:00","mainEntityOfPage":{"@id":"https:\/\/www.ronaldocorreiadebrito.com.br\/site2\/2020\/04\/diario-do-isolamento-10-domingo-sem-musica\/"},"wordCount":491,"commentCount":0,"image":{"@id":"https:\/\/www.ronaldocorreiadebrito.com.br\/site2\/2020\/04\/diario-do-isolamento-10-domingo-sem-musica\/#primaryimage"},"thumbnailUrl":"https:\/\/www.ronaldocorreiadebrito.com.br\/site2\/wp-content\/uploads\/2020\/04\/hug-768x427.png","keywords":["corona"],"articleSection":["Blog","Links","Slider"],"inLanguage":"pt-BR","potentialAction":[{"@type":"CommentAction","name":"Comment","target":["https:\/\/www.ronaldocorreiadebrito.com.br\/site2\/2020\/04\/diario-do-isolamento-10-domingo-sem-musica\/#respond"]}]},{"@type":"WebPage","@id":"https:\/\/www.ronaldocorreiadebrito.com.br\/site2\/2020\/04\/diario-do-isolamento-10-domingo-sem-musica\/","url":"https:\/\/www.ronaldocorreiadebrito.com.br\/site2\/2020\/04\/diario-do-isolamento-10-domingo-sem-musica\/","name":"Di\u00e1rio do isolamento 10 - Domingo sem m\u00fasica | Ronaldo Correia de Brito | site oficial","isPartOf":{"@id":"https:\/\/www.ronaldocorreiadebrito.com.br\/site2\/#website"},"primaryImageOfPage":{"@id":"https:\/\/www.ronaldocorreiadebrito.com.br\/site2\/2020\/04\/diario-do-isolamento-10-domingo-sem-musica\/#primaryimage"},"image":{"@id":"https:\/\/www.ronaldocorreiadebrito.com.br\/site2\/2020\/04\/diario-do-isolamento-10-domingo-sem-musica\/#primaryimage"},"thumbnailUrl":"https:\/\/www.ronaldocorreiadebrito.com.br\/site2\/wp-content\/uploads\/2020\/04\/hug-768x427.png","datePublished":"2020-04-19T20:54:16+00:00","dateModified":"2020-04-19T23:02:19+00:00","author":{"@id":"https:\/\/www.ronaldocorreiadebrito.com.br\/site2\/#\/schema\/person\/99a164d0eaaff7f78b11899bc7d5e7c9"},"breadcrumb":{"@id":"https:\/\/www.ronaldocorreiadebrito.com.br\/site2\/2020\/04\/diario-do-isolamento-10-domingo-sem-musica\/#breadcrumb"},"inLanguage":"pt-BR","potentialAction":[{"@type":"ReadAction","target":["https:\/\/www.ronaldocorreiadebrito.com.br\/site2\/2020\/04\/diario-do-isolamento-10-domingo-sem-musica\/"]}]},{"@type":"ImageObject","inLanguage":"pt-BR","@id":"https:\/\/www.ronaldocorreiadebrito.com.br\/site2\/2020\/04\/diario-do-isolamento-10-domingo-sem-musica\/#primaryimage","url":"https:\/\/www.ronaldocorreiadebrito.com.br\/site2\/wp-content\/uploads\/2020\/04\/hug-768x427.png","contentUrl":"https:\/\/www.ronaldocorreiadebrito.com.br\/site2\/wp-content\/uploads\/2020\/04\/hug-768x427.png","width":768,"height":427},{"@type":"BreadcrumbList","@id":"https:\/\/www.ronaldocorreiadebrito.com.br\/site2\/2020\/04\/diario-do-isolamento-10-domingo-sem-musica\/#breadcrumb","itemListElement":[{"@type":"ListItem","position":1,"name":"In\u00edcio","item":"https:\/\/www.ronaldocorreiadebrito.com.br\/site2\/"},{"@type":"ListItem","position":2,"name":"Di\u00e1rio do isolamento 10 &#8211; Domingo sem m\u00fasica"}]},{"@type":"WebSite","@id":"https:\/\/www.ronaldocorreiadebrito.com.br\/site2\/#website","url":"https:\/\/www.ronaldocorreiadebrito.com.br\/site2\/","name":"Ronaldo Correia de Brito | site oficial","description":"Site oficial do escritor Ronaldo Correia de Brito","potentialAction":[{"@type":"SearchAction","target":{"@type":"EntryPoint","urlTemplate":"https:\/\/www.ronaldocorreiadebrito.com.br\/site2\/?s={search_term_string}"},"query-input":{"@type":"PropertyValueSpecification","valueRequired":true,"valueName":"search_term_string"}}],"inLanguage":"pt-BR"},{"@type":"Person","@id":"https:\/\/www.ronaldocorreiadebrito.com.br\/site2\/#\/schema\/person\/99a164d0eaaff7f78b11899bc7d5e7c9","name":"admin","url":"https:\/\/www.ronaldocorreiadebrito.com.br\/site2\/author\/admin\/"}]}},"wps_subtitle":"","_links":{"self":[{"href":"https:\/\/www.ronaldocorreiadebrito.com.br\/site2\/wp-json\/wp\/v2\/posts\/1276","targetHints":{"allow":["GET"]}}],"collection":[{"href":"https:\/\/www.ronaldocorreiadebrito.com.br\/site2\/wp-json\/wp\/v2\/posts"}],"about":[{"href":"https:\/\/www.ronaldocorreiadebrito.com.br\/site2\/wp-json\/wp\/v2\/types\/post"}],"author":[{"embeddable":true,"href":"https:\/\/www.ronaldocorreiadebrito.com.br\/site2\/wp-json\/wp\/v2\/users\/1"}],"replies":[{"embeddable":true,"href":"https:\/\/www.ronaldocorreiadebrito.com.br\/site2\/wp-json\/wp\/v2\/comments?post=1276"}],"version-history":[{"count":0,"href":"https:\/\/www.ronaldocorreiadebrito.com.br\/site2\/wp-json\/wp\/v2\/posts\/1276\/revisions"}],"wp:featuredmedia":[{"embeddable":true,"href":"https:\/\/www.ronaldocorreiadebrito.com.br\/site2\/wp-json\/wp\/v2\/media\/1277"}],"wp:attachment":[{"href":"https:\/\/www.ronaldocorreiadebrito.com.br\/site2\/wp-json\/wp\/v2\/media?parent=1276"}],"wp:term":[{"taxonomy":"category","embeddable":true,"href":"https:\/\/www.ronaldocorreiadebrito.com.br\/site2\/wp-json\/wp\/v2\/categories?post=1276"},{"taxonomy":"post_tag","embeddable":true,"href":"https:\/\/www.ronaldocorreiadebrito.com.br\/site2\/wp-json\/wp\/v2\/tags?post=1276"}],"curies":[{"name":"wp","href":"https:\/\/api.w.org\/{rel}","templated":true}]}}