{"id":1261,"date":"2020-04-12T15:32:30","date_gmt":"2020-04-12T18:32:30","guid":{"rendered":"http:\/\/www.ronaldocorreiadebrito.com.br\/site2\/?p=1261"},"modified":"2020-04-12T15:32:30","modified_gmt":"2020-04-12T18:32:30","slug":"diario-do-isolamento-6","status":"publish","type":"post","link":"https:\/\/www.ronaldocorreiadebrito.com.br\/site2\/2020\/04\/diario-do-isolamento-6\/","title":{"rendered":"Di\u00e1rio do isolamento 6"},"content":{"rendered":"<p class=\"p1\"><span class=\"s1\">(domingo, 12 de abril)<\/span><\/p>\n<p>&nbsp;<\/p>\n<h1 class=\"p1\"><span class=\"s1\">A grandeza das pequenas coisas<\/span><\/h1>\n<p class=\"p1\"><span class=\"s1\">Contei diversas vezes uma f\u00e1bula zen-budista, em palestras, escritos, aulas, a ponto de me apropriar da hist\u00f3ria. Um mestre zen muito famoso \u00e9 procurado por um disc\u00edpulo que lhe pede: Mestre, ensina-me o zen. O mestre o olha e, em seguida, pergunta: Voc\u00ea tomou sua sopa? E ele: Tomei, sim. E o mestre: J\u00e1 lavou a tigela? O disc\u00edpulo responde: N\u00e3o. E o mestre, sorridente, o aconselha: Volte, lave a tigela.<\/span><\/p>\n<p class=\"p1\"><span class=\"s1\">Por esses dias, tenho varrido a casa, espanado m\u00f3veis e objetos, passado ferro nas roupas, cozinhado e feito outras tarefas dom\u00e9sticas. Hoje me perguntei se reconhe\u00e7o a grandeza desses afazeres em que muitos se ocupam. Se creio, de verdade, que se alcan\u00e7a o zen lavando a tigela da sopa. Ou se \u00e9 hipocrisia o que repeti muitas vezes: Todos os of\u00edcios s\u00e3o sagrados e o escritor n\u00e3o \u00e9 mais que o padeiro, nem o carpinteiro, nem o pintor de paredes. Deus n\u00e3o prefere o m\u00fasico ao pescador, como preferiu o Abel que pastorava ovelhas ao Caim que cultivava a terra. E que \u201cO s\u00e1bio tudo realiza e nada considera seu. Tudo faz e n\u00e3o se apega \u00e0 sua obra\u201d <\/span><span class=\"s2\">*<\/span><span class=\"s1\">.<\/span><\/p>\n<p class=\"p1\"><span class=\"s1\">Habituei-me a trabalhar como m\u00e9dico, escritor e dramaturgo. Oscilava entre duas ordens de grandeza, uma mensur\u00e1vel e outra imensur\u00e1vel. O que o artista realizava me parecia imposs\u00edvel de medir e o trabalho do m\u00e9dico mensur\u00e1vel. Nesse momento em que espet\u00e1culos, lan\u00e7amentos de livros, oficinas e confer\u00eancias se encontram adiados, sem previs\u00e3o de quando poder\u00e3o acontecer, tudo isso adquire uma ordem de grandeza, o zen. Para alcan\u00e7\u00e1-lo, preciso concentrar-me em lavar a tigela com o m\u00e1ximo de concentra\u00e7\u00e3o, desapego e f\u00e9.<\/span><\/p>\n<p class=\"p1\"><span class=\"s1\">O sucesso, nesse momento dif\u00edcil que atravessamos, consiste em enxergar grandeza nos pequenos fazeres. Deformados pelo consumo e pela volatilidade das coisas, perdemos sustenta\u00e7\u00e3o, firmeza. Mais do que nunca, criamos para ser consumidos, de prefer\u00eancia por milh\u00f5es ou bilh\u00f5es. O compositor alem\u00e3o Johan Sebastian Bach compunha orat\u00f3rios para serem executados na igreja onde era mestre de capela. Era o bastante. Reconhecido no seu tempo, caiu no esquecimento durante cem anos, at\u00e9 que Felix Mendelssohn o trouxe de volta \u00e0 luz. Bach criava para o seu tempo, movido por sua f\u00e9 em Deus e pela sobreviv\u00eancia.<\/span><\/p>\n<p class=\"p1\"><span class=\"s1\">A literatura atravessa uma de suas maiores crises. Para quem criar se n\u00e3o existem leitores? Por que insistir em criar, por exerc\u00edcio, por necessidade, ou porque n\u00e3o se sabe fazer outra coisa? Mais um enigma desse tempo indecifr\u00e1vel. Resta-nos o esmero e a concentra\u00e7\u00e3o no lavar a tigela.<\/span><\/p>\n","protected":false},"excerpt":{"rendered":"<p>(domingo, 12 de abril) &nbsp; A grandeza das pequenas coisas Contei diversas vezes uma f\u00e1bula zen-budista, em palestras, escritos, aulas, a ponto de me apropriar da hist\u00f3ria. Um mestre zen muito famoso \u00e9 procurado por um disc\u00edpulo que lhe pede: Mestre, ensina-me o zen. O&#8230;<\/p>\n","protected":false},"author":1,"featured_media":1262,"comment_status":"open","ping_status":"closed","sticky":false,"template":"","format":"standard","meta":{"sfsi_plus_gutenberg_text_before_share":"","sfsi_plus_gutenberg_show_text_before_share":"","sfsi_plus_gutenberg_icon_type":"","sfsi_plus_gutenberg_icon_alignemt":"","sfsi_plus_gutenburg_max_per_row":"","footnotes":""},"categories":[8,46,45],"tags":[188],"class_list":["post-1261","post","type-post","status-publish","format-standard","has-post-thumbnail","hentry","category-blog","category-links","category-slider","tag-corona"],"yoast_head":"<!-- This site is optimized with the Yoast SEO plugin v27.4 - https:\/\/yoast.com\/product\/yoast-seo-wordpress\/ -->\n<title>Di\u00e1rio do isolamento 6 | Ronaldo Correia de Brito | site oficial<\/title>\n<meta name=\"robots\" content=\"index, follow, max-snippet:-1, max-image-preview:large, max-video-preview:-1\" \/>\n<link rel=\"canonical\" href=\"https:\/\/www.ronaldocorreiadebrito.com.br\/site2\/2020\/04\/diario-do-isolamento-6\/\" \/>\n<meta property=\"og:locale\" content=\"pt_BR\" \/>\n<meta property=\"og:type\" content=\"article\" \/>\n<meta property=\"og:title\" content=\"Di\u00e1rio do isolamento 6 | Ronaldo Correia de Brito | site oficial\" \/>\n<meta property=\"og:description\" content=\"(domingo, 12 de abril) &nbsp; A grandeza das pequenas coisas Contei diversas vezes uma f\u00e1bula zen-budista, em palestras, escritos, aulas, a ponto de me apropriar da hist\u00f3ria. Um mestre zen muito famoso \u00e9 procurado por um disc\u00edpulo que lhe pede: Mestre, ensina-me o zen. O...\" \/>\n<meta property=\"og:url\" content=\"https:\/\/www.ronaldocorreiadebrito.com.br\/site2\/2020\/04\/diario-do-isolamento-6\/\" \/>\n<meta property=\"og:site_name\" content=\"Ronaldo Correia de Brito | site oficial\" \/>\n<meta property=\"article:publisher\" content=\"https:\/\/www.facebook.com\/ronaldocorreiadebrito.oficial\" \/>\n<meta property=\"article:published_time\" content=\"2020-04-12T18:32:30+00:00\" \/>\n<meta property=\"og:image\" content=\"https:\/\/www.ronaldocorreiadebrito.com.br\/site2\/wp-content\/uploads\/2020\/04\/migalhas-de-prato-sujo-vazio_151349-367.jpg\" \/>\n\t<meta property=\"og:image:width\" content=\"626\" \/>\n\t<meta property=\"og:image:height\" content=\"417\" \/>\n\t<meta property=\"og:image:type\" content=\"image\/jpeg\" \/>\n<meta name=\"author\" content=\"admin\" \/>\n<meta name=\"twitter:card\" content=\"summary_large_image\" \/>\n<meta name=\"twitter:label1\" content=\"Escrito por\" \/>\n\t<meta name=\"twitter:data1\" content=\"admin\" \/>\n\t<meta name=\"twitter:label2\" content=\"Est. tempo de leitura\" \/>\n\t<meta name=\"twitter:data2\" content=\"2 minutos\" \/>\n<script type=\"application\/ld+json\" class=\"yoast-schema-graph\">{\"@context\":\"https:\\\/\\\/schema.org\",\"@graph\":[{\"@type\":\"Article\",\"@id\":\"https:\\\/\\\/www.ronaldocorreiadebrito.com.br\\\/site2\\\/2020\\\/04\\\/diario-do-isolamento-6\\\/#article\",\"isPartOf\":{\"@id\":\"https:\\\/\\\/www.ronaldocorreiadebrito.com.br\\\/site2\\\/2020\\\/04\\\/diario-do-isolamento-6\\\/\"},\"author\":{\"name\":\"admin\",\"@id\":\"https:\\\/\\\/www.ronaldocorreiadebrito.com.br\\\/site2\\\/#\\\/schema\\\/person\\\/99a164d0eaaff7f78b11899bc7d5e7c9\"},\"headline\":\"Di\u00e1rio do isolamento 6\",\"datePublished\":\"2020-04-12T18:32:30+00:00\",\"mainEntityOfPage\":{\"@id\":\"https:\\\/\\\/www.ronaldocorreiadebrito.com.br\\\/site2\\\/2020\\\/04\\\/diario-do-isolamento-6\\\/\"},\"wordCount\":464,\"commentCount\":0,\"image\":{\"@id\":\"https:\\\/\\\/www.ronaldocorreiadebrito.com.br\\\/site2\\\/2020\\\/04\\\/diario-do-isolamento-6\\\/#primaryimage\"},\"thumbnailUrl\":\"https:\\\/\\\/www.ronaldocorreiadebrito.com.br\\\/site2\\\/wp-content\\\/uploads\\\/2020\\\/04\\\/migalhas-de-prato-sujo-vazio_151349-367.jpg\",\"keywords\":[\"corona\"],\"articleSection\":[\"Blog\",\"Links\",\"Slider\"],\"inLanguage\":\"pt-BR\",\"potentialAction\":[{\"@type\":\"CommentAction\",\"name\":\"Comment\",\"target\":[\"https:\\\/\\\/www.ronaldocorreiadebrito.com.br\\\/site2\\\/2020\\\/04\\\/diario-do-isolamento-6\\\/#respond\"]}]},{\"@type\":\"WebPage\",\"@id\":\"https:\\\/\\\/www.ronaldocorreiadebrito.com.br\\\/site2\\\/2020\\\/04\\\/diario-do-isolamento-6\\\/\",\"url\":\"https:\\\/\\\/www.ronaldocorreiadebrito.com.br\\\/site2\\\/2020\\\/04\\\/diario-do-isolamento-6\\\/\",\"name\":\"Di\u00e1rio do isolamento 6 | Ronaldo Correia de Brito | site oficial\",\"isPartOf\":{\"@id\":\"https:\\\/\\\/www.ronaldocorreiadebrito.com.br\\\/site2\\\/#website\"},\"primaryImageOfPage\":{\"@id\":\"https:\\\/\\\/www.ronaldocorreiadebrito.com.br\\\/site2\\\/2020\\\/04\\\/diario-do-isolamento-6\\\/#primaryimage\"},\"image\":{\"@id\":\"https:\\\/\\\/www.ronaldocorreiadebrito.com.br\\\/site2\\\/2020\\\/04\\\/diario-do-isolamento-6\\\/#primaryimage\"},\"thumbnailUrl\":\"https:\\\/\\\/www.ronaldocorreiadebrito.com.br\\\/site2\\\/wp-content\\\/uploads\\\/2020\\\/04\\\/migalhas-de-prato-sujo-vazio_151349-367.jpg\",\"datePublished\":\"2020-04-12T18:32:30+00:00\",\"author\":{\"@id\":\"https:\\\/\\\/www.ronaldocorreiadebrito.com.br\\\/site2\\\/#\\\/schema\\\/person\\\/99a164d0eaaff7f78b11899bc7d5e7c9\"},\"breadcrumb\":{\"@id\":\"https:\\\/\\\/www.ronaldocorreiadebrito.com.br\\\/site2\\\/2020\\\/04\\\/diario-do-isolamento-6\\\/#breadcrumb\"},\"inLanguage\":\"pt-BR\",\"potentialAction\":[{\"@type\":\"ReadAction\",\"target\":[\"https:\\\/\\\/www.ronaldocorreiadebrito.com.br\\\/site2\\\/2020\\\/04\\\/diario-do-isolamento-6\\\/\"]}]},{\"@type\":\"ImageObject\",\"inLanguage\":\"pt-BR\",\"@id\":\"https:\\\/\\\/www.ronaldocorreiadebrito.com.br\\\/site2\\\/2020\\\/04\\\/diario-do-isolamento-6\\\/#primaryimage\",\"url\":\"https:\\\/\\\/www.ronaldocorreiadebrito.com.br\\\/site2\\\/wp-content\\\/uploads\\\/2020\\\/04\\\/migalhas-de-prato-sujo-vazio_151349-367.jpg\",\"contentUrl\":\"https:\\\/\\\/www.ronaldocorreiadebrito.com.br\\\/site2\\\/wp-content\\\/uploads\\\/2020\\\/04\\\/migalhas-de-prato-sujo-vazio_151349-367.jpg\",\"width\":626,\"height\":417},{\"@type\":\"BreadcrumbList\",\"@id\":\"https:\\\/\\\/www.ronaldocorreiadebrito.com.br\\\/site2\\\/2020\\\/04\\\/diario-do-isolamento-6\\\/#breadcrumb\",\"itemListElement\":[{\"@type\":\"ListItem\",\"position\":1,\"name\":\"In\u00edcio\",\"item\":\"https:\\\/\\\/www.ronaldocorreiadebrito.com.br\\\/site2\\\/\"},{\"@type\":\"ListItem\",\"position\":2,\"name\":\"Di\u00e1rio do isolamento 6\"}]},{\"@type\":\"WebSite\",\"@id\":\"https:\\\/\\\/www.ronaldocorreiadebrito.com.br\\\/site2\\\/#website\",\"url\":\"https:\\\/\\\/www.ronaldocorreiadebrito.com.br\\\/site2\\\/\",\"name\":\"Ronaldo Correia de Brito | site oficial\",\"description\":\"Site oficial do escritor Ronaldo Correia de Brito\",\"potentialAction\":[{\"@type\":\"SearchAction\",\"target\":{\"@type\":\"EntryPoint\",\"urlTemplate\":\"https:\\\/\\\/www.ronaldocorreiadebrito.com.br\\\/site2\\\/?s={search_term_string}\"},\"query-input\":{\"@type\":\"PropertyValueSpecification\",\"valueRequired\":true,\"valueName\":\"search_term_string\"}}],\"inLanguage\":\"pt-BR\"},{\"@type\":\"Person\",\"@id\":\"https:\\\/\\\/www.ronaldocorreiadebrito.com.br\\\/site2\\\/#\\\/schema\\\/person\\\/99a164d0eaaff7f78b11899bc7d5e7c9\",\"name\":\"admin\",\"url\":\"https:\\\/\\\/www.ronaldocorreiadebrito.com.br\\\/site2\\\/author\\\/admin\\\/\"}]}<\/script>\n<!-- \/ Yoast SEO plugin. -->","yoast_head_json":{"title":"Di\u00e1rio do isolamento 6 | Ronaldo Correia de Brito | site oficial","robots":{"index":"index","follow":"follow","max-snippet":"max-snippet:-1","max-image-preview":"max-image-preview:large","max-video-preview":"max-video-preview:-1"},"canonical":"https:\/\/www.ronaldocorreiadebrito.com.br\/site2\/2020\/04\/diario-do-isolamento-6\/","og_locale":"pt_BR","og_type":"article","og_title":"Di\u00e1rio do isolamento 6 | Ronaldo Correia de Brito | site oficial","og_description":"(domingo, 12 de abril) &nbsp; A grandeza das pequenas coisas Contei diversas vezes uma f\u00e1bula zen-budista, em palestras, escritos, aulas, a ponto de me apropriar da hist\u00f3ria. Um mestre zen muito famoso \u00e9 procurado por um disc\u00edpulo que lhe pede: Mestre, ensina-me o zen. O...","og_url":"https:\/\/www.ronaldocorreiadebrito.com.br\/site2\/2020\/04\/diario-do-isolamento-6\/","og_site_name":"Ronaldo Correia de Brito | site oficial","article_publisher":"https:\/\/www.facebook.com\/ronaldocorreiadebrito.oficial","article_published_time":"2020-04-12T18:32:30+00:00","og_image":[{"width":626,"height":417,"url":"https:\/\/www.ronaldocorreiadebrito.com.br\/site2\/wp-content\/uploads\/2020\/04\/migalhas-de-prato-sujo-vazio_151349-367.jpg","type":"image\/jpeg"}],"author":"admin","twitter_card":"summary_large_image","twitter_misc":{"Escrito por":"admin","Est. tempo de leitura":"2 minutos"},"schema":{"@context":"https:\/\/schema.org","@graph":[{"@type":"Article","@id":"https:\/\/www.ronaldocorreiadebrito.com.br\/site2\/2020\/04\/diario-do-isolamento-6\/#article","isPartOf":{"@id":"https:\/\/www.ronaldocorreiadebrito.com.br\/site2\/2020\/04\/diario-do-isolamento-6\/"},"author":{"name":"admin","@id":"https:\/\/www.ronaldocorreiadebrito.com.br\/site2\/#\/schema\/person\/99a164d0eaaff7f78b11899bc7d5e7c9"},"headline":"Di\u00e1rio do isolamento 6","datePublished":"2020-04-12T18:32:30+00:00","mainEntityOfPage":{"@id":"https:\/\/www.ronaldocorreiadebrito.com.br\/site2\/2020\/04\/diario-do-isolamento-6\/"},"wordCount":464,"commentCount":0,"image":{"@id":"https:\/\/www.ronaldocorreiadebrito.com.br\/site2\/2020\/04\/diario-do-isolamento-6\/#primaryimage"},"thumbnailUrl":"https:\/\/www.ronaldocorreiadebrito.com.br\/site2\/wp-content\/uploads\/2020\/04\/migalhas-de-prato-sujo-vazio_151349-367.jpg","keywords":["corona"],"articleSection":["Blog","Links","Slider"],"inLanguage":"pt-BR","potentialAction":[{"@type":"CommentAction","name":"Comment","target":["https:\/\/www.ronaldocorreiadebrito.com.br\/site2\/2020\/04\/diario-do-isolamento-6\/#respond"]}]},{"@type":"WebPage","@id":"https:\/\/www.ronaldocorreiadebrito.com.br\/site2\/2020\/04\/diario-do-isolamento-6\/","url":"https:\/\/www.ronaldocorreiadebrito.com.br\/site2\/2020\/04\/diario-do-isolamento-6\/","name":"Di\u00e1rio do isolamento 6 | Ronaldo Correia de Brito | site oficial","isPartOf":{"@id":"https:\/\/www.ronaldocorreiadebrito.com.br\/site2\/#website"},"primaryImageOfPage":{"@id":"https:\/\/www.ronaldocorreiadebrito.com.br\/site2\/2020\/04\/diario-do-isolamento-6\/#primaryimage"},"image":{"@id":"https:\/\/www.ronaldocorreiadebrito.com.br\/site2\/2020\/04\/diario-do-isolamento-6\/#primaryimage"},"thumbnailUrl":"https:\/\/www.ronaldocorreiadebrito.com.br\/site2\/wp-content\/uploads\/2020\/04\/migalhas-de-prato-sujo-vazio_151349-367.jpg","datePublished":"2020-04-12T18:32:30+00:00","author":{"@id":"https:\/\/www.ronaldocorreiadebrito.com.br\/site2\/#\/schema\/person\/99a164d0eaaff7f78b11899bc7d5e7c9"},"breadcrumb":{"@id":"https:\/\/www.ronaldocorreiadebrito.com.br\/site2\/2020\/04\/diario-do-isolamento-6\/#breadcrumb"},"inLanguage":"pt-BR","potentialAction":[{"@type":"ReadAction","target":["https:\/\/www.ronaldocorreiadebrito.com.br\/site2\/2020\/04\/diario-do-isolamento-6\/"]}]},{"@type":"ImageObject","inLanguage":"pt-BR","@id":"https:\/\/www.ronaldocorreiadebrito.com.br\/site2\/2020\/04\/diario-do-isolamento-6\/#primaryimage","url":"https:\/\/www.ronaldocorreiadebrito.com.br\/site2\/wp-content\/uploads\/2020\/04\/migalhas-de-prato-sujo-vazio_151349-367.jpg","contentUrl":"https:\/\/www.ronaldocorreiadebrito.com.br\/site2\/wp-content\/uploads\/2020\/04\/migalhas-de-prato-sujo-vazio_151349-367.jpg","width":626,"height":417},{"@type":"BreadcrumbList","@id":"https:\/\/www.ronaldocorreiadebrito.com.br\/site2\/2020\/04\/diario-do-isolamento-6\/#breadcrumb","itemListElement":[{"@type":"ListItem","position":1,"name":"In\u00edcio","item":"https:\/\/www.ronaldocorreiadebrito.com.br\/site2\/"},{"@type":"ListItem","position":2,"name":"Di\u00e1rio do isolamento 6"}]},{"@type":"WebSite","@id":"https:\/\/www.ronaldocorreiadebrito.com.br\/site2\/#website","url":"https:\/\/www.ronaldocorreiadebrito.com.br\/site2\/","name":"Ronaldo Correia de Brito | site oficial","description":"Site oficial do escritor Ronaldo Correia de Brito","potentialAction":[{"@type":"SearchAction","target":{"@type":"EntryPoint","urlTemplate":"https:\/\/www.ronaldocorreiadebrito.com.br\/site2\/?s={search_term_string}"},"query-input":{"@type":"PropertyValueSpecification","valueRequired":true,"valueName":"search_term_string"}}],"inLanguage":"pt-BR"},{"@type":"Person","@id":"https:\/\/www.ronaldocorreiadebrito.com.br\/site2\/#\/schema\/person\/99a164d0eaaff7f78b11899bc7d5e7c9","name":"admin","url":"https:\/\/www.ronaldocorreiadebrito.com.br\/site2\/author\/admin\/"}]}},"wps_subtitle":"","_links":{"self":[{"href":"https:\/\/www.ronaldocorreiadebrito.com.br\/site2\/wp-json\/wp\/v2\/posts\/1261","targetHints":{"allow":["GET"]}}],"collection":[{"href":"https:\/\/www.ronaldocorreiadebrito.com.br\/site2\/wp-json\/wp\/v2\/posts"}],"about":[{"href":"https:\/\/www.ronaldocorreiadebrito.com.br\/site2\/wp-json\/wp\/v2\/types\/post"}],"author":[{"embeddable":true,"href":"https:\/\/www.ronaldocorreiadebrito.com.br\/site2\/wp-json\/wp\/v2\/users\/1"}],"replies":[{"embeddable":true,"href":"https:\/\/www.ronaldocorreiadebrito.com.br\/site2\/wp-json\/wp\/v2\/comments?post=1261"}],"version-history":[{"count":0,"href":"https:\/\/www.ronaldocorreiadebrito.com.br\/site2\/wp-json\/wp\/v2\/posts\/1261\/revisions"}],"wp:featuredmedia":[{"embeddable":true,"href":"https:\/\/www.ronaldocorreiadebrito.com.br\/site2\/wp-json\/wp\/v2\/media\/1262"}],"wp:attachment":[{"href":"https:\/\/www.ronaldocorreiadebrito.com.br\/site2\/wp-json\/wp\/v2\/media?parent=1261"}],"wp:term":[{"taxonomy":"category","embeddable":true,"href":"https:\/\/www.ronaldocorreiadebrito.com.br\/site2\/wp-json\/wp\/v2\/categories?post=1261"},{"taxonomy":"post_tag","embeddable":true,"href":"https:\/\/www.ronaldocorreiadebrito.com.br\/site2\/wp-json\/wp\/v2\/tags?post=1261"}],"curies":[{"name":"wp","href":"https:\/\/api.w.org\/{rel}","templated":true}]}}