{"id":1243,"date":"2020-04-07T12:08:57","date_gmt":"2020-04-07T15:08:57","guid":{"rendered":"http:\/\/www.ronaldocorreiadebrito.com.br\/site2\/?p=1243"},"modified":"2020-04-07T14:06:43","modified_gmt":"2020-04-07T17:06:43","slug":"diario-do-isolamento-2","status":"publish","type":"post","link":"https:\/\/www.ronaldocorreiadebrito.com.br\/site2\/2020\/04\/diario-do-isolamento-2\/","title":{"rendered":"Di\u00e1rio do isolamento 2"},"content":{"rendered":"<h3 class=\"p1\"><span class=\"s1\">(Ter\u00e7a-feira, 07 de abril)<\/span><\/h3>\n<p class=\"p1\"><span class=\"s1\">Uns amigos me telefonaram bem cedo, preocupados com a reuni\u00e3o do presidente com seus ministros, no final da tarde. At\u00e9 isso nos ocupa?, pensei chateado. Havia risco do ministro da sa\u00fade ser demitido. Por conta das posturas assumidas na pandemia, al\u00e7aram Mandetta, um conservador e ex-deputado do DEM, ao p\u00f3dio dos her\u00f3is. Ele defende o isolamento horizontal, para todos. Bolsonaro insiste no isolamento vertical, apenas para grupos de risco, pessoas acima de 60 anos, portadores de diabetes,<\/span><span class=\"s2\"> doen\u00e7as card\u00edacas e pulmonares, hipertens\u00e3o, imunodeprimidos, etc.<\/span><span class=\"s3\">\u00a0<\/span><\/p>\n<p class=\"p4\"><span class=\"s1\">Somos um pa\u00eds \u00e0 procura de her\u00f3is. Os mais recentes foram Moro, bastante eclipsado pelo coronav\u00edrus, e Bolsonaro, o mito, como gritam os fan\u00e1ticos por onde ele passa. No dicion\u00e1rio Houaiss, o sexto verbete sobre o significado de mito o define como \u201cconstru\u00e7\u00e3o mental de algo idealizado, sem comprova\u00e7\u00e3o pr\u00e1tica; ideia, estere\u00f3tipo\u201d. Acho bem adequado ao nosso presidente. E a muitos outros que ca\u00edram no esquecimento, deixando atr\u00e1s de si um lastro de mazelas.<\/span><\/p>\n<p class=\"p4\"><span class=\"s1\">Mandetta revelou firmeza no alinhamento com as recomenda\u00e7\u00f5es da OMS. Titubeou durante alguns dias, quis recuar quanto ao rigor da quarentena, atacou a imprensa, mas voltou atr\u00e1s e pediu desculpas. M\u00e9dico ortopedista, sem forma\u00e7\u00e3o em sa\u00fade p\u00fablica, entrou na pol\u00edtica para defender a causa dos profissionais de sa\u00fade e dos ruralistas do seu estado, Mato Grosso do Sul. Opositor do programa Mais M\u00e9dicos, que levou m\u00e9dicos para os interiores do Brasil, sobretudo cubanos.<span class=\"Apple-converted-space\">\u00a0 <\/span>A falta deixada nunca foi preenchida e as popula\u00e7\u00f5es continuam sem assist\u00eancia. Mandetta tamb\u00e9m foi apoiado pelos planos de sa\u00fade, sobretudo a UNIMED, da qual foi presidente em Campo Grande, e pela Associa\u00e7\u00e3o M\u00e9dica Brasileira. No governo Bolsonaro, deu-se continuidade ao desmonte do Sistema \u00danico de Sa\u00fade, iniciado com Temer, com o corte de verbas e investimentos. O mesmo SUS que tentam salvar \u00e0s pressas, pois se trata da \u00fanica garantia de assist\u00eancia \u00e0s popula\u00e7\u00f5es carentes.<\/span><\/p>\n<p class=\"p4\"><span class=\"s1\">Um carro de som da prefeitura do Recife pede \u00e0s pessoas para ficarem em casa. Hoje completo 22 dias de isolamento. Leio, ou\u00e7o m\u00fasica, vejo filmes, fa\u00e7o gin\u00e1stica e, com minha esposa, tocamos o trabalho que era feito por dois funcion\u00e1rios. Eles est\u00e3o de quarentena, como n\u00f3s. Precisamos cumprir uma rotina de monges, para amenizar os danos do confinamento. H\u00e1 muitos p\u00e1ssaros e galos cantando em volta do pr\u00e9dio. Vemos belos por de sol e a lua cheia invadiu a casa. Pensei em recuperar esses dias perdidos. Tolice. Cada dia \u00e9 \u00fanico. <\/span><\/p>\n","protected":false},"excerpt":{"rendered":"<p>(Ter\u00e7a-feira, 07 de abril) Uns amigos me telefonaram bem cedo, preocupados com a reuni\u00e3o do presidente com seus ministros, no final da tarde. At\u00e9 isso nos ocupa?, pensei chateado. Havia risco do ministro da sa\u00fade ser demitido. Por conta das posturas assumidas na pandemia, al\u00e7aram&#8230;<\/p>\n","protected":false},"author":1,"featured_media":1246,"comment_status":"open","ping_status":"closed","sticky":false,"template":"","format":"standard","meta":{"sfsi_plus_gutenberg_text_before_share":"","sfsi_plus_gutenberg_show_text_before_share":"","sfsi_plus_gutenberg_icon_type":"","sfsi_plus_gutenberg_icon_alignemt":"","sfsi_plus_gutenburg_max_per_row":"","footnotes":""},"categories":[8,46,45],"tags":[188],"class_list":["post-1243","post","type-post","status-publish","format-standard","has-post-thumbnail","hentry","category-blog","category-links","category-slider","tag-corona"],"yoast_head":"<!-- This site is optimized with the Yoast SEO plugin v27.4 - https:\/\/yoast.com\/product\/yoast-seo-wordpress\/ -->\n<title>Di\u00e1rio do isolamento 2 | Ronaldo Correia de Brito | site oficial<\/title>\n<meta name=\"robots\" content=\"index, follow, max-snippet:-1, max-image-preview:large, max-video-preview:-1\" \/>\n<link rel=\"canonical\" href=\"https:\/\/www.ronaldocorreiadebrito.com.br\/site2\/2020\/04\/diario-do-isolamento-2\/\" \/>\n<meta property=\"og:locale\" content=\"pt_BR\" \/>\n<meta property=\"og:type\" content=\"article\" \/>\n<meta property=\"og:title\" content=\"Di\u00e1rio do isolamento 2 | Ronaldo Correia de Brito | site oficial\" \/>\n<meta property=\"og:description\" content=\"(Ter\u00e7a-feira, 07 de abril) Uns amigos me telefonaram bem cedo, preocupados com a reuni\u00e3o do presidente com seus ministros, no final da tarde. At\u00e9 isso nos ocupa?, pensei chateado. Havia risco do ministro da sa\u00fade ser demitido. Por conta das posturas assumidas na pandemia, al\u00e7aram...\" \/>\n<meta property=\"og:url\" content=\"https:\/\/www.ronaldocorreiadebrito.com.br\/site2\/2020\/04\/diario-do-isolamento-2\/\" \/>\n<meta property=\"og:site_name\" content=\"Ronaldo Correia de Brito | site oficial\" \/>\n<meta property=\"article:publisher\" content=\"https:\/\/www.facebook.com\/ronaldocorreiadebrito.oficial\" \/>\n<meta property=\"article:published_time\" content=\"2020-04-07T15:08:57+00:00\" \/>\n<meta property=\"article:modified_time\" content=\"2020-04-07T17:06:43+00:00\" \/>\n<meta property=\"og:image\" content=\"https:\/\/www.ronaldocorreiadebrito.com.br\/site2\/wp-content\/uploads\/2020\/04\/Ronaldo.jpg\" \/>\n\t<meta property=\"og:image:width\" content=\"525\" \/>\n\t<meta property=\"og:image:height\" content=\"421\" \/>\n\t<meta property=\"og:image:type\" content=\"image\/jpeg\" \/>\n<meta name=\"author\" content=\"admin\" \/>\n<meta name=\"twitter:card\" content=\"summary_large_image\" \/>\n<meta name=\"twitter:label1\" content=\"Escrito por\" \/>\n\t<meta name=\"twitter:data1\" content=\"admin\" \/>\n\t<meta name=\"twitter:label2\" content=\"Est. tempo de leitura\" \/>\n\t<meta name=\"twitter:data2\" content=\"2 minutos\" \/>\n<script type=\"application\/ld+json\" class=\"yoast-schema-graph\">{\"@context\":\"https:\\\/\\\/schema.org\",\"@graph\":[{\"@type\":\"Article\",\"@id\":\"https:\\\/\\\/www.ronaldocorreiadebrito.com.br\\\/site2\\\/2020\\\/04\\\/diario-do-isolamento-2\\\/#article\",\"isPartOf\":{\"@id\":\"https:\\\/\\\/www.ronaldocorreiadebrito.com.br\\\/site2\\\/2020\\\/04\\\/diario-do-isolamento-2\\\/\"},\"author\":{\"name\":\"admin\",\"@id\":\"https:\\\/\\\/www.ronaldocorreiadebrito.com.br\\\/site2\\\/#\\\/schema\\\/person\\\/99a164d0eaaff7f78b11899bc7d5e7c9\"},\"headline\":\"Di\u00e1rio do isolamento 2\",\"datePublished\":\"2020-04-07T15:08:57+00:00\",\"dateModified\":\"2020-04-07T17:06:43+00:00\",\"mainEntityOfPage\":{\"@id\":\"https:\\\/\\\/www.ronaldocorreiadebrito.com.br\\\/site2\\\/2020\\\/04\\\/diario-do-isolamento-2\\\/\"},\"wordCount\":450,\"commentCount\":1,\"image\":{\"@id\":\"https:\\\/\\\/www.ronaldocorreiadebrito.com.br\\\/site2\\\/2020\\\/04\\\/diario-do-isolamento-2\\\/#primaryimage\"},\"thumbnailUrl\":\"https:\\\/\\\/www.ronaldocorreiadebrito.com.br\\\/site2\\\/wp-content\\\/uploads\\\/2020\\\/04\\\/Ronaldo.jpg\",\"keywords\":[\"corona\"],\"articleSection\":[\"Blog\",\"Links\",\"Slider\"],\"inLanguage\":\"pt-BR\",\"potentialAction\":[{\"@type\":\"CommentAction\",\"name\":\"Comment\",\"target\":[\"https:\\\/\\\/www.ronaldocorreiadebrito.com.br\\\/site2\\\/2020\\\/04\\\/diario-do-isolamento-2\\\/#respond\"]}]},{\"@type\":\"WebPage\",\"@id\":\"https:\\\/\\\/www.ronaldocorreiadebrito.com.br\\\/site2\\\/2020\\\/04\\\/diario-do-isolamento-2\\\/\",\"url\":\"https:\\\/\\\/www.ronaldocorreiadebrito.com.br\\\/site2\\\/2020\\\/04\\\/diario-do-isolamento-2\\\/\",\"name\":\"Di\u00e1rio do isolamento 2 | Ronaldo Correia de Brito | site oficial\",\"isPartOf\":{\"@id\":\"https:\\\/\\\/www.ronaldocorreiadebrito.com.br\\\/site2\\\/#website\"},\"primaryImageOfPage\":{\"@id\":\"https:\\\/\\\/www.ronaldocorreiadebrito.com.br\\\/site2\\\/2020\\\/04\\\/diario-do-isolamento-2\\\/#primaryimage\"},\"image\":{\"@id\":\"https:\\\/\\\/www.ronaldocorreiadebrito.com.br\\\/site2\\\/2020\\\/04\\\/diario-do-isolamento-2\\\/#primaryimage\"},\"thumbnailUrl\":\"https:\\\/\\\/www.ronaldocorreiadebrito.com.br\\\/site2\\\/wp-content\\\/uploads\\\/2020\\\/04\\\/Ronaldo.jpg\",\"datePublished\":\"2020-04-07T15:08:57+00:00\",\"dateModified\":\"2020-04-07T17:06:43+00:00\",\"author\":{\"@id\":\"https:\\\/\\\/www.ronaldocorreiadebrito.com.br\\\/site2\\\/#\\\/schema\\\/person\\\/99a164d0eaaff7f78b11899bc7d5e7c9\"},\"breadcrumb\":{\"@id\":\"https:\\\/\\\/www.ronaldocorreiadebrito.com.br\\\/site2\\\/2020\\\/04\\\/diario-do-isolamento-2\\\/#breadcrumb\"},\"inLanguage\":\"pt-BR\",\"potentialAction\":[{\"@type\":\"ReadAction\",\"target\":[\"https:\\\/\\\/www.ronaldocorreiadebrito.com.br\\\/site2\\\/2020\\\/04\\\/diario-do-isolamento-2\\\/\"]}]},{\"@type\":\"ImageObject\",\"inLanguage\":\"pt-BR\",\"@id\":\"https:\\\/\\\/www.ronaldocorreiadebrito.com.br\\\/site2\\\/2020\\\/04\\\/diario-do-isolamento-2\\\/#primaryimage\",\"url\":\"https:\\\/\\\/www.ronaldocorreiadebrito.com.br\\\/site2\\\/wp-content\\\/uploads\\\/2020\\\/04\\\/Ronaldo.jpg\",\"contentUrl\":\"https:\\\/\\\/www.ronaldocorreiadebrito.com.br\\\/site2\\\/wp-content\\\/uploads\\\/2020\\\/04\\\/Ronaldo.jpg\",\"width\":525,\"height\":421},{\"@type\":\"BreadcrumbList\",\"@id\":\"https:\\\/\\\/www.ronaldocorreiadebrito.com.br\\\/site2\\\/2020\\\/04\\\/diario-do-isolamento-2\\\/#breadcrumb\",\"itemListElement\":[{\"@type\":\"ListItem\",\"position\":1,\"name\":\"In\u00edcio\",\"item\":\"https:\\\/\\\/www.ronaldocorreiadebrito.com.br\\\/site2\\\/\"},{\"@type\":\"ListItem\",\"position\":2,\"name\":\"Di\u00e1rio do isolamento 2\"}]},{\"@type\":\"WebSite\",\"@id\":\"https:\\\/\\\/www.ronaldocorreiadebrito.com.br\\\/site2\\\/#website\",\"url\":\"https:\\\/\\\/www.ronaldocorreiadebrito.com.br\\\/site2\\\/\",\"name\":\"Ronaldo Correia de Brito | site oficial\",\"description\":\"Site oficial do escritor Ronaldo Correia de Brito\",\"potentialAction\":[{\"@type\":\"SearchAction\",\"target\":{\"@type\":\"EntryPoint\",\"urlTemplate\":\"https:\\\/\\\/www.ronaldocorreiadebrito.com.br\\\/site2\\\/?s={search_term_string}\"},\"query-input\":{\"@type\":\"PropertyValueSpecification\",\"valueRequired\":true,\"valueName\":\"search_term_string\"}}],\"inLanguage\":\"pt-BR\"},{\"@type\":\"Person\",\"@id\":\"https:\\\/\\\/www.ronaldocorreiadebrito.com.br\\\/site2\\\/#\\\/schema\\\/person\\\/99a164d0eaaff7f78b11899bc7d5e7c9\",\"name\":\"admin\",\"url\":\"https:\\\/\\\/www.ronaldocorreiadebrito.com.br\\\/site2\\\/author\\\/admin\\\/\"}]}<\/script>\n<!-- \/ Yoast SEO plugin. -->","yoast_head_json":{"title":"Di\u00e1rio do isolamento 2 | Ronaldo Correia de Brito | site oficial","robots":{"index":"index","follow":"follow","max-snippet":"max-snippet:-1","max-image-preview":"max-image-preview:large","max-video-preview":"max-video-preview:-1"},"canonical":"https:\/\/www.ronaldocorreiadebrito.com.br\/site2\/2020\/04\/diario-do-isolamento-2\/","og_locale":"pt_BR","og_type":"article","og_title":"Di\u00e1rio do isolamento 2 | Ronaldo Correia de Brito | site oficial","og_description":"(Ter\u00e7a-feira, 07 de abril) Uns amigos me telefonaram bem cedo, preocupados com a reuni\u00e3o do presidente com seus ministros, no final da tarde. At\u00e9 isso nos ocupa?, pensei chateado. Havia risco do ministro da sa\u00fade ser demitido. Por conta das posturas assumidas na pandemia, al\u00e7aram...","og_url":"https:\/\/www.ronaldocorreiadebrito.com.br\/site2\/2020\/04\/diario-do-isolamento-2\/","og_site_name":"Ronaldo Correia de Brito | site oficial","article_publisher":"https:\/\/www.facebook.com\/ronaldocorreiadebrito.oficial","article_published_time":"2020-04-07T15:08:57+00:00","article_modified_time":"2020-04-07T17:06:43+00:00","og_image":[{"width":525,"height":421,"url":"https:\/\/www.ronaldocorreiadebrito.com.br\/site2\/wp-content\/uploads\/2020\/04\/Ronaldo.jpg","type":"image\/jpeg"}],"author":"admin","twitter_card":"summary_large_image","twitter_misc":{"Escrito por":"admin","Est. tempo de leitura":"2 minutos"},"schema":{"@context":"https:\/\/schema.org","@graph":[{"@type":"Article","@id":"https:\/\/www.ronaldocorreiadebrito.com.br\/site2\/2020\/04\/diario-do-isolamento-2\/#article","isPartOf":{"@id":"https:\/\/www.ronaldocorreiadebrito.com.br\/site2\/2020\/04\/diario-do-isolamento-2\/"},"author":{"name":"admin","@id":"https:\/\/www.ronaldocorreiadebrito.com.br\/site2\/#\/schema\/person\/99a164d0eaaff7f78b11899bc7d5e7c9"},"headline":"Di\u00e1rio do isolamento 2","datePublished":"2020-04-07T15:08:57+00:00","dateModified":"2020-04-07T17:06:43+00:00","mainEntityOfPage":{"@id":"https:\/\/www.ronaldocorreiadebrito.com.br\/site2\/2020\/04\/diario-do-isolamento-2\/"},"wordCount":450,"commentCount":1,"image":{"@id":"https:\/\/www.ronaldocorreiadebrito.com.br\/site2\/2020\/04\/diario-do-isolamento-2\/#primaryimage"},"thumbnailUrl":"https:\/\/www.ronaldocorreiadebrito.com.br\/site2\/wp-content\/uploads\/2020\/04\/Ronaldo.jpg","keywords":["corona"],"articleSection":["Blog","Links","Slider"],"inLanguage":"pt-BR","potentialAction":[{"@type":"CommentAction","name":"Comment","target":["https:\/\/www.ronaldocorreiadebrito.com.br\/site2\/2020\/04\/diario-do-isolamento-2\/#respond"]}]},{"@type":"WebPage","@id":"https:\/\/www.ronaldocorreiadebrito.com.br\/site2\/2020\/04\/diario-do-isolamento-2\/","url":"https:\/\/www.ronaldocorreiadebrito.com.br\/site2\/2020\/04\/diario-do-isolamento-2\/","name":"Di\u00e1rio do isolamento 2 | Ronaldo Correia de Brito | site oficial","isPartOf":{"@id":"https:\/\/www.ronaldocorreiadebrito.com.br\/site2\/#website"},"primaryImageOfPage":{"@id":"https:\/\/www.ronaldocorreiadebrito.com.br\/site2\/2020\/04\/diario-do-isolamento-2\/#primaryimage"},"image":{"@id":"https:\/\/www.ronaldocorreiadebrito.com.br\/site2\/2020\/04\/diario-do-isolamento-2\/#primaryimage"},"thumbnailUrl":"https:\/\/www.ronaldocorreiadebrito.com.br\/site2\/wp-content\/uploads\/2020\/04\/Ronaldo.jpg","datePublished":"2020-04-07T15:08:57+00:00","dateModified":"2020-04-07T17:06:43+00:00","author":{"@id":"https:\/\/www.ronaldocorreiadebrito.com.br\/site2\/#\/schema\/person\/99a164d0eaaff7f78b11899bc7d5e7c9"},"breadcrumb":{"@id":"https:\/\/www.ronaldocorreiadebrito.com.br\/site2\/2020\/04\/diario-do-isolamento-2\/#breadcrumb"},"inLanguage":"pt-BR","potentialAction":[{"@type":"ReadAction","target":["https:\/\/www.ronaldocorreiadebrito.com.br\/site2\/2020\/04\/diario-do-isolamento-2\/"]}]},{"@type":"ImageObject","inLanguage":"pt-BR","@id":"https:\/\/www.ronaldocorreiadebrito.com.br\/site2\/2020\/04\/diario-do-isolamento-2\/#primaryimage","url":"https:\/\/www.ronaldocorreiadebrito.com.br\/site2\/wp-content\/uploads\/2020\/04\/Ronaldo.jpg","contentUrl":"https:\/\/www.ronaldocorreiadebrito.com.br\/site2\/wp-content\/uploads\/2020\/04\/Ronaldo.jpg","width":525,"height":421},{"@type":"BreadcrumbList","@id":"https:\/\/www.ronaldocorreiadebrito.com.br\/site2\/2020\/04\/diario-do-isolamento-2\/#breadcrumb","itemListElement":[{"@type":"ListItem","position":1,"name":"In\u00edcio","item":"https:\/\/www.ronaldocorreiadebrito.com.br\/site2\/"},{"@type":"ListItem","position":2,"name":"Di\u00e1rio do isolamento 2"}]},{"@type":"WebSite","@id":"https:\/\/www.ronaldocorreiadebrito.com.br\/site2\/#website","url":"https:\/\/www.ronaldocorreiadebrito.com.br\/site2\/","name":"Ronaldo Correia de Brito | site oficial","description":"Site oficial do escritor Ronaldo Correia de Brito","potentialAction":[{"@type":"SearchAction","target":{"@type":"EntryPoint","urlTemplate":"https:\/\/www.ronaldocorreiadebrito.com.br\/site2\/?s={search_term_string}"},"query-input":{"@type":"PropertyValueSpecification","valueRequired":true,"valueName":"search_term_string"}}],"inLanguage":"pt-BR"},{"@type":"Person","@id":"https:\/\/www.ronaldocorreiadebrito.com.br\/site2\/#\/schema\/person\/99a164d0eaaff7f78b11899bc7d5e7c9","name":"admin","url":"https:\/\/www.ronaldocorreiadebrito.com.br\/site2\/author\/admin\/"}]}},"wps_subtitle":"","_links":{"self":[{"href":"https:\/\/www.ronaldocorreiadebrito.com.br\/site2\/wp-json\/wp\/v2\/posts\/1243","targetHints":{"allow":["GET"]}}],"collection":[{"href":"https:\/\/www.ronaldocorreiadebrito.com.br\/site2\/wp-json\/wp\/v2\/posts"}],"about":[{"href":"https:\/\/www.ronaldocorreiadebrito.com.br\/site2\/wp-json\/wp\/v2\/types\/post"}],"author":[{"embeddable":true,"href":"https:\/\/www.ronaldocorreiadebrito.com.br\/site2\/wp-json\/wp\/v2\/users\/1"}],"replies":[{"embeddable":true,"href":"https:\/\/www.ronaldocorreiadebrito.com.br\/site2\/wp-json\/wp\/v2\/comments?post=1243"}],"version-history":[{"count":0,"href":"https:\/\/www.ronaldocorreiadebrito.com.br\/site2\/wp-json\/wp\/v2\/posts\/1243\/revisions"}],"wp:featuredmedia":[{"embeddable":true,"href":"https:\/\/www.ronaldocorreiadebrito.com.br\/site2\/wp-json\/wp\/v2\/media\/1246"}],"wp:attachment":[{"href":"https:\/\/www.ronaldocorreiadebrito.com.br\/site2\/wp-json\/wp\/v2\/media?parent=1243"}],"wp:term":[{"taxonomy":"category","embeddable":true,"href":"https:\/\/www.ronaldocorreiadebrito.com.br\/site2\/wp-json\/wp\/v2\/categories?post=1243"},{"taxonomy":"post_tag","embeddable":true,"href":"https:\/\/www.ronaldocorreiadebrito.com.br\/site2\/wp-json\/wp\/v2\/tags?post=1243"}],"curies":[{"name":"wp","href":"https:\/\/api.w.org\/{rel}","templated":true}]}}