{"id":1228,"date":"2020-03-22T16:27:31","date_gmt":"2020-03-22T19:27:31","guid":{"rendered":"http:\/\/www.ronaldocorreiadebrito.com.br\/site2\/?p=1228"},"modified":"2020-03-22T16:27:31","modified_gmt":"2020-03-22T19:27:31","slug":"quem-interessa-o-medo-do-coronavirus","status":"publish","type":"post","link":"https:\/\/www.ronaldocorreiadebrito.com.br\/site2\/2020\/03\/quem-interessa-o-medo-do-coronavirus\/","title":{"rendered":"A quem interessa o medo do coronav\u00edrus?"},"content":{"rendered":"<p class=\"p1\"><span class=\"s1\">Da varanda do meu apartamento, debru\u00e7ada sobre o bairro de Casa Forte, no Recife, contemplo a manh\u00e3 de domingo. Olho de uma altura equivalente a treze andares. L\u00e1 embaixo, na faixa de cor vermelha, nenhum ciclista ou corredor, ningu\u00e9m sobre skates ou patins, nem mesmo um t\u00edmido caminhante. Alguns empregados dom\u00e9sticos passeiam os c\u00e3es dos patr\u00f5es ausentes, talvez isolados em praias ou condom\u00ednios de serra.<span class=\"Apple-converted-space\">\u00a0 <\/span>Bem-te-vis, rolinhas, sabi\u00e1s e sanha\u00e7us cantam. H\u00e1 muitas aves no bairro: bicos- de-lacre, papa capim, lavandeiras, beija-flores, anus e at\u00e9 gavi\u00f5es. N\u00e3o \u00e9 dif\u00edcil escut\u00e1-los nos dias comuns da cidade barulhenta, sobretudo de madrugada. <\/span><\/p>\n<p class=\"p1\"><span class=\"s1\">Hoje, domingo, n\u00e3o tocou o sino da igreja da Harmonia, nem se ouviu o coro do templo presbiteriano. Numa esquina, um fiel evang\u00e9lico decidiu ligar o som pared\u00e3o do carro com m\u00fasicas doutrin\u00e1rias sobre Jesus e a salva\u00e7\u00e3o da alma. Ontem, no final de tarde, o carro de um deputado e seu filho vereador espalhava a prega\u00e7\u00e3o de medidas preventivas contra a pandemia. Senti-me vivendo um novo tempo, ao qual ainda n\u00e3o me acostumei e do qual talvez sobreviva sequelado.<\/span><\/p>\n<p class=\"p1\"><span class=\"s1\">Comecei a fazer medicina h\u00e1 cinquenta anos. Sou casado com uma m\u00e9dica, tenho uma filha e uma nora com forma\u00e7\u00e3o em medicina de fam\u00edlia e comunidade. Minha filha est\u00e1 \u00e0 frente das campanhas e a\u00e7\u00f5es para o controle da doen\u00e7a. O esposo dela tamb\u00e9m \u00e9 m\u00e9dico e h\u00e1 mais cinco membros da nossa fam\u00edlia nuclear que exercem a medicina. Estamos, portanto, estudando, pesquisando, nos informando sobre o coronav\u00edrus e suas maneiras de adoecer a popula\u00e7\u00e3o.<\/span><\/p>\n<p class=\"p1\"><span class=\"s1\">Desde os primeiros casos surgidos na China, tentei afastar-me das informa\u00e7\u00f5es sujas, contaminadas de m\u00e1s inten\u00e7\u00f5es, manipuladas e manipuladoras. Procurei a orienta\u00e7\u00e3o de m\u00e9dicos que atuam na sa\u00fade p\u00fablica, na medicina de fam\u00edlia e comunidade, infectologistas e sanitaristas. Eles possuem uma vis\u00e3o global da pandemia, interpretam-na sob um ponto de vista n\u00e3o estritamente t\u00e9cnico, mas tamb\u00e9m sociol\u00f3gico, filos\u00f3fico e se preocupam com a nossa sa\u00fade mental. <\/span><\/p>\n<p class=\"p1\"><span class=\"s1\">A Igreja Cat\u00f3lica manipulou o medo das pessoas durante s\u00e9culos, sobretudo na idade M\u00e9dia. O terror pregado era a amea\u00e7a de um inferno depois da morte, onde as almas sofreriam pela eternidade. Nascia-se com o pecado original, que apenas o batismo era capaz de apagar. Na f\u00e1bula do Grande Inquisidor, criada por Dostoievski no romance \u201cOs irm\u00e3os Karamazov\u201d, Cristo retorna \u00e0 Terra e volta a pregar a liberdade aos homens. \u00c9 preso e recebe a visita do Inquisidor, que diz reconhec\u00ea-lo e o acusa de n\u00e3o ter o direito de voltar a oferecer \u00e0s pessoas serem livres. Afirma que a liberdade \u00e9 um bem insuport\u00e1vel, o homem n\u00e3o consegue viver com ela. Que custou muito \u00e0 Igreja, depois que Ele morreu crucificado, tutelar a humanidade pelo medo e se apropriar da liberdade de cada um.\u00a0<\/span><\/p>\n<p class=\"p1\"><span class=\"s1\">No teatro, nos habituamos a buscar o subtexto do que lemos, aquilo que se esconde por detr\u00e1s da realidade e das inten\u00e7\u00f5es aparentes. Na atual pandemia do coronav\u00edrus, al\u00e9m de esfor\u00e7ar-me para n\u00e3o sentir medo, tentei ler o subtexto das campanhas de preven\u00e7\u00e3o. A quem interessa nos manter ref\u00e9ns do medo? N\u00e3o existe mais poder na Igreja Cat\u00f3lica e h\u00e1 muito deixou-se de temer o inferno que ela pregava. Os que reagiam aos dogmas, eram presos, torturados e queimados em fogueiras.<span class=\"Apple-converted-space\">\u00a0 <\/span>Agora, em nome da salva\u00e7\u00e3o dos nossos corpos \u2013 n\u00e3o se trata mais da salva\u00e7\u00e3o da alma \u2013 somos confinados em casa, proibidos de ver os familiares e amigos, amea\u00e7ados de multas e pris\u00e3o se transgredirmos. A quem entregamos a tutela da vida e da liberdade? Ao Estado? A um Poder Econ\u00f4mico? Ao Saber da Ci\u00eancia? Mas por que interessa al\u00e9m de nos informar, nos amedrontar?<\/span><\/p>\n<p class=\"p1\"><span class=\"s1\">\u00c9 sutil como a nova religi\u00e3o e o novo Deus, se apropriam do discurso preservacionista da Igreja Cat\u00f3lica Medieval: um embasado na teologia e o outro na ci\u00eancia. No catolicismo, os corpos eram deserotizados, proibia-se o toque, o olhar, a proximidade, os banhos. Podiam ser usados com o \u00fanico objetivo de perpetuar a esp\u00e9cie. Assim, garantia-se a salva\u00e7\u00e3o da alma para Deus. Agora, o corpo n\u00e3o abra\u00e7a, n\u00e3o beija, n\u00e3o se aproxima de outro corpo, n\u00e3o fornica, submete-se a uma cont\u00ednua assepsia com \u00e1gua, sab\u00e3o e \u00e1lcool. Tenta salvar-se para continuar vivo neste mundo.<\/span><\/p>\n<p class=\"p1\"><span class=\"s1\">Os dogmas da Ci\u00eancia s\u00e3o leis, n\u00e3o se pode desobedec\u00ea-los. A transgress\u00e3o gera o medo, o terror da doen\u00e7a e da morte. H\u00e1 promessas de salva\u00e7\u00e3o se tudo for cumprido \u00e0 risca, sem nunca se incorrer no pecado da desobedi\u00eancia ao que se tornou lei. Depois de todo esse sacrif\u00edcio, \u00e9 poss\u00edvel que se abram as portas de um novo inferno, onde o Medo continuar\u00e1 assolando. Diferente, talvez maior ou menor, mas sempre Medo.<\/span><\/p>\n","protected":false},"excerpt":{"rendered":"<p>Da varanda do meu apartamento, debru\u00e7ada sobre o bairro de Casa Forte, no Recife, contemplo a manh\u00e3 de domingo. Olho de uma altura equivalente a treze andares. L\u00e1 embaixo, na faixa de cor vermelha, nenhum ciclista ou corredor, ningu\u00e9m sobre skates ou patins, nem mesmo&#8230;<\/p>\n","protected":false},"author":1,"featured_media":1229,"comment_status":"open","ping_status":"closed","sticky":false,"template":"","format":"standard","meta":{"sfsi_plus_gutenberg_text_before_share":"","sfsi_plus_gutenberg_show_text_before_share":"","sfsi_plus_gutenberg_icon_type":"","sfsi_plus_gutenberg_icon_alignemt":"","sfsi_plus_gutenburg_max_per_row":"","footnotes":""},"categories":[8,46,45],"tags":[188],"class_list":["post-1228","post","type-post","status-publish","format-standard","has-post-thumbnail","hentry","category-blog","category-links","category-slider","tag-corona"],"yoast_head":"<!-- This site is optimized with the Yoast SEO plugin v27.4 - https:\/\/yoast.com\/product\/yoast-seo-wordpress\/ -->\n<title>A quem interessa o medo do coronav\u00edrus? | Ronaldo Correia de Brito | site oficial<\/title>\n<meta name=\"robots\" content=\"index, follow, max-snippet:-1, max-image-preview:large, max-video-preview:-1\" \/>\n<link rel=\"canonical\" href=\"https:\/\/www.ronaldocorreiadebrito.com.br\/site2\/2020\/03\/quem-interessa-o-medo-do-coronavirus\/\" \/>\n<meta property=\"og:locale\" content=\"pt_BR\" \/>\n<meta property=\"og:type\" content=\"article\" \/>\n<meta property=\"og:title\" content=\"A quem interessa o medo do coronav\u00edrus? | Ronaldo Correia de Brito | site oficial\" \/>\n<meta property=\"og:description\" content=\"Da varanda do meu apartamento, debru\u00e7ada sobre o bairro de Casa Forte, no Recife, contemplo a manh\u00e3 de domingo. Olho de uma altura equivalente a treze andares. L\u00e1 embaixo, na faixa de cor vermelha, nenhum ciclista ou corredor, ningu\u00e9m sobre skates ou patins, nem mesmo...\" \/>\n<meta property=\"og:url\" content=\"https:\/\/www.ronaldocorreiadebrito.com.br\/site2\/2020\/03\/quem-interessa-o-medo-do-coronavirus\/\" \/>\n<meta property=\"og:site_name\" content=\"Ronaldo Correia de Brito | site oficial\" \/>\n<meta property=\"article:publisher\" content=\"https:\/\/www.facebook.com\/ronaldocorreiadebrito.oficial\" \/>\n<meta property=\"article:published_time\" content=\"2020-03-22T19:27:31+00:00\" \/>\n<meta property=\"og:image\" content=\"https:\/\/www.ronaldocorreiadebrito.com.br\/site2\/wp-content\/uploads\/2020\/03\/coronavirus-china1.jpg\" \/>\n\t<meta property=\"og:image:width\" content=\"1500\" \/>\n\t<meta property=\"og:image:height\" content=\"1000\" \/>\n\t<meta property=\"og:image:type\" content=\"image\/jpeg\" \/>\n<meta name=\"author\" content=\"admin\" \/>\n<meta name=\"twitter:card\" content=\"summary_large_image\" \/>\n<meta name=\"twitter:label1\" content=\"Escrito por\" \/>\n\t<meta name=\"twitter:data1\" content=\"admin\" \/>\n\t<meta name=\"twitter:label2\" content=\"Est. tempo de leitura\" \/>\n\t<meta name=\"twitter:data2\" content=\"4 minutos\" \/>\n<script type=\"application\/ld+json\" class=\"yoast-schema-graph\">{\"@context\":\"https:\\\/\\\/schema.org\",\"@graph\":[{\"@type\":\"Article\",\"@id\":\"https:\\\/\\\/www.ronaldocorreiadebrito.com.br\\\/site2\\\/2020\\\/03\\\/quem-interessa-o-medo-do-coronavirus\\\/#article\",\"isPartOf\":{\"@id\":\"https:\\\/\\\/www.ronaldocorreiadebrito.com.br\\\/site2\\\/2020\\\/03\\\/quem-interessa-o-medo-do-coronavirus\\\/\"},\"author\":{\"name\":\"admin\",\"@id\":\"https:\\\/\\\/www.ronaldocorreiadebrito.com.br\\\/site2\\\/#\\\/schema\\\/person\\\/99a164d0eaaff7f78b11899bc7d5e7c9\"},\"headline\":\"A quem interessa o medo do coronav\u00edrus?\",\"datePublished\":\"2020-03-22T19:27:31+00:00\",\"mainEntityOfPage\":{\"@id\":\"https:\\\/\\\/www.ronaldocorreiadebrito.com.br\\\/site2\\\/2020\\\/03\\\/quem-interessa-o-medo-do-coronavirus\\\/\"},\"wordCount\":862,\"commentCount\":0,\"image\":{\"@id\":\"https:\\\/\\\/www.ronaldocorreiadebrito.com.br\\\/site2\\\/2020\\\/03\\\/quem-interessa-o-medo-do-coronavirus\\\/#primaryimage\"},\"thumbnailUrl\":\"https:\\\/\\\/www.ronaldocorreiadebrito.com.br\\\/site2\\\/wp-content\\\/uploads\\\/2020\\\/03\\\/coronavirus-china1.jpg\",\"keywords\":[\"corona\"],\"articleSection\":[\"Blog\",\"Links\",\"Slider\"],\"inLanguage\":\"pt-BR\",\"potentialAction\":[{\"@type\":\"CommentAction\",\"name\":\"Comment\",\"target\":[\"https:\\\/\\\/www.ronaldocorreiadebrito.com.br\\\/site2\\\/2020\\\/03\\\/quem-interessa-o-medo-do-coronavirus\\\/#respond\"]}]},{\"@type\":\"WebPage\",\"@id\":\"https:\\\/\\\/www.ronaldocorreiadebrito.com.br\\\/site2\\\/2020\\\/03\\\/quem-interessa-o-medo-do-coronavirus\\\/\",\"url\":\"https:\\\/\\\/www.ronaldocorreiadebrito.com.br\\\/site2\\\/2020\\\/03\\\/quem-interessa-o-medo-do-coronavirus\\\/\",\"name\":\"A quem interessa o medo do coronav\u00edrus? | Ronaldo Correia de Brito | site oficial\",\"isPartOf\":{\"@id\":\"https:\\\/\\\/www.ronaldocorreiadebrito.com.br\\\/site2\\\/#website\"},\"primaryImageOfPage\":{\"@id\":\"https:\\\/\\\/www.ronaldocorreiadebrito.com.br\\\/site2\\\/2020\\\/03\\\/quem-interessa-o-medo-do-coronavirus\\\/#primaryimage\"},\"image\":{\"@id\":\"https:\\\/\\\/www.ronaldocorreiadebrito.com.br\\\/site2\\\/2020\\\/03\\\/quem-interessa-o-medo-do-coronavirus\\\/#primaryimage\"},\"thumbnailUrl\":\"https:\\\/\\\/www.ronaldocorreiadebrito.com.br\\\/site2\\\/wp-content\\\/uploads\\\/2020\\\/03\\\/coronavirus-china1.jpg\",\"datePublished\":\"2020-03-22T19:27:31+00:00\",\"author\":{\"@id\":\"https:\\\/\\\/www.ronaldocorreiadebrito.com.br\\\/site2\\\/#\\\/schema\\\/person\\\/99a164d0eaaff7f78b11899bc7d5e7c9\"},\"breadcrumb\":{\"@id\":\"https:\\\/\\\/www.ronaldocorreiadebrito.com.br\\\/site2\\\/2020\\\/03\\\/quem-interessa-o-medo-do-coronavirus\\\/#breadcrumb\"},\"inLanguage\":\"pt-BR\",\"potentialAction\":[{\"@type\":\"ReadAction\",\"target\":[\"https:\\\/\\\/www.ronaldocorreiadebrito.com.br\\\/site2\\\/2020\\\/03\\\/quem-interessa-o-medo-do-coronavirus\\\/\"]}]},{\"@type\":\"ImageObject\",\"inLanguage\":\"pt-BR\",\"@id\":\"https:\\\/\\\/www.ronaldocorreiadebrito.com.br\\\/site2\\\/2020\\\/03\\\/quem-interessa-o-medo-do-coronavirus\\\/#primaryimage\",\"url\":\"https:\\\/\\\/www.ronaldocorreiadebrito.com.br\\\/site2\\\/wp-content\\\/uploads\\\/2020\\\/03\\\/coronavirus-china1.jpg\",\"contentUrl\":\"https:\\\/\\\/www.ronaldocorreiadebrito.com.br\\\/site2\\\/wp-content\\\/uploads\\\/2020\\\/03\\\/coronavirus-china1.jpg\",\"width\":1500,\"height\":1000},{\"@type\":\"BreadcrumbList\",\"@id\":\"https:\\\/\\\/www.ronaldocorreiadebrito.com.br\\\/site2\\\/2020\\\/03\\\/quem-interessa-o-medo-do-coronavirus\\\/#breadcrumb\",\"itemListElement\":[{\"@type\":\"ListItem\",\"position\":1,\"name\":\"In\u00edcio\",\"item\":\"https:\\\/\\\/www.ronaldocorreiadebrito.com.br\\\/site2\\\/\"},{\"@type\":\"ListItem\",\"position\":2,\"name\":\"A quem interessa o medo do coronav\u00edrus?\"}]},{\"@type\":\"WebSite\",\"@id\":\"https:\\\/\\\/www.ronaldocorreiadebrito.com.br\\\/site2\\\/#website\",\"url\":\"https:\\\/\\\/www.ronaldocorreiadebrito.com.br\\\/site2\\\/\",\"name\":\"Ronaldo Correia de Brito | site oficial\",\"description\":\"Site oficial do escritor Ronaldo Correia de Brito\",\"potentialAction\":[{\"@type\":\"SearchAction\",\"target\":{\"@type\":\"EntryPoint\",\"urlTemplate\":\"https:\\\/\\\/www.ronaldocorreiadebrito.com.br\\\/site2\\\/?s={search_term_string}\"},\"query-input\":{\"@type\":\"PropertyValueSpecification\",\"valueRequired\":true,\"valueName\":\"search_term_string\"}}],\"inLanguage\":\"pt-BR\"},{\"@type\":\"Person\",\"@id\":\"https:\\\/\\\/www.ronaldocorreiadebrito.com.br\\\/site2\\\/#\\\/schema\\\/person\\\/99a164d0eaaff7f78b11899bc7d5e7c9\",\"name\":\"admin\",\"url\":\"https:\\\/\\\/www.ronaldocorreiadebrito.com.br\\\/site2\\\/author\\\/admin\\\/\"}]}<\/script>\n<!-- \/ Yoast SEO plugin. -->","yoast_head_json":{"title":"A quem interessa o medo do coronav\u00edrus? | Ronaldo Correia de Brito | site oficial","robots":{"index":"index","follow":"follow","max-snippet":"max-snippet:-1","max-image-preview":"max-image-preview:large","max-video-preview":"max-video-preview:-1"},"canonical":"https:\/\/www.ronaldocorreiadebrito.com.br\/site2\/2020\/03\/quem-interessa-o-medo-do-coronavirus\/","og_locale":"pt_BR","og_type":"article","og_title":"A quem interessa o medo do coronav\u00edrus? | Ronaldo Correia de Brito | site oficial","og_description":"Da varanda do meu apartamento, debru\u00e7ada sobre o bairro de Casa Forte, no Recife, contemplo a manh\u00e3 de domingo. Olho de uma altura equivalente a treze andares. L\u00e1 embaixo, na faixa de cor vermelha, nenhum ciclista ou corredor, ningu\u00e9m sobre skates ou patins, nem mesmo...","og_url":"https:\/\/www.ronaldocorreiadebrito.com.br\/site2\/2020\/03\/quem-interessa-o-medo-do-coronavirus\/","og_site_name":"Ronaldo Correia de Brito | site oficial","article_publisher":"https:\/\/www.facebook.com\/ronaldocorreiadebrito.oficial","article_published_time":"2020-03-22T19:27:31+00:00","og_image":[{"width":1500,"height":1000,"url":"https:\/\/www.ronaldocorreiadebrito.com.br\/site2\/wp-content\/uploads\/2020\/03\/coronavirus-china1.jpg","type":"image\/jpeg"}],"author":"admin","twitter_card":"summary_large_image","twitter_misc":{"Escrito por":"admin","Est. tempo de leitura":"4 minutos"},"schema":{"@context":"https:\/\/schema.org","@graph":[{"@type":"Article","@id":"https:\/\/www.ronaldocorreiadebrito.com.br\/site2\/2020\/03\/quem-interessa-o-medo-do-coronavirus\/#article","isPartOf":{"@id":"https:\/\/www.ronaldocorreiadebrito.com.br\/site2\/2020\/03\/quem-interessa-o-medo-do-coronavirus\/"},"author":{"name":"admin","@id":"https:\/\/www.ronaldocorreiadebrito.com.br\/site2\/#\/schema\/person\/99a164d0eaaff7f78b11899bc7d5e7c9"},"headline":"A quem interessa o medo do coronav\u00edrus?","datePublished":"2020-03-22T19:27:31+00:00","mainEntityOfPage":{"@id":"https:\/\/www.ronaldocorreiadebrito.com.br\/site2\/2020\/03\/quem-interessa-o-medo-do-coronavirus\/"},"wordCount":862,"commentCount":0,"image":{"@id":"https:\/\/www.ronaldocorreiadebrito.com.br\/site2\/2020\/03\/quem-interessa-o-medo-do-coronavirus\/#primaryimage"},"thumbnailUrl":"https:\/\/www.ronaldocorreiadebrito.com.br\/site2\/wp-content\/uploads\/2020\/03\/coronavirus-china1.jpg","keywords":["corona"],"articleSection":["Blog","Links","Slider"],"inLanguage":"pt-BR","potentialAction":[{"@type":"CommentAction","name":"Comment","target":["https:\/\/www.ronaldocorreiadebrito.com.br\/site2\/2020\/03\/quem-interessa-o-medo-do-coronavirus\/#respond"]}]},{"@type":"WebPage","@id":"https:\/\/www.ronaldocorreiadebrito.com.br\/site2\/2020\/03\/quem-interessa-o-medo-do-coronavirus\/","url":"https:\/\/www.ronaldocorreiadebrito.com.br\/site2\/2020\/03\/quem-interessa-o-medo-do-coronavirus\/","name":"A quem interessa o medo do coronav\u00edrus? | Ronaldo Correia de Brito | site oficial","isPartOf":{"@id":"https:\/\/www.ronaldocorreiadebrito.com.br\/site2\/#website"},"primaryImageOfPage":{"@id":"https:\/\/www.ronaldocorreiadebrito.com.br\/site2\/2020\/03\/quem-interessa-o-medo-do-coronavirus\/#primaryimage"},"image":{"@id":"https:\/\/www.ronaldocorreiadebrito.com.br\/site2\/2020\/03\/quem-interessa-o-medo-do-coronavirus\/#primaryimage"},"thumbnailUrl":"https:\/\/www.ronaldocorreiadebrito.com.br\/site2\/wp-content\/uploads\/2020\/03\/coronavirus-china1.jpg","datePublished":"2020-03-22T19:27:31+00:00","author":{"@id":"https:\/\/www.ronaldocorreiadebrito.com.br\/site2\/#\/schema\/person\/99a164d0eaaff7f78b11899bc7d5e7c9"},"breadcrumb":{"@id":"https:\/\/www.ronaldocorreiadebrito.com.br\/site2\/2020\/03\/quem-interessa-o-medo-do-coronavirus\/#breadcrumb"},"inLanguage":"pt-BR","potentialAction":[{"@type":"ReadAction","target":["https:\/\/www.ronaldocorreiadebrito.com.br\/site2\/2020\/03\/quem-interessa-o-medo-do-coronavirus\/"]}]},{"@type":"ImageObject","inLanguage":"pt-BR","@id":"https:\/\/www.ronaldocorreiadebrito.com.br\/site2\/2020\/03\/quem-interessa-o-medo-do-coronavirus\/#primaryimage","url":"https:\/\/www.ronaldocorreiadebrito.com.br\/site2\/wp-content\/uploads\/2020\/03\/coronavirus-china1.jpg","contentUrl":"https:\/\/www.ronaldocorreiadebrito.com.br\/site2\/wp-content\/uploads\/2020\/03\/coronavirus-china1.jpg","width":1500,"height":1000},{"@type":"BreadcrumbList","@id":"https:\/\/www.ronaldocorreiadebrito.com.br\/site2\/2020\/03\/quem-interessa-o-medo-do-coronavirus\/#breadcrumb","itemListElement":[{"@type":"ListItem","position":1,"name":"In\u00edcio","item":"https:\/\/www.ronaldocorreiadebrito.com.br\/site2\/"},{"@type":"ListItem","position":2,"name":"A quem interessa o medo do coronav\u00edrus?"}]},{"@type":"WebSite","@id":"https:\/\/www.ronaldocorreiadebrito.com.br\/site2\/#website","url":"https:\/\/www.ronaldocorreiadebrito.com.br\/site2\/","name":"Ronaldo Correia de Brito | site oficial","description":"Site oficial do escritor Ronaldo Correia de Brito","potentialAction":[{"@type":"SearchAction","target":{"@type":"EntryPoint","urlTemplate":"https:\/\/www.ronaldocorreiadebrito.com.br\/site2\/?s={search_term_string}"},"query-input":{"@type":"PropertyValueSpecification","valueRequired":true,"valueName":"search_term_string"}}],"inLanguage":"pt-BR"},{"@type":"Person","@id":"https:\/\/www.ronaldocorreiadebrito.com.br\/site2\/#\/schema\/person\/99a164d0eaaff7f78b11899bc7d5e7c9","name":"admin","url":"https:\/\/www.ronaldocorreiadebrito.com.br\/site2\/author\/admin\/"}]}},"wps_subtitle":"","_links":{"self":[{"href":"https:\/\/www.ronaldocorreiadebrito.com.br\/site2\/wp-json\/wp\/v2\/posts\/1228","targetHints":{"allow":["GET"]}}],"collection":[{"href":"https:\/\/www.ronaldocorreiadebrito.com.br\/site2\/wp-json\/wp\/v2\/posts"}],"about":[{"href":"https:\/\/www.ronaldocorreiadebrito.com.br\/site2\/wp-json\/wp\/v2\/types\/post"}],"author":[{"embeddable":true,"href":"https:\/\/www.ronaldocorreiadebrito.com.br\/site2\/wp-json\/wp\/v2\/users\/1"}],"replies":[{"embeddable":true,"href":"https:\/\/www.ronaldocorreiadebrito.com.br\/site2\/wp-json\/wp\/v2\/comments?post=1228"}],"version-history":[{"count":0,"href":"https:\/\/www.ronaldocorreiadebrito.com.br\/site2\/wp-json\/wp\/v2\/posts\/1228\/revisions"}],"wp:featuredmedia":[{"embeddable":true,"href":"https:\/\/www.ronaldocorreiadebrito.com.br\/site2\/wp-json\/wp\/v2\/media\/1229"}],"wp:attachment":[{"href":"https:\/\/www.ronaldocorreiadebrito.com.br\/site2\/wp-json\/wp\/v2\/media?parent=1228"}],"wp:term":[{"taxonomy":"category","embeddable":true,"href":"https:\/\/www.ronaldocorreiadebrito.com.br\/site2\/wp-json\/wp\/v2\/categories?post=1228"},{"taxonomy":"post_tag","embeddable":true,"href":"https:\/\/www.ronaldocorreiadebrito.com.br\/site2\/wp-json\/wp\/v2\/tags?post=1228"}],"curies":[{"name":"wp","href":"https:\/\/api.w.org\/{rel}","templated":true}]}}