{"id":1222,"date":"2020-03-17T14:08:02","date_gmt":"2020-03-17T17:08:02","guid":{"rendered":"http:\/\/www.ronaldocorreiadebrito.com.br\/site2\/?p=1222"},"modified":"2020-03-17T14:08:02","modified_gmt":"2020-03-17T17:08:02","slug":"o-maria-concebida-sem-pecado-rogai-por-nos-que-recorremos-vos","status":"publish","type":"post","link":"https:\/\/www.ronaldocorreiadebrito.com.br\/site2\/2020\/03\/o-maria-concebida-sem-pecado-rogai-por-nos-que-recorremos-vos\/","title":{"rendered":"\u00d3 Maria concebida sem pecado, rogai por n\u00f3s que recorremos a v\u00f3s!"},"content":{"rendered":"<p class=\"p1\"><span class=\"s1\">Durante a pandemia de Gripe Asi\u00e1tica, que surgiu em Guizhou, na China, em 1956, e se disseminou pelo mundo nos anos de 1957 e 1958, morreram cerca de 2 milh\u00f5es de pessoas, segundo a Organiza\u00e7\u00e3o Mundial de Sa\u00fade. Ela pode ser considerada leve, se comparamos \u00e0 calamitosa Gripe Espanhola, de 1918 a 1919, que matou de 50 a 100 milh\u00f5es de pessoas e afetou em torno de 40 a 50 por cento da popula\u00e7\u00e3o mundial. Surgida nos EEUU, ganhou esse nome porque os espanh\u00f3is foram os primeiros a anunci\u00e1-la.<\/span><\/p>\n<p class=\"p1\"><span class=\"s1\">Era comum, durante a pandemia da Gripe Espanhola, as pessoas amanhecerem com sintomas e, \u00e0 noite, j\u00e1 terem morrido. N\u00e3o havia o conhecimento cient\u00edfico de hoje, nem as vacinas e antibi\u00f3ticos, da\u00ed a alta letalidade. Rodrigues Alves, eleito presidente do Brasil em segundo mandato (1918\/1922), n\u00e3o tomou posse em 15 de novembro de 1918 porque estava com a gripe, vindo a falecer em janeiro de 1919. Pela constitui\u00e7\u00e3o brasileira da \u00e9poca, o vice s\u00f3 poderia assumir se o presidente eleito tivesse governado pelo menos 2 anos, o que n\u00e3o aconteceu. Novas elei\u00e7\u00f5es foram realizadas.<\/span><\/p>\n<p class=\"p1\"><span class=\"s1\">N\u00e3o lembro de outro chefe de estado brasileiro afetado por pandemia. O caso mais recente \u00e9 do nosso atual presidente, Sr. Jair Bolsonaro, que exerce o cargo num tetravirato com os filhos Fl\u00e1vio, Eduardo e Carlos. Em meio \u00e0 campanha mundial para controle do Coronav\u00edrus, com voos internacionais cancelados e fronteiras fechadas, ele faz uma viagem question\u00e1vel aos Estados Unidos, um dos cinco pa\u00edses com maior n\u00famero de doentes, e retorna com 11 membros da comitiva contaminados, com teste positivo.<\/span><\/p>\n<p class=\"p1\"><span class=\"s1\">Como se a insanidade da viagem desnecess\u00e1ria n\u00e3o bastasse, o Sr. Jair Bolsonaro estimulou atrav\u00e9s de suas redes sociais as manifesta\u00e7\u00f5es do \u00faltimo dia 15, contra o Congresso e o Supremo. Contradit\u00f3rio e incoerente, mandou o povo ocupar as ruas, se aglomerar, quando o ministro da sa\u00fade aconselhava evitar os ajuntamentos de pessoas. E foi mais longe. Devia guardar quarentena, por conta do conv\u00edvio com contagiados, mas foi \u00e0 rua, abra\u00e7ou fan\u00e1ticos, fez <i>selfies<\/i> e provoca\u00e7\u00f5es, acompanhado por um diretor da Anvisa, \u00f3rg\u00e3o da vigil\u00e2ncia sanit\u00e1ria do Minist\u00e9rio da Sa\u00fade. Enquanto isso, na Espanha, drones sobrevoavam as ruas pedindo \u00e0s pessoas para ficarem dentro de suas casas. <\/span><\/p>\n<p class=\"p1\"><span class=\"s1\">At\u00e9 a deputada Jana\u00edna Paschoal, ela mesma, a do PSL de Bolsonaro, que encaminhou o processo contra Dilma Rousseff e se elegeu com 2 milh\u00f5es de votos, sugeriu a cassa\u00e7\u00e3o do presidente. Miguel Reale J\u00fanior, que tamb\u00e9m assinou o impeachment, fez coro a Jana\u00edna e solicitou que Bolsonaro seja considerado inimput\u00e1vel. <\/span><\/p>\n<p class=\"p1\"><span class=\"s1\">(Desculpem, mas lembro que inimput\u00e1vel \u00e9 a pessoa<\/span> <span class=\"s3\">que ser\u00e1 isenta de pena em raz\u00e3o de doen\u00e7a mental ou desenvolvimento mental incompleto ou retardado, que ao tempo da a\u00e7\u00e3o ou omiss\u00e3o n\u00e3o era capaz de entender o car\u00e1ter il\u00edcito do fato por ele praticado, ou de determinar-se de acordo com esse entendimento.)<\/span><\/p>\n<p class=\"p4\"><span class=\"s1\">O fundador da Igreja Universal do Reino de Deus, bispo Edir Macedo, tamb\u00e9m postou um v\u00eddeo no domingo 15, durante as manifesta\u00e7\u00f5es pro governo Bolsonaro, em que minimiza a gravidade do novo coronav\u00edrus e afirma que a pandemia \u00e9 uma \u201ct\u00e1tica de Satan\u00e1s\u201d e uma estrat\u00e9gia da m\u00eddia \u201cpara apavorar as popula\u00e7\u00f5es e as na\u00e7\u00f5es\u201d. Edir Macedo e a Universal apoiaram e apoiam o governo de Bolsonaro, do qual recebem benef\u00edcios atrav\u00e9s da Record. Na contram\u00e3o da OMS e dos \u00f3rg\u00e3os de sa\u00fade, Edir confirma o obscurantismo de sua Igreja, enriquecida gra\u00e7as \u00e0 manipula\u00e7\u00e3o dos fi\u00e9is. <\/span><\/p>\n<p class=\"p4\"><span class=\"s1\">Durante a gripe asi\u00e1tica, eu era um menino que se sentia amea\u00e7ado por algo incompreens\u00edvel e sobrenatural. Minha av\u00f3, igualmente ignorante da ci\u00eancia, mas cheia de f\u00e9 em Deus, mandou que eu escrevesse em tirinhas de papel o singelo apelo \u00e0 Virgem: \u201c\u00d3 Maria concebida sem pecado, rogai por n\u00f3s que recorremos a v\u00f3s!\u201d Os pap\u00e9is foram colados com grude de goma em todas as portas e janelas da nossa casa no Crato e na propriedade da av\u00f3. A m\u00e3e e o pai, modernos e melhor informados sobre a ci\u00eancia e a medicina, nos preveniam sobre os perigos da contamina\u00e7\u00e3o. A av\u00f3, com o seu ros\u00e1rio de contas azuis e brancas ao pesco\u00e7o, prescrevia rezas. Na fam\u00edlia numerosa n\u00e3o houve um \u00fanico caso da gripe. Durante anos, acreditei que foram os papeizinhos que afastaram o perigo para longe. <\/span><\/p>\n<p class=\"p4\"><span class=\"s1\">A av\u00f3 viveu de 1897 a 1994, com boa sa\u00fade. Sofreu perdas dolorosas, atravessou epidemias e pandemias, sempre rezando de madrugada, ao meio dia e \u00e0 noite, antes de dormir. Invejava sua f\u00e9 em Deus, a religi\u00e3o sem igreja que praticava, singela e popular. Deixei muitas coisas para tr\u00e1s, outras me deixaram, como a f\u00e9 que imaginava ter. Mesmo assim, em meio aos cuidados preventivos, vou repetir a ora\u00e7\u00e3o de minha av\u00f3 e pedir a prote\u00e7\u00e3o da Virgem Maria.<\/span><\/p>\n","protected":false},"excerpt":{"rendered":"<p>Durante a pandemia de Gripe Asi\u00e1tica, que surgiu em Guizhou, na China, em 1956, e se disseminou pelo mundo nos anos de 1957 e 1958, morreram cerca de 2 milh\u00f5es de pessoas, segundo a Organiza\u00e7\u00e3o Mundial de Sa\u00fade. Ela pode ser considerada leve, se comparamos&#8230;<\/p>\n","protected":false},"author":1,"featured_media":1223,"comment_status":"open","ping_status":"closed","sticky":false,"template":"","format":"standard","meta":{"sfsi_plus_gutenberg_text_before_share":"","sfsi_plus_gutenberg_show_text_before_share":"","sfsi_plus_gutenberg_icon_type":"","sfsi_plus_gutenberg_icon_alignemt":"","sfsi_plus_gutenburg_max_per_row":"","footnotes":""},"categories":[8,46,45],"tags":[],"class_list":["post-1222","post","type-post","status-publish","format-standard","has-post-thumbnail","hentry","category-blog","category-links","category-slider"],"yoast_head":"<!-- This site is optimized with the Yoast SEO plugin v27.4 - https:\/\/yoast.com\/product\/yoast-seo-wordpress\/ -->\n<title>\u00d3 Maria concebida sem pecado, rogai por n\u00f3s que recorremos a v\u00f3s! | Ronaldo Correia de Brito | site oficial<\/title>\n<meta name=\"robots\" content=\"index, follow, max-snippet:-1, max-image-preview:large, max-video-preview:-1\" \/>\n<link rel=\"canonical\" href=\"https:\/\/www.ronaldocorreiadebrito.com.br\/site2\/2020\/03\/o-maria-concebida-sem-pecado-rogai-por-nos-que-recorremos-vos\/\" \/>\n<meta property=\"og:locale\" content=\"pt_BR\" \/>\n<meta property=\"og:type\" content=\"article\" \/>\n<meta property=\"og:title\" content=\"\u00d3 Maria concebida sem pecado, rogai por n\u00f3s que recorremos a v\u00f3s! | Ronaldo Correia de Brito | site oficial\" \/>\n<meta property=\"og:description\" content=\"Durante a pandemia de Gripe Asi\u00e1tica, que surgiu em Guizhou, na China, em 1956, e se disseminou pelo mundo nos anos de 1957 e 1958, morreram cerca de 2 milh\u00f5es de pessoas, segundo a Organiza\u00e7\u00e3o Mundial de Sa\u00fade. Ela pode ser considerada leve, se comparamos...\" \/>\n<meta property=\"og:url\" content=\"https:\/\/www.ronaldocorreiadebrito.com.br\/site2\/2020\/03\/o-maria-concebida-sem-pecado-rogai-por-nos-que-recorremos-vos\/\" \/>\n<meta property=\"og:site_name\" content=\"Ronaldo Correia de Brito | site oficial\" \/>\n<meta property=\"article:publisher\" content=\"https:\/\/www.facebook.com\/ronaldocorreiadebrito.oficial\" \/>\n<meta property=\"article:published_time\" content=\"2020-03-17T17:08:02+00:00\" \/>\n<meta property=\"og:image\" content=\"https:\/\/www.ronaldocorreiadebrito.com.br\/site2\/wp-content\/uploads\/2020\/03\/TN500_MARIA-CONCEBIDA-5805.jpeg\" \/>\n\t<meta property=\"og:image:width\" content=\"500\" \/>\n\t<meta property=\"og:image:height\" content=\"500\" \/>\n\t<meta property=\"og:image:type\" content=\"image\/jpeg\" \/>\n<meta name=\"author\" content=\"admin\" \/>\n<meta name=\"twitter:card\" content=\"summary_large_image\" \/>\n<meta name=\"twitter:label1\" content=\"Escrito por\" \/>\n\t<meta name=\"twitter:data1\" content=\"admin\" \/>\n\t<meta name=\"twitter:label2\" content=\"Est. tempo de leitura\" \/>\n\t<meta name=\"twitter:data2\" content=\"4 minutos\" \/>\n<script type=\"application\/ld+json\" class=\"yoast-schema-graph\">{\"@context\":\"https:\\\/\\\/schema.org\",\"@graph\":[{\"@type\":\"Article\",\"@id\":\"https:\\\/\\\/www.ronaldocorreiadebrito.com.br\\\/site2\\\/2020\\\/03\\\/o-maria-concebida-sem-pecado-rogai-por-nos-que-recorremos-vos\\\/#article\",\"isPartOf\":{\"@id\":\"https:\\\/\\\/www.ronaldocorreiadebrito.com.br\\\/site2\\\/2020\\\/03\\\/o-maria-concebida-sem-pecado-rogai-por-nos-que-recorremos-vos\\\/\"},\"author\":{\"name\":\"admin\",\"@id\":\"https:\\\/\\\/www.ronaldocorreiadebrito.com.br\\\/site2\\\/#\\\/schema\\\/person\\\/99a164d0eaaff7f78b11899bc7d5e7c9\"},\"headline\":\"\u00d3 Maria concebida sem pecado, rogai por n\u00f3s que recorremos a v\u00f3s!\",\"datePublished\":\"2020-03-17T17:08:02+00:00\",\"mainEntityOfPage\":{\"@id\":\"https:\\\/\\\/www.ronaldocorreiadebrito.com.br\\\/site2\\\/2020\\\/03\\\/o-maria-concebida-sem-pecado-rogai-por-nos-que-recorremos-vos\\\/\"},\"wordCount\":855,\"commentCount\":0,\"image\":{\"@id\":\"https:\\\/\\\/www.ronaldocorreiadebrito.com.br\\\/site2\\\/2020\\\/03\\\/o-maria-concebida-sem-pecado-rogai-por-nos-que-recorremos-vos\\\/#primaryimage\"},\"thumbnailUrl\":\"https:\\\/\\\/www.ronaldocorreiadebrito.com.br\\\/site2\\\/wp-content\\\/uploads\\\/2020\\\/03\\\/TN500_MARIA-CONCEBIDA-5805.jpeg\",\"articleSection\":[\"Blog\",\"Links\",\"Slider\"],\"inLanguage\":\"pt-BR\",\"potentialAction\":[{\"@type\":\"CommentAction\",\"name\":\"Comment\",\"target\":[\"https:\\\/\\\/www.ronaldocorreiadebrito.com.br\\\/site2\\\/2020\\\/03\\\/o-maria-concebida-sem-pecado-rogai-por-nos-que-recorremos-vos\\\/#respond\"]}]},{\"@type\":\"WebPage\",\"@id\":\"https:\\\/\\\/www.ronaldocorreiadebrito.com.br\\\/site2\\\/2020\\\/03\\\/o-maria-concebida-sem-pecado-rogai-por-nos-que-recorremos-vos\\\/\",\"url\":\"https:\\\/\\\/www.ronaldocorreiadebrito.com.br\\\/site2\\\/2020\\\/03\\\/o-maria-concebida-sem-pecado-rogai-por-nos-que-recorremos-vos\\\/\",\"name\":\"\u00d3 Maria concebida sem pecado, rogai por n\u00f3s que recorremos a v\u00f3s! | Ronaldo Correia de Brito | site oficial\",\"isPartOf\":{\"@id\":\"https:\\\/\\\/www.ronaldocorreiadebrito.com.br\\\/site2\\\/#website\"},\"primaryImageOfPage\":{\"@id\":\"https:\\\/\\\/www.ronaldocorreiadebrito.com.br\\\/site2\\\/2020\\\/03\\\/o-maria-concebida-sem-pecado-rogai-por-nos-que-recorremos-vos\\\/#primaryimage\"},\"image\":{\"@id\":\"https:\\\/\\\/www.ronaldocorreiadebrito.com.br\\\/site2\\\/2020\\\/03\\\/o-maria-concebida-sem-pecado-rogai-por-nos-que-recorremos-vos\\\/#primaryimage\"},\"thumbnailUrl\":\"https:\\\/\\\/www.ronaldocorreiadebrito.com.br\\\/site2\\\/wp-content\\\/uploads\\\/2020\\\/03\\\/TN500_MARIA-CONCEBIDA-5805.jpeg\",\"datePublished\":\"2020-03-17T17:08:02+00:00\",\"author\":{\"@id\":\"https:\\\/\\\/www.ronaldocorreiadebrito.com.br\\\/site2\\\/#\\\/schema\\\/person\\\/99a164d0eaaff7f78b11899bc7d5e7c9\"},\"breadcrumb\":{\"@id\":\"https:\\\/\\\/www.ronaldocorreiadebrito.com.br\\\/site2\\\/2020\\\/03\\\/o-maria-concebida-sem-pecado-rogai-por-nos-que-recorremos-vos\\\/#breadcrumb\"},\"inLanguage\":\"pt-BR\",\"potentialAction\":[{\"@type\":\"ReadAction\",\"target\":[\"https:\\\/\\\/www.ronaldocorreiadebrito.com.br\\\/site2\\\/2020\\\/03\\\/o-maria-concebida-sem-pecado-rogai-por-nos-que-recorremos-vos\\\/\"]}]},{\"@type\":\"ImageObject\",\"inLanguage\":\"pt-BR\",\"@id\":\"https:\\\/\\\/www.ronaldocorreiadebrito.com.br\\\/site2\\\/2020\\\/03\\\/o-maria-concebida-sem-pecado-rogai-por-nos-que-recorremos-vos\\\/#primaryimage\",\"url\":\"https:\\\/\\\/www.ronaldocorreiadebrito.com.br\\\/site2\\\/wp-content\\\/uploads\\\/2020\\\/03\\\/TN500_MARIA-CONCEBIDA-5805.jpeg\",\"contentUrl\":\"https:\\\/\\\/www.ronaldocorreiadebrito.com.br\\\/site2\\\/wp-content\\\/uploads\\\/2020\\\/03\\\/TN500_MARIA-CONCEBIDA-5805.jpeg\",\"width\":500,\"height\":500},{\"@type\":\"BreadcrumbList\",\"@id\":\"https:\\\/\\\/www.ronaldocorreiadebrito.com.br\\\/site2\\\/2020\\\/03\\\/o-maria-concebida-sem-pecado-rogai-por-nos-que-recorremos-vos\\\/#breadcrumb\",\"itemListElement\":[{\"@type\":\"ListItem\",\"position\":1,\"name\":\"In\u00edcio\",\"item\":\"https:\\\/\\\/www.ronaldocorreiadebrito.com.br\\\/site2\\\/\"},{\"@type\":\"ListItem\",\"position\":2,\"name\":\"\u00d3 Maria concebida sem pecado, rogai por n\u00f3s que recorremos a v\u00f3s!\"}]},{\"@type\":\"WebSite\",\"@id\":\"https:\\\/\\\/www.ronaldocorreiadebrito.com.br\\\/site2\\\/#website\",\"url\":\"https:\\\/\\\/www.ronaldocorreiadebrito.com.br\\\/site2\\\/\",\"name\":\"Ronaldo Correia de Brito | site oficial\",\"description\":\"Site oficial do escritor Ronaldo Correia de Brito\",\"potentialAction\":[{\"@type\":\"SearchAction\",\"target\":{\"@type\":\"EntryPoint\",\"urlTemplate\":\"https:\\\/\\\/www.ronaldocorreiadebrito.com.br\\\/site2\\\/?s={search_term_string}\"},\"query-input\":{\"@type\":\"PropertyValueSpecification\",\"valueRequired\":true,\"valueName\":\"search_term_string\"}}],\"inLanguage\":\"pt-BR\"},{\"@type\":\"Person\",\"@id\":\"https:\\\/\\\/www.ronaldocorreiadebrito.com.br\\\/site2\\\/#\\\/schema\\\/person\\\/99a164d0eaaff7f78b11899bc7d5e7c9\",\"name\":\"admin\",\"url\":\"https:\\\/\\\/www.ronaldocorreiadebrito.com.br\\\/site2\\\/author\\\/admin\\\/\"}]}<\/script>\n<!-- \/ Yoast SEO plugin. -->","yoast_head_json":{"title":"\u00d3 Maria concebida sem pecado, rogai por n\u00f3s que recorremos a v\u00f3s! | Ronaldo Correia de Brito | site oficial","robots":{"index":"index","follow":"follow","max-snippet":"max-snippet:-1","max-image-preview":"max-image-preview:large","max-video-preview":"max-video-preview:-1"},"canonical":"https:\/\/www.ronaldocorreiadebrito.com.br\/site2\/2020\/03\/o-maria-concebida-sem-pecado-rogai-por-nos-que-recorremos-vos\/","og_locale":"pt_BR","og_type":"article","og_title":"\u00d3 Maria concebida sem pecado, rogai por n\u00f3s que recorremos a v\u00f3s! | Ronaldo Correia de Brito | site oficial","og_description":"Durante a pandemia de Gripe Asi\u00e1tica, que surgiu em Guizhou, na China, em 1956, e se disseminou pelo mundo nos anos de 1957 e 1958, morreram cerca de 2 milh\u00f5es de pessoas, segundo a Organiza\u00e7\u00e3o Mundial de Sa\u00fade. Ela pode ser considerada leve, se comparamos...","og_url":"https:\/\/www.ronaldocorreiadebrito.com.br\/site2\/2020\/03\/o-maria-concebida-sem-pecado-rogai-por-nos-que-recorremos-vos\/","og_site_name":"Ronaldo Correia de Brito | site oficial","article_publisher":"https:\/\/www.facebook.com\/ronaldocorreiadebrito.oficial","article_published_time":"2020-03-17T17:08:02+00:00","og_image":[{"width":500,"height":500,"url":"https:\/\/www.ronaldocorreiadebrito.com.br\/site2\/wp-content\/uploads\/2020\/03\/TN500_MARIA-CONCEBIDA-5805.jpeg","type":"image\/jpeg"}],"author":"admin","twitter_card":"summary_large_image","twitter_misc":{"Escrito por":"admin","Est. tempo de leitura":"4 minutos"},"schema":{"@context":"https:\/\/schema.org","@graph":[{"@type":"Article","@id":"https:\/\/www.ronaldocorreiadebrito.com.br\/site2\/2020\/03\/o-maria-concebida-sem-pecado-rogai-por-nos-que-recorremos-vos\/#article","isPartOf":{"@id":"https:\/\/www.ronaldocorreiadebrito.com.br\/site2\/2020\/03\/o-maria-concebida-sem-pecado-rogai-por-nos-que-recorremos-vos\/"},"author":{"name":"admin","@id":"https:\/\/www.ronaldocorreiadebrito.com.br\/site2\/#\/schema\/person\/99a164d0eaaff7f78b11899bc7d5e7c9"},"headline":"\u00d3 Maria concebida sem pecado, rogai por n\u00f3s que recorremos a v\u00f3s!","datePublished":"2020-03-17T17:08:02+00:00","mainEntityOfPage":{"@id":"https:\/\/www.ronaldocorreiadebrito.com.br\/site2\/2020\/03\/o-maria-concebida-sem-pecado-rogai-por-nos-que-recorremos-vos\/"},"wordCount":855,"commentCount":0,"image":{"@id":"https:\/\/www.ronaldocorreiadebrito.com.br\/site2\/2020\/03\/o-maria-concebida-sem-pecado-rogai-por-nos-que-recorremos-vos\/#primaryimage"},"thumbnailUrl":"https:\/\/www.ronaldocorreiadebrito.com.br\/site2\/wp-content\/uploads\/2020\/03\/TN500_MARIA-CONCEBIDA-5805.jpeg","articleSection":["Blog","Links","Slider"],"inLanguage":"pt-BR","potentialAction":[{"@type":"CommentAction","name":"Comment","target":["https:\/\/www.ronaldocorreiadebrito.com.br\/site2\/2020\/03\/o-maria-concebida-sem-pecado-rogai-por-nos-que-recorremos-vos\/#respond"]}]},{"@type":"WebPage","@id":"https:\/\/www.ronaldocorreiadebrito.com.br\/site2\/2020\/03\/o-maria-concebida-sem-pecado-rogai-por-nos-que-recorremos-vos\/","url":"https:\/\/www.ronaldocorreiadebrito.com.br\/site2\/2020\/03\/o-maria-concebida-sem-pecado-rogai-por-nos-que-recorremos-vos\/","name":"\u00d3 Maria concebida sem pecado, rogai por n\u00f3s que recorremos a v\u00f3s! | Ronaldo Correia de Brito | site oficial","isPartOf":{"@id":"https:\/\/www.ronaldocorreiadebrito.com.br\/site2\/#website"},"primaryImageOfPage":{"@id":"https:\/\/www.ronaldocorreiadebrito.com.br\/site2\/2020\/03\/o-maria-concebida-sem-pecado-rogai-por-nos-que-recorremos-vos\/#primaryimage"},"image":{"@id":"https:\/\/www.ronaldocorreiadebrito.com.br\/site2\/2020\/03\/o-maria-concebida-sem-pecado-rogai-por-nos-que-recorremos-vos\/#primaryimage"},"thumbnailUrl":"https:\/\/www.ronaldocorreiadebrito.com.br\/site2\/wp-content\/uploads\/2020\/03\/TN500_MARIA-CONCEBIDA-5805.jpeg","datePublished":"2020-03-17T17:08:02+00:00","author":{"@id":"https:\/\/www.ronaldocorreiadebrito.com.br\/site2\/#\/schema\/person\/99a164d0eaaff7f78b11899bc7d5e7c9"},"breadcrumb":{"@id":"https:\/\/www.ronaldocorreiadebrito.com.br\/site2\/2020\/03\/o-maria-concebida-sem-pecado-rogai-por-nos-que-recorremos-vos\/#breadcrumb"},"inLanguage":"pt-BR","potentialAction":[{"@type":"ReadAction","target":["https:\/\/www.ronaldocorreiadebrito.com.br\/site2\/2020\/03\/o-maria-concebida-sem-pecado-rogai-por-nos-que-recorremos-vos\/"]}]},{"@type":"ImageObject","inLanguage":"pt-BR","@id":"https:\/\/www.ronaldocorreiadebrito.com.br\/site2\/2020\/03\/o-maria-concebida-sem-pecado-rogai-por-nos-que-recorremos-vos\/#primaryimage","url":"https:\/\/www.ronaldocorreiadebrito.com.br\/site2\/wp-content\/uploads\/2020\/03\/TN500_MARIA-CONCEBIDA-5805.jpeg","contentUrl":"https:\/\/www.ronaldocorreiadebrito.com.br\/site2\/wp-content\/uploads\/2020\/03\/TN500_MARIA-CONCEBIDA-5805.jpeg","width":500,"height":500},{"@type":"BreadcrumbList","@id":"https:\/\/www.ronaldocorreiadebrito.com.br\/site2\/2020\/03\/o-maria-concebida-sem-pecado-rogai-por-nos-que-recorremos-vos\/#breadcrumb","itemListElement":[{"@type":"ListItem","position":1,"name":"In\u00edcio","item":"https:\/\/www.ronaldocorreiadebrito.com.br\/site2\/"},{"@type":"ListItem","position":2,"name":"\u00d3 Maria concebida sem pecado, rogai por n\u00f3s que recorremos a v\u00f3s!"}]},{"@type":"WebSite","@id":"https:\/\/www.ronaldocorreiadebrito.com.br\/site2\/#website","url":"https:\/\/www.ronaldocorreiadebrito.com.br\/site2\/","name":"Ronaldo Correia de Brito | site oficial","description":"Site oficial do escritor Ronaldo Correia de Brito","potentialAction":[{"@type":"SearchAction","target":{"@type":"EntryPoint","urlTemplate":"https:\/\/www.ronaldocorreiadebrito.com.br\/site2\/?s={search_term_string}"},"query-input":{"@type":"PropertyValueSpecification","valueRequired":true,"valueName":"search_term_string"}}],"inLanguage":"pt-BR"},{"@type":"Person","@id":"https:\/\/www.ronaldocorreiadebrito.com.br\/site2\/#\/schema\/person\/99a164d0eaaff7f78b11899bc7d5e7c9","name":"admin","url":"https:\/\/www.ronaldocorreiadebrito.com.br\/site2\/author\/admin\/"}]}},"wps_subtitle":"","_links":{"self":[{"href":"https:\/\/www.ronaldocorreiadebrito.com.br\/site2\/wp-json\/wp\/v2\/posts\/1222","targetHints":{"allow":["GET"]}}],"collection":[{"href":"https:\/\/www.ronaldocorreiadebrito.com.br\/site2\/wp-json\/wp\/v2\/posts"}],"about":[{"href":"https:\/\/www.ronaldocorreiadebrito.com.br\/site2\/wp-json\/wp\/v2\/types\/post"}],"author":[{"embeddable":true,"href":"https:\/\/www.ronaldocorreiadebrito.com.br\/site2\/wp-json\/wp\/v2\/users\/1"}],"replies":[{"embeddable":true,"href":"https:\/\/www.ronaldocorreiadebrito.com.br\/site2\/wp-json\/wp\/v2\/comments?post=1222"}],"version-history":[{"count":0,"href":"https:\/\/www.ronaldocorreiadebrito.com.br\/site2\/wp-json\/wp\/v2\/posts\/1222\/revisions"}],"wp:featuredmedia":[{"embeddable":true,"href":"https:\/\/www.ronaldocorreiadebrito.com.br\/site2\/wp-json\/wp\/v2\/media\/1223"}],"wp:attachment":[{"href":"https:\/\/www.ronaldocorreiadebrito.com.br\/site2\/wp-json\/wp\/v2\/media?parent=1222"}],"wp:term":[{"taxonomy":"category","embeddable":true,"href":"https:\/\/www.ronaldocorreiadebrito.com.br\/site2\/wp-json\/wp\/v2\/categories?post=1222"},{"taxonomy":"post_tag","embeddable":true,"href":"https:\/\/www.ronaldocorreiadebrito.com.br\/site2\/wp-json\/wp\/v2\/tags?post=1222"}],"curies":[{"name":"wp","href":"https:\/\/api.w.org\/{rel}","templated":true}]}}