{"id":1211,"date":"2020-03-07T15:48:21","date_gmt":"2020-03-07T18:48:21","guid":{"rendered":"http:\/\/www.ronaldocorreiadebrito.com.br\/site2\/?p=1211"},"modified":"2020-03-07T16:34:53","modified_gmt":"2020-03-07T19:34:53","slug":"os-adolescentes-nazistas-do-colegio-santa-maria-no-recife","status":"publish","type":"post","link":"https:\/\/www.ronaldocorreiadebrito.com.br\/site2\/2020\/03\/os-adolescentes-nazistas-do-colegio-santa-maria-no-recife\/","title":{"rendered":"Os adolescentes nazistas do Col\u00e9gio Santa Maria, no Recife"},"content":{"rendered":"<p>O t\u00edtulo soa forte e apelativo. Mas foi estampado dessa maneira em jornais,<br \/>\nnotici\u00e1rios de r\u00e1dio e tv, blogs e outras m\u00eddias. Os adolescentes entre 16 e<br \/>\n17 anos do Col\u00e9gio Santa Maria, em Boa Viagem, no Recife, ganharam<br \/>\nnotoriedade, embora tenham os rostos censurados por serem menores. As<br \/>\nm\u00e3os para o alto numa sauda\u00e7\u00e3o nazista, os corpos r\u00edgidos e perfilados n\u00e3o<br \/>\nsofreram censura. A postagem na Internet foi apagada, por\u00e9m o mal<br \/>\nconfesso j\u00e1 havia se alastrado.<\/p>\n<p>O Col\u00e9gio Santa Maria foi fundado como Instituto em 1956, pela<br \/>\npropriet\u00e1ria e diretora Maria das Dores Muniz de Melo, uma cat\u00f3lica<br \/>\nconservadora, esp\u00e9cie de generala autorit\u00e1ria e moralista. Simpatizante do<br \/>\nGolpe Militar de 1964, Maria das Dores colocava seu col\u00e9gio para desfilar<br \/>\nnas comemora\u00e7\u00f5es do 7 de setembro, incutindo sentimentos nacionalistas e<br \/>\nelitistas numa gera\u00e7\u00e3o de jovens estudantes.<\/p>\n<p>No ano de 1972, quando se comemorou o sesquicenten\u00e1rio da chamada<br \/>\nIndepend\u00eancia do Brasil, os militares festejaram a data de maneira<br \/>\nespalhafatosa. Para lembrar a hist\u00f3ria burlesca, rodaram um filme canastr\u00e3o<br \/>\n\u2013 Independ\u00eancia ou Morte \u2013 com Tarc\u00edsio Meira e Gl\u00f3ria Meneses nos<br \/>\npap\u00e9is de D. Pedro I e Dona Leopoldina. O Santa Maria desfilou pelo<br \/>\ncentro do Recife com os seus alunos, em meio a estardalha\u00e7o, carros<br \/>\naleg\u00f3ricos e figuras carimbadas. Como se n\u00e3o bastasse a declara\u00e7\u00e3o de<br \/>\napre\u00e7o ao regime de exce\u00e7\u00e3o, o col\u00e9gio foi escolhido entre os col\u00e9gios do<br \/>\nestado para representar Pernambuco em S\u00e3o Paulo, durante as celebra\u00e7\u00f5es<br \/>\ndos 150 anos do \u201cIpiranga\u201d. O senador Humberto Costa, na \u00e9poca um<br \/>\naluno adolescente do Santa Maria, foi expulso do col\u00e9gio por conta de uma<br \/>\nreda\u00e7\u00e3o que escreveu, questionando e negando a \u201cIndepend\u00eancia do<br \/>\nBrasil\u201d.<\/p>\n<p>Nenhum comportamento humano nasce do nada, por gera\u00e7\u00e3o espont\u00e2nea.<br \/>\nNo filme \u201cA fita branca\u201d, de Michael Haneke, come\u00e7am a acontecer fatos<br \/>\nestranhos e perversos, num vilarejo no norte da Alemanha, levantando um<br \/>\nclima de desconfian\u00e7a geral. Descobre-se que os envolvidos nas maldades e<br \/>\ncrimes s\u00e3o adolescentes e crian\u00e7as, alunos de um professor prim\u00e1rio. O<br \/>\nfilme nos leva a refletir sobre a semente do mal plantada nesses jovens,<br \/>\nalgo que se transformar\u00e1, anos depois, num mal bem maior, o nazismo.<\/p>\n<p>A brota\u00e7\u00e3o de flores nazistas no corpo do Col\u00e9gio Santa Maria n\u00e3o \u00e9 um<br \/>\ncaso de gera\u00e7\u00e3o espont\u00e2nea, mas de florescimento em solo f\u00e9rtil. Falecida<br \/>\nem 2010, com 94 anos, a diretora Maria das Dores Muniz de Melo semeou<br \/>\na pedagogia da intoler\u00e2ncia e do preconceito pelas minorias, do<br \/>\nautoritarismo, de um catolicismo retr\u00f3grado, medieval, simpatizante do<br \/>\nmilitarismo e da bajula\u00e7\u00e3o ao poder e \u00e0 riqueza. Caridade, piedade e falsa<br \/>\ncompaix\u00e3o, disfarces do catolicismo sem Cristo, podem at\u00e9 camuflar o mal,<br \/>\nmas n\u00e3o evitam que um dia ele se manifeste.<\/p>\n<p>E manifestou-se \u00e0s claras, em sala de aula, dez anos depois de morrer a<br \/>\nsemeadora de fascismo, numa cidade mesti\u00e7a que se orgulha de sua<br \/>\nurbanidade, de ter proclamado liberdade de culto durante a ocupa\u00e7\u00e3o<br \/>\nholandesa. Mas que \u00e9 socialmente desigual, vive um apartheid entre pobres<br \/>\ne ricos, miser\u00e1veis e remediados, negros e brancos herdeiros do<br \/>\ncolonialismo.<\/p>\n<p>Quem \u00e9 respons\u00e1vel por incutir nesses garotos ideias que h\u00e1 bem pouco<br \/>\ntempo nos levaram ao caos e \u00e0 destrui\u00e7\u00e3o, ao massacre de milh\u00f5es de<br \/>\njudeus, ciganos, comunistas, homossexuais, deficientes e outras minorias?<br \/>\nOs pais? A escola? A sociedade? As m\u00eddias? O Estado?<\/p>\n<p>O Estado, tamb\u00e9m.<\/p>\n<p>A cada dia constatamos horrorizados o posicionamento do governo Jair<br \/>\nBolsonaro e de seus apoiadores a favor das piores ideologias e pol\u00edticas,<br \/>\nentre elas o nazismo. Lembramos o caso recente do secret\u00e1rio especial da<br \/>\ncultura, Roberto Alvim, repetindo pose e discurso com trecho quase<br \/>\nid\u00eantico ao de Joseph Goebbels, ministro de Adolf Hitler, durante a<br \/>\nAlemanha nazista. Fatos como este se repetem \u00e0s dezenas, tornando-se<br \/>\nlugar comum o que deveria ser uma exce\u00e7\u00e3o criminosa.<\/p>\n<p>\u2013 Se eles podem, n\u00f3s podemos. Se eles n\u00e3o sofrem puni\u00e7\u00e3o, por que<br \/>\nseremos punidos? Se a Justi\u00e7a fecha os olhos a tantos crimes, por que<br \/>\nabrir\u00e1 para n\u00f3s? Poderia ser a defesa dos onze adolescentes. No caso de<br \/>\nRoberto Alvim, ele apenas perdeu o cargo de secret\u00e1rio, e n\u00e3o sofreu<br \/>\nnenhuma san\u00e7\u00e3o. Num pa\u00eds onde apenas pobres e negros s\u00e3o punidos e<br \/>\nmortos, brancos e ricos crescem acreditando que tudo podem, os pais, a<br \/>\nescola e o Estado passar\u00e3o a m\u00e3o em seus cabelos lisos.<\/p>\n<p>Seria bom que os mais pr\u00f3ximos refletissem sobre a atitude desses garotos,<br \/>\ntentassem conversar com eles, orient\u00e1-los sobre a hist\u00f3ria. Ser\u00e1 que eles<br \/>\nsabem o que foi o nazismo? Ser\u00e1 que j\u00e1 ouviram falar em Auschwitz? Ou<br \/>\nacreditam que a terra \u00e9 plana, descendemos de Ad\u00e3o e Eva e que nunca<br \/>\naconteceu Holocausto?<\/p>\n","protected":false},"excerpt":{"rendered":"<p>O t\u00edtulo soa forte e apelativo. Mas foi estampado dessa maneira em jornais, notici\u00e1rios de r\u00e1dio e tv, blogs e outras m\u00eddias. Os adolescentes entre 16 e 17 anos do Col\u00e9gio Santa Maria, em Boa Viagem, no Recife, ganharam notoriedade, embora tenham os rostos censurados&#8230;<\/p>\n","protected":false},"author":1,"featured_media":1212,"comment_status":"open","ping_status":"closed","sticky":false,"template":"","format":"standard","meta":{"sfsi_plus_gutenberg_text_before_share":"","sfsi_plus_gutenberg_show_text_before_share":"","sfsi_plus_gutenberg_icon_type":"","sfsi_plus_gutenberg_icon_alignemt":"","sfsi_plus_gutenburg_max_per_row":"","footnotes":""},"categories":[8,46,45],"tags":[],"class_list":["post-1211","post","type-post","status-publish","format-standard","has-post-thumbnail","hentry","category-blog","category-links","category-slider"],"yoast_head":"<!-- This site is optimized with the Yoast SEO plugin v27.4 - https:\/\/yoast.com\/product\/yoast-seo-wordpress\/ -->\n<title>Os adolescentes nazistas do Col\u00e9gio Santa Maria, no Recife | Ronaldo Correia de Brito | site oficial<\/title>\n<meta name=\"robots\" content=\"index, follow, max-snippet:-1, max-image-preview:large, max-video-preview:-1\" \/>\n<link rel=\"canonical\" href=\"https:\/\/www.ronaldocorreiadebrito.com.br\/site2\/2020\/03\/os-adolescentes-nazistas-do-colegio-santa-maria-no-recife\/\" \/>\n<meta property=\"og:locale\" content=\"pt_BR\" \/>\n<meta property=\"og:type\" content=\"article\" \/>\n<meta property=\"og:title\" content=\"Os adolescentes nazistas do Col\u00e9gio Santa Maria, no Recife | Ronaldo Correia de Brito | site oficial\" \/>\n<meta property=\"og:description\" content=\"O t\u00edtulo soa forte e apelativo. Mas foi estampado dessa maneira em jornais, notici\u00e1rios de r\u00e1dio e tv, blogs e outras m\u00eddias. Os adolescentes entre 16 e 17 anos do Col\u00e9gio Santa Maria, em Boa Viagem, no Recife, ganharam notoriedade, embora tenham os rostos censurados...\" \/>\n<meta property=\"og:url\" content=\"https:\/\/www.ronaldocorreiadebrito.com.br\/site2\/2020\/03\/os-adolescentes-nazistas-do-colegio-santa-maria-no-recife\/\" \/>\n<meta property=\"og:site_name\" content=\"Ronaldo Correia de Brito | site oficial\" \/>\n<meta property=\"article:publisher\" content=\"https:\/\/www.facebook.com\/ronaldocorreiadebrito.oficial\" \/>\n<meta property=\"article:published_time\" content=\"2020-03-07T18:48:21+00:00\" \/>\n<meta property=\"article:modified_time\" content=\"2020-03-07T19:34:53+00:00\" \/>\n<meta property=\"og:image\" content=\"https:\/\/www.ronaldocorreiadebrito.com.br\/site2\/wp-content\/uploads\/2020\/03\/alunos-do-recife-fazem-saudacao-nazista-06032020113448497.jpeg\" \/>\n\t<meta property=\"og:image:width\" content=\"660\" \/>\n\t<meta property=\"og:image:height\" content=\"360\" \/>\n\t<meta property=\"og:image:type\" content=\"image\/jpeg\" \/>\n<meta name=\"author\" content=\"admin\" \/>\n<meta name=\"twitter:card\" content=\"summary_large_image\" \/>\n<meta name=\"twitter:label1\" content=\"Escrito por\" \/>\n\t<meta name=\"twitter:data1\" content=\"admin\" \/>\n\t<meta name=\"twitter:label2\" content=\"Est. tempo de leitura\" \/>\n\t<meta name=\"twitter:data2\" content=\"4 minutos\" \/>\n<script type=\"application\/ld+json\" class=\"yoast-schema-graph\">{\"@context\":\"https:\\\/\\\/schema.org\",\"@graph\":[{\"@type\":\"Article\",\"@id\":\"https:\\\/\\\/www.ronaldocorreiadebrito.com.br\\\/site2\\\/2020\\\/03\\\/os-adolescentes-nazistas-do-colegio-santa-maria-no-recife\\\/#article\",\"isPartOf\":{\"@id\":\"https:\\\/\\\/www.ronaldocorreiadebrito.com.br\\\/site2\\\/2020\\\/03\\\/os-adolescentes-nazistas-do-colegio-santa-maria-no-recife\\\/\"},\"author\":{\"name\":\"admin\",\"@id\":\"https:\\\/\\\/www.ronaldocorreiadebrito.com.br\\\/site2\\\/#\\\/schema\\\/person\\\/99a164d0eaaff7f78b11899bc7d5e7c9\"},\"headline\":\"Os adolescentes nazistas do Col\u00e9gio Santa Maria, no Recife\",\"datePublished\":\"2020-03-07T18:48:21+00:00\",\"dateModified\":\"2020-03-07T19:34:53+00:00\",\"mainEntityOfPage\":{\"@id\":\"https:\\\/\\\/www.ronaldocorreiadebrito.com.br\\\/site2\\\/2020\\\/03\\\/os-adolescentes-nazistas-do-colegio-santa-maria-no-recife\\\/\"},\"wordCount\":836,\"commentCount\":0,\"image\":{\"@id\":\"https:\\\/\\\/www.ronaldocorreiadebrito.com.br\\\/site2\\\/2020\\\/03\\\/os-adolescentes-nazistas-do-colegio-santa-maria-no-recife\\\/#primaryimage\"},\"thumbnailUrl\":\"https:\\\/\\\/www.ronaldocorreiadebrito.com.br\\\/site2\\\/wp-content\\\/uploads\\\/2020\\\/03\\\/alunos-do-recife-fazem-saudacao-nazista-06032020113448497.jpeg\",\"articleSection\":[\"Blog\",\"Links\",\"Slider\"],\"inLanguage\":\"pt-BR\",\"potentialAction\":[{\"@type\":\"CommentAction\",\"name\":\"Comment\",\"target\":[\"https:\\\/\\\/www.ronaldocorreiadebrito.com.br\\\/site2\\\/2020\\\/03\\\/os-adolescentes-nazistas-do-colegio-santa-maria-no-recife\\\/#respond\"]}]},{\"@type\":\"WebPage\",\"@id\":\"https:\\\/\\\/www.ronaldocorreiadebrito.com.br\\\/site2\\\/2020\\\/03\\\/os-adolescentes-nazistas-do-colegio-santa-maria-no-recife\\\/\",\"url\":\"https:\\\/\\\/www.ronaldocorreiadebrito.com.br\\\/site2\\\/2020\\\/03\\\/os-adolescentes-nazistas-do-colegio-santa-maria-no-recife\\\/\",\"name\":\"Os adolescentes nazistas do Col\u00e9gio Santa Maria, no Recife | Ronaldo Correia de Brito | site oficial\",\"isPartOf\":{\"@id\":\"https:\\\/\\\/www.ronaldocorreiadebrito.com.br\\\/site2\\\/#website\"},\"primaryImageOfPage\":{\"@id\":\"https:\\\/\\\/www.ronaldocorreiadebrito.com.br\\\/site2\\\/2020\\\/03\\\/os-adolescentes-nazistas-do-colegio-santa-maria-no-recife\\\/#primaryimage\"},\"image\":{\"@id\":\"https:\\\/\\\/www.ronaldocorreiadebrito.com.br\\\/site2\\\/2020\\\/03\\\/os-adolescentes-nazistas-do-colegio-santa-maria-no-recife\\\/#primaryimage\"},\"thumbnailUrl\":\"https:\\\/\\\/www.ronaldocorreiadebrito.com.br\\\/site2\\\/wp-content\\\/uploads\\\/2020\\\/03\\\/alunos-do-recife-fazem-saudacao-nazista-06032020113448497.jpeg\",\"datePublished\":\"2020-03-07T18:48:21+00:00\",\"dateModified\":\"2020-03-07T19:34:53+00:00\",\"author\":{\"@id\":\"https:\\\/\\\/www.ronaldocorreiadebrito.com.br\\\/site2\\\/#\\\/schema\\\/person\\\/99a164d0eaaff7f78b11899bc7d5e7c9\"},\"breadcrumb\":{\"@id\":\"https:\\\/\\\/www.ronaldocorreiadebrito.com.br\\\/site2\\\/2020\\\/03\\\/os-adolescentes-nazistas-do-colegio-santa-maria-no-recife\\\/#breadcrumb\"},\"inLanguage\":\"pt-BR\",\"potentialAction\":[{\"@type\":\"ReadAction\",\"target\":[\"https:\\\/\\\/www.ronaldocorreiadebrito.com.br\\\/site2\\\/2020\\\/03\\\/os-adolescentes-nazistas-do-colegio-santa-maria-no-recife\\\/\"]}]},{\"@type\":\"ImageObject\",\"inLanguage\":\"pt-BR\",\"@id\":\"https:\\\/\\\/www.ronaldocorreiadebrito.com.br\\\/site2\\\/2020\\\/03\\\/os-adolescentes-nazistas-do-colegio-santa-maria-no-recife\\\/#primaryimage\",\"url\":\"https:\\\/\\\/www.ronaldocorreiadebrito.com.br\\\/site2\\\/wp-content\\\/uploads\\\/2020\\\/03\\\/alunos-do-recife-fazem-saudacao-nazista-06032020113448497.jpeg\",\"contentUrl\":\"https:\\\/\\\/www.ronaldocorreiadebrito.com.br\\\/site2\\\/wp-content\\\/uploads\\\/2020\\\/03\\\/alunos-do-recife-fazem-saudacao-nazista-06032020113448497.jpeg\",\"width\":660,\"height\":360},{\"@type\":\"BreadcrumbList\",\"@id\":\"https:\\\/\\\/www.ronaldocorreiadebrito.com.br\\\/site2\\\/2020\\\/03\\\/os-adolescentes-nazistas-do-colegio-santa-maria-no-recife\\\/#breadcrumb\",\"itemListElement\":[{\"@type\":\"ListItem\",\"position\":1,\"name\":\"In\u00edcio\",\"item\":\"https:\\\/\\\/www.ronaldocorreiadebrito.com.br\\\/site2\\\/\"},{\"@type\":\"ListItem\",\"position\":2,\"name\":\"Os adolescentes nazistas do Col\u00e9gio Santa Maria, no Recife\"}]},{\"@type\":\"WebSite\",\"@id\":\"https:\\\/\\\/www.ronaldocorreiadebrito.com.br\\\/site2\\\/#website\",\"url\":\"https:\\\/\\\/www.ronaldocorreiadebrito.com.br\\\/site2\\\/\",\"name\":\"Ronaldo Correia de Brito | site oficial\",\"description\":\"Site oficial do escritor Ronaldo Correia de Brito\",\"potentialAction\":[{\"@type\":\"SearchAction\",\"target\":{\"@type\":\"EntryPoint\",\"urlTemplate\":\"https:\\\/\\\/www.ronaldocorreiadebrito.com.br\\\/site2\\\/?s={search_term_string}\"},\"query-input\":{\"@type\":\"PropertyValueSpecification\",\"valueRequired\":true,\"valueName\":\"search_term_string\"}}],\"inLanguage\":\"pt-BR\"},{\"@type\":\"Person\",\"@id\":\"https:\\\/\\\/www.ronaldocorreiadebrito.com.br\\\/site2\\\/#\\\/schema\\\/person\\\/99a164d0eaaff7f78b11899bc7d5e7c9\",\"name\":\"admin\",\"url\":\"https:\\\/\\\/www.ronaldocorreiadebrito.com.br\\\/site2\\\/author\\\/admin\\\/\"}]}<\/script>\n<!-- \/ Yoast SEO plugin. -->","yoast_head_json":{"title":"Os adolescentes nazistas do Col\u00e9gio Santa Maria, no Recife | Ronaldo Correia de Brito | site oficial","robots":{"index":"index","follow":"follow","max-snippet":"max-snippet:-1","max-image-preview":"max-image-preview:large","max-video-preview":"max-video-preview:-1"},"canonical":"https:\/\/www.ronaldocorreiadebrito.com.br\/site2\/2020\/03\/os-adolescentes-nazistas-do-colegio-santa-maria-no-recife\/","og_locale":"pt_BR","og_type":"article","og_title":"Os adolescentes nazistas do Col\u00e9gio Santa Maria, no Recife | Ronaldo Correia de Brito | site oficial","og_description":"O t\u00edtulo soa forte e apelativo. Mas foi estampado dessa maneira em jornais, notici\u00e1rios de r\u00e1dio e tv, blogs e outras m\u00eddias. Os adolescentes entre 16 e 17 anos do Col\u00e9gio Santa Maria, em Boa Viagem, no Recife, ganharam notoriedade, embora tenham os rostos censurados...","og_url":"https:\/\/www.ronaldocorreiadebrito.com.br\/site2\/2020\/03\/os-adolescentes-nazistas-do-colegio-santa-maria-no-recife\/","og_site_name":"Ronaldo Correia de Brito | site oficial","article_publisher":"https:\/\/www.facebook.com\/ronaldocorreiadebrito.oficial","article_published_time":"2020-03-07T18:48:21+00:00","article_modified_time":"2020-03-07T19:34:53+00:00","og_image":[{"width":660,"height":360,"url":"https:\/\/www.ronaldocorreiadebrito.com.br\/site2\/wp-content\/uploads\/2020\/03\/alunos-do-recife-fazem-saudacao-nazista-06032020113448497.jpeg","type":"image\/jpeg"}],"author":"admin","twitter_card":"summary_large_image","twitter_misc":{"Escrito por":"admin","Est. tempo de leitura":"4 minutos"},"schema":{"@context":"https:\/\/schema.org","@graph":[{"@type":"Article","@id":"https:\/\/www.ronaldocorreiadebrito.com.br\/site2\/2020\/03\/os-adolescentes-nazistas-do-colegio-santa-maria-no-recife\/#article","isPartOf":{"@id":"https:\/\/www.ronaldocorreiadebrito.com.br\/site2\/2020\/03\/os-adolescentes-nazistas-do-colegio-santa-maria-no-recife\/"},"author":{"name":"admin","@id":"https:\/\/www.ronaldocorreiadebrito.com.br\/site2\/#\/schema\/person\/99a164d0eaaff7f78b11899bc7d5e7c9"},"headline":"Os adolescentes nazistas do Col\u00e9gio Santa Maria, no Recife","datePublished":"2020-03-07T18:48:21+00:00","dateModified":"2020-03-07T19:34:53+00:00","mainEntityOfPage":{"@id":"https:\/\/www.ronaldocorreiadebrito.com.br\/site2\/2020\/03\/os-adolescentes-nazistas-do-colegio-santa-maria-no-recife\/"},"wordCount":836,"commentCount":0,"image":{"@id":"https:\/\/www.ronaldocorreiadebrito.com.br\/site2\/2020\/03\/os-adolescentes-nazistas-do-colegio-santa-maria-no-recife\/#primaryimage"},"thumbnailUrl":"https:\/\/www.ronaldocorreiadebrito.com.br\/site2\/wp-content\/uploads\/2020\/03\/alunos-do-recife-fazem-saudacao-nazista-06032020113448497.jpeg","articleSection":["Blog","Links","Slider"],"inLanguage":"pt-BR","potentialAction":[{"@type":"CommentAction","name":"Comment","target":["https:\/\/www.ronaldocorreiadebrito.com.br\/site2\/2020\/03\/os-adolescentes-nazistas-do-colegio-santa-maria-no-recife\/#respond"]}]},{"@type":"WebPage","@id":"https:\/\/www.ronaldocorreiadebrito.com.br\/site2\/2020\/03\/os-adolescentes-nazistas-do-colegio-santa-maria-no-recife\/","url":"https:\/\/www.ronaldocorreiadebrito.com.br\/site2\/2020\/03\/os-adolescentes-nazistas-do-colegio-santa-maria-no-recife\/","name":"Os adolescentes nazistas do Col\u00e9gio Santa Maria, no Recife | Ronaldo Correia de Brito | site oficial","isPartOf":{"@id":"https:\/\/www.ronaldocorreiadebrito.com.br\/site2\/#website"},"primaryImageOfPage":{"@id":"https:\/\/www.ronaldocorreiadebrito.com.br\/site2\/2020\/03\/os-adolescentes-nazistas-do-colegio-santa-maria-no-recife\/#primaryimage"},"image":{"@id":"https:\/\/www.ronaldocorreiadebrito.com.br\/site2\/2020\/03\/os-adolescentes-nazistas-do-colegio-santa-maria-no-recife\/#primaryimage"},"thumbnailUrl":"https:\/\/www.ronaldocorreiadebrito.com.br\/site2\/wp-content\/uploads\/2020\/03\/alunos-do-recife-fazem-saudacao-nazista-06032020113448497.jpeg","datePublished":"2020-03-07T18:48:21+00:00","dateModified":"2020-03-07T19:34:53+00:00","author":{"@id":"https:\/\/www.ronaldocorreiadebrito.com.br\/site2\/#\/schema\/person\/99a164d0eaaff7f78b11899bc7d5e7c9"},"breadcrumb":{"@id":"https:\/\/www.ronaldocorreiadebrito.com.br\/site2\/2020\/03\/os-adolescentes-nazistas-do-colegio-santa-maria-no-recife\/#breadcrumb"},"inLanguage":"pt-BR","potentialAction":[{"@type":"ReadAction","target":["https:\/\/www.ronaldocorreiadebrito.com.br\/site2\/2020\/03\/os-adolescentes-nazistas-do-colegio-santa-maria-no-recife\/"]}]},{"@type":"ImageObject","inLanguage":"pt-BR","@id":"https:\/\/www.ronaldocorreiadebrito.com.br\/site2\/2020\/03\/os-adolescentes-nazistas-do-colegio-santa-maria-no-recife\/#primaryimage","url":"https:\/\/www.ronaldocorreiadebrito.com.br\/site2\/wp-content\/uploads\/2020\/03\/alunos-do-recife-fazem-saudacao-nazista-06032020113448497.jpeg","contentUrl":"https:\/\/www.ronaldocorreiadebrito.com.br\/site2\/wp-content\/uploads\/2020\/03\/alunos-do-recife-fazem-saudacao-nazista-06032020113448497.jpeg","width":660,"height":360},{"@type":"BreadcrumbList","@id":"https:\/\/www.ronaldocorreiadebrito.com.br\/site2\/2020\/03\/os-adolescentes-nazistas-do-colegio-santa-maria-no-recife\/#breadcrumb","itemListElement":[{"@type":"ListItem","position":1,"name":"In\u00edcio","item":"https:\/\/www.ronaldocorreiadebrito.com.br\/site2\/"},{"@type":"ListItem","position":2,"name":"Os adolescentes nazistas do Col\u00e9gio Santa Maria, no Recife"}]},{"@type":"WebSite","@id":"https:\/\/www.ronaldocorreiadebrito.com.br\/site2\/#website","url":"https:\/\/www.ronaldocorreiadebrito.com.br\/site2\/","name":"Ronaldo Correia de Brito | site oficial","description":"Site oficial do escritor Ronaldo Correia de Brito","potentialAction":[{"@type":"SearchAction","target":{"@type":"EntryPoint","urlTemplate":"https:\/\/www.ronaldocorreiadebrito.com.br\/site2\/?s={search_term_string}"},"query-input":{"@type":"PropertyValueSpecification","valueRequired":true,"valueName":"search_term_string"}}],"inLanguage":"pt-BR"},{"@type":"Person","@id":"https:\/\/www.ronaldocorreiadebrito.com.br\/site2\/#\/schema\/person\/99a164d0eaaff7f78b11899bc7d5e7c9","name":"admin","url":"https:\/\/www.ronaldocorreiadebrito.com.br\/site2\/author\/admin\/"}]}},"wps_subtitle":"","_links":{"self":[{"href":"https:\/\/www.ronaldocorreiadebrito.com.br\/site2\/wp-json\/wp\/v2\/posts\/1211","targetHints":{"allow":["GET"]}}],"collection":[{"href":"https:\/\/www.ronaldocorreiadebrito.com.br\/site2\/wp-json\/wp\/v2\/posts"}],"about":[{"href":"https:\/\/www.ronaldocorreiadebrito.com.br\/site2\/wp-json\/wp\/v2\/types\/post"}],"author":[{"embeddable":true,"href":"https:\/\/www.ronaldocorreiadebrito.com.br\/site2\/wp-json\/wp\/v2\/users\/1"}],"replies":[{"embeddable":true,"href":"https:\/\/www.ronaldocorreiadebrito.com.br\/site2\/wp-json\/wp\/v2\/comments?post=1211"}],"version-history":[{"count":0,"href":"https:\/\/www.ronaldocorreiadebrito.com.br\/site2\/wp-json\/wp\/v2\/posts\/1211\/revisions"}],"wp:featuredmedia":[{"embeddable":true,"href":"https:\/\/www.ronaldocorreiadebrito.com.br\/site2\/wp-json\/wp\/v2\/media\/1212"}],"wp:attachment":[{"href":"https:\/\/www.ronaldocorreiadebrito.com.br\/site2\/wp-json\/wp\/v2\/media?parent=1211"}],"wp:term":[{"taxonomy":"category","embeddable":true,"href":"https:\/\/www.ronaldocorreiadebrito.com.br\/site2\/wp-json\/wp\/v2\/categories?post=1211"},{"taxonomy":"post_tag","embeddable":true,"href":"https:\/\/www.ronaldocorreiadebrito.com.br\/site2\/wp-json\/wp\/v2\/tags?post=1211"}],"curies":[{"name":"wp","href":"https:\/\/api.w.org\/{rel}","templated":true}]}}