{"id":1199,"date":"2020-01-28T11:44:07","date_gmt":"2020-01-28T14:44:07","guid":{"rendered":"http:\/\/www.ronaldocorreiadebrito.com.br\/site2\/?p=1199"},"modified":"2020-01-28T11:44:07","modified_gmt":"2020-01-28T14:44:07","slug":"linhas-de-forca-2","status":"publish","type":"post","link":"https:\/\/www.ronaldocorreiadebrito.com.br\/site2\/2020\/01\/linhas-de-forca-2\/","title":{"rendered":"Linhas de for\u00e7a"},"content":{"rendered":"<p>Amigas, amigos, segue uma chamada para o Carnaval. Nada de corpo mole, se avexe porque na Mata Norte os maracatus rurais j\u00e1 est\u00e3o fazendo as sambadas.<\/p>\n<p>&nbsp;<\/p>\n<p>O rapaz amarra o len\u00e7o colorido na cabe\u00e7a, aperta os n\u00f3s sob o queixo, e involuntariamente olha para frente como se procurasse a ajuda de um espelho. Ficou bem, digo para mim mesmo, firme na posi\u00e7\u00e3o de observador sem c\u00e2mera fotogr\u00e1fica, um\u00a0<i>voyeur<\/i>\u00a0carnavalesco, que n\u00e3o brinca, s\u00f3 contempla. Est\u00e1 bonito, apesar dos olhos congestos pela cacha\u00e7a, e dos dentes estragados, alguns faltando. A camisa aberta revela que ele n\u00e3o aderiu ao gosto dos mais jovens, depilar o peito e o abdome. Tamb\u00e9m n\u00e3o aparou as sobrancelhas e o corte do cabelo pintado de louro \u00e9 tradicional.<\/p>\n<p>A caboclada se veste no meio da rua, os passantes reparando curiosos. Brincam entre eles, soltam pilh\u00e9rias, tentam descontrair. Chegaram em dois \u00f4nibus velhos e desconfort\u00e1veis, sem refrigera\u00e7\u00e3o, comprimidos em meio aos adere\u00e7os pesados. A maioria saiu de casa envergando a indument\u00e1ria de baixo: o ceroul\u00e3o, a cal\u00e7a de franjas, presa aos joelhos por el\u00e1sticos, a blusa estampada de mangas longas. No passado, segundo a lenda, teriam bebido algumas talagadas de aguardente com p\u00f3lvora, ou a jurema. Um pequeno espelho corre entre as m\u00e3os calosas pelo manuseio da foice, no corte de cana. Retocam a pintura vermelha do rosto com batom, pois j\u00e1 n\u00e3o se usa o preparo de urucum.<\/p>\n<p>Ajudam-se na hora de colocar o surr\u00e3o, forrado com pelo sint\u00e9tico no lugar da l\u00e3 de carneiro, e com um n\u00famero \u00edmpar de chocalhos, para n\u00e3o atrair azar. Depois vestem a gola, bordada de lantejoulas, mi\u00e7angas e vidrilhos, um fetiche que se reborda todos os anos e se oculta como segredo de caboclo. Por fim, o chap\u00e9u confeccionado com milhares de fitinhas de celofane, os \u00f3culos escuros e o cravo branco mastigado entre os dentes.<\/p>\n<p>Antes que o rapaz apanhe a lan\u00e7a e saia para o desfile, eu me aproximo dele. O cortador de cana da Zona da Mata Norte de Pernambuco, indiv\u00edduo comum, an\u00f4nimo, calejado no conv\u00edvio com a pobreza e a viol\u00eancia, se transformara numa entidade, diante dos meus olhos. Quem \u00e9 esse? Chego perto, ousadamente afasto a cortina de celofane que recobre seu rosto e falo da minha surpresa e deslumbramento com o que acabo de testemunhar. Ele n\u00e3o compreende o que eu digo, me encara com surpresa e se afasta agitando os chocalhos do surr\u00e3o.<\/p>\n<p>S\u00e3o numerosos os maracatus com brincantes de todas as idades. Renovam-se atrav\u00e9s dos jovens e das crian\u00e7as, que incorporam ao brinquedo seus cabelos de cortes extravagantes, pintados de rosa, azul, verde, amarelo, e dourado, um jeito diferente de falar e as novas jingas do corpo.<\/p>\n<p>Em 1938, M\u00e1rio de Andrade enviou uma equipe a Pernambuco e \u00e0 Para\u00edba para registrar cantos, dan\u00e7as e rituais que ele considerava em extin\u00e7\u00e3o. Quase 80 anos depois percebemos o quanto caboclinhos e maracatus se multiplicaram, provando a capacidade de resist\u00eancia e transforma\u00e7\u00e3o das culturas populares, embora continuem convivendo com as mesmas amea\u00e7as identificadas pelo escritor: o preconceito, as interven\u00e7\u00f5es do poder p\u00fablico e a persegui\u00e7\u00e3o contra religi\u00f5es de origem ind\u00edgena e africana. Entre os pernambucanos, observou-se que o v\u00ednculo dos maracatus e caboclinhos com o culto aos orix\u00e1s e \u00e0 jurema serviu para fortalecer essas culturas, pois lhe conferem um car\u00e1ter n\u00e3o apenas de brincadeira, mas tamb\u00e9m de sagrado. \u00c9 comum que os maracatus na\u00e7\u00e3o tenham como sede as casas de santo, e seus reis e rainhas sejam babalorix\u00e1s e ialorix\u00e1s.<\/p>\n<p>No ano em que fa\u00e7o minhas anota\u00e7\u00f5es, sentimos a aus\u00eancia das tradicionais na\u00e7\u00f5es Le\u00e3o Coroado, Indiano e Elefante. Percebemos crescer a for\u00e7a feminina nos batuques, a consci\u00eancia e o orgulho de ser negro, a afirma\u00e7\u00e3o da l\u00edngua africana, antes camuflada na l\u00edngua dos brancos. Antigamente, a religi\u00e3o cat\u00f3lica e o Estado demonizavam os rituais afros. Os evang\u00e9licos, pentecostais e parapentecostais assumiram o lugar de perseguidores, doutrinadores e aliciadores, o que representa amea\u00e7a mais preocupante do que foi percebida por M\u00e1rio de Andrade, em 1938.<\/p>\n<p>A guerra foi declarada. Os pregadores da \u201cPalavra\u201d n\u00e3o toleram camuflagens nem sincretismos. Monote\u00edstas radicais, sem cultuarem divindades femininas, a Universal do Reino de Deus, Assembleia de Deus, Testemunhas de Jeov\u00e1, Quadrangular, Deus \u00e9 Amor, Nova Vida, e mais uma centena de outras, empunham a B\u00edblia, vociferam e agridem os praticantes de outras religi\u00f5es, incendeiam casas de santo.<\/p>\n<p>A prefeitura do Recife homenageou maracatus e caboclinhos, o batuque negro, o toque perr\u00e9 dos \u00edndios e um clube tradicional, o P\u00e3o Duro.\u00a0 As agremia\u00e7\u00f5es carnavalescas formadas por trabalhadores urbanos, carvoeiros, varredores, lavadeiras, feirantes, caixeiros, lenhadores, espanadores, ferreiros, engomadeiras e at\u00e9 parteiras, as chamadas corpora\u00e7\u00f5es de of\u00edcio, mostram sinais de decad\u00eancia. No vaiv\u00e9m desses clubes e tro\u00e7as, seguidos por vadios, moleques de rua e capoeiras, acompanhando bandas de m\u00fasica ou orquestras de metais, nasceram o frevo e o passo pernambucano.<\/p>\n<p>As corpora\u00e7\u00f5es enfraqueceram ou deixaram de existir, minguaram suas orquestras. Surgiram outros cortejos no seu lugar, talvez menos populares, sem afinidades corporativas. Alguns s\u00e3o cria\u00e7\u00f5es de produtores culturais, com o olho no mercado e no lucro. Muda a fei\u00e7\u00e3o do carnaval. V\u00ednculos se desfazem, como o de clubes com trabalhadores. Outras afinidades se fortalecem, como as dos maracatus e caboclinhos com os cultos afro-amer\u00edndios. \u00c9 a din\u00e2mica da cultura. N\u00e3o se sabe quem ganha ou quem perde.<\/p>\n<p>A classe m\u00e9dia e os ricos continuar\u00e3o brincando o carnaval\u00a0<i>apartheid<\/i>, em camarotes climatizados, onde se bebe u\u00edsque 8 anos e olha-se os populares de cima. Era assim nas igrejas cat\u00f3licas, os negros assistiam \u00e0 missa do lado de fora. A mesti\u00e7agem de que fala Gilberto Freyre \u00e9 real, basta conferir nas ruas do Brasil. Os brancos privilegiados e apartados tamb\u00e9m s\u00e3o reais e prosaicos. N\u00e3o se vestem com o aparato divino de um caboclo de lan\u00e7a.<\/p>\n","protected":false},"excerpt":{"rendered":"<p>Amigas, amigos, segue uma chamada para o Carnaval. Nada de corpo mole, se avexe porque na Mata Norte os maracatus rurais j\u00e1 est\u00e3o fazendo as sambadas. &nbsp; O rapaz amarra o len\u00e7o colorido na cabe\u00e7a, aperta os n\u00f3s sob o queixo, e involuntariamente olha para&#8230;<\/p>\n","protected":false},"author":1,"featured_media":1200,"comment_status":"open","ping_status":"closed","sticky":false,"template":"","format":"standard","meta":{"sfsi_plus_gutenberg_text_before_share":"","sfsi_plus_gutenberg_show_text_before_share":"","sfsi_plus_gutenberg_icon_type":"","sfsi_plus_gutenberg_icon_alignemt":"","sfsi_plus_gutenburg_max_per_row":"","footnotes":""},"categories":[8,46,45],"tags":[],"class_list":["post-1199","post","type-post","status-publish","format-standard","has-post-thumbnail","hentry","category-blog","category-links","category-slider"],"yoast_head":"<!-- This site is optimized with the Yoast SEO plugin v27.4 - https:\/\/yoast.com\/product\/yoast-seo-wordpress\/ -->\n<title>Linhas de for\u00e7a | Ronaldo Correia de Brito | site oficial<\/title>\n<meta name=\"robots\" content=\"index, follow, max-snippet:-1, max-image-preview:large, max-video-preview:-1\" \/>\n<link rel=\"canonical\" href=\"https:\/\/www.ronaldocorreiadebrito.com.br\/site2\/2020\/01\/linhas-de-forca-2\/\" \/>\n<meta property=\"og:locale\" content=\"pt_BR\" \/>\n<meta property=\"og:type\" content=\"article\" \/>\n<meta property=\"og:title\" content=\"Linhas de for\u00e7a | Ronaldo Correia de Brito | site oficial\" \/>\n<meta property=\"og:description\" content=\"Amigas, amigos, segue uma chamada para o Carnaval. Nada de corpo mole, se avexe porque na Mata Norte os maracatus rurais j\u00e1 est\u00e3o fazendo as sambadas. &nbsp; O rapaz amarra o len\u00e7o colorido na cabe\u00e7a, aperta os n\u00f3s sob o queixo, e involuntariamente olha para...\" \/>\n<meta property=\"og:url\" content=\"https:\/\/www.ronaldocorreiadebrito.com.br\/site2\/2020\/01\/linhas-de-forca-2\/\" \/>\n<meta property=\"og:site_name\" content=\"Ronaldo Correia de Brito | site oficial\" \/>\n<meta property=\"article:publisher\" content=\"https:\/\/www.facebook.com\/ronaldocorreiadebrito.oficial\" \/>\n<meta property=\"article:published_time\" content=\"2020-01-28T14:44:07+00:00\" \/>\n<meta property=\"og:image\" content=\"https:\/\/www.ronaldocorreiadebrito.com.br\/site2\/wp-content\/uploads\/2020\/01\/111.jpg\" \/>\n\t<meta property=\"og:image:width\" content=\"640\" \/>\n\t<meta property=\"og:image:height\" content=\"427\" \/>\n\t<meta property=\"og:image:type\" content=\"image\/jpeg\" \/>\n<meta name=\"author\" content=\"admin\" \/>\n<meta name=\"twitter:card\" content=\"summary_large_image\" \/>\n<meta name=\"twitter:label1\" content=\"Escrito por\" \/>\n\t<meta name=\"twitter:data1\" content=\"admin\" \/>\n\t<meta name=\"twitter:label2\" content=\"Est. tempo de leitura\" \/>\n\t<meta name=\"twitter:data2\" content=\"5 minutos\" \/>\n<script type=\"application\/ld+json\" class=\"yoast-schema-graph\">{\"@context\":\"https:\\\/\\\/schema.org\",\"@graph\":[{\"@type\":\"Article\",\"@id\":\"https:\\\/\\\/www.ronaldocorreiadebrito.com.br\\\/site2\\\/2020\\\/01\\\/linhas-de-forca-2\\\/#article\",\"isPartOf\":{\"@id\":\"https:\\\/\\\/www.ronaldocorreiadebrito.com.br\\\/site2\\\/2020\\\/01\\\/linhas-de-forca-2\\\/\"},\"author\":{\"name\":\"admin\",\"@id\":\"https:\\\/\\\/www.ronaldocorreiadebrito.com.br\\\/site2\\\/#\\\/schema\\\/person\\\/99a164d0eaaff7f78b11899bc7d5e7c9\"},\"headline\":\"Linhas de for\u00e7a\",\"datePublished\":\"2020-01-28T14:44:07+00:00\",\"mainEntityOfPage\":{\"@id\":\"https:\\\/\\\/www.ronaldocorreiadebrito.com.br\\\/site2\\\/2020\\\/01\\\/linhas-de-forca-2\\\/\"},\"wordCount\":1050,\"commentCount\":0,\"image\":{\"@id\":\"https:\\\/\\\/www.ronaldocorreiadebrito.com.br\\\/site2\\\/2020\\\/01\\\/linhas-de-forca-2\\\/#primaryimage\"},\"thumbnailUrl\":\"https:\\\/\\\/www.ronaldocorreiadebrito.com.br\\\/site2\\\/wp-content\\\/uploads\\\/2020\\\/01\\\/111.jpg\",\"articleSection\":[\"Blog\",\"Links\",\"Slider\"],\"inLanguage\":\"pt-BR\",\"potentialAction\":[{\"@type\":\"CommentAction\",\"name\":\"Comment\",\"target\":[\"https:\\\/\\\/www.ronaldocorreiadebrito.com.br\\\/site2\\\/2020\\\/01\\\/linhas-de-forca-2\\\/#respond\"]}]},{\"@type\":\"WebPage\",\"@id\":\"https:\\\/\\\/www.ronaldocorreiadebrito.com.br\\\/site2\\\/2020\\\/01\\\/linhas-de-forca-2\\\/\",\"url\":\"https:\\\/\\\/www.ronaldocorreiadebrito.com.br\\\/site2\\\/2020\\\/01\\\/linhas-de-forca-2\\\/\",\"name\":\"Linhas de for\u00e7a | Ronaldo Correia de Brito | site oficial\",\"isPartOf\":{\"@id\":\"https:\\\/\\\/www.ronaldocorreiadebrito.com.br\\\/site2\\\/#website\"},\"primaryImageOfPage\":{\"@id\":\"https:\\\/\\\/www.ronaldocorreiadebrito.com.br\\\/site2\\\/2020\\\/01\\\/linhas-de-forca-2\\\/#primaryimage\"},\"image\":{\"@id\":\"https:\\\/\\\/www.ronaldocorreiadebrito.com.br\\\/site2\\\/2020\\\/01\\\/linhas-de-forca-2\\\/#primaryimage\"},\"thumbnailUrl\":\"https:\\\/\\\/www.ronaldocorreiadebrito.com.br\\\/site2\\\/wp-content\\\/uploads\\\/2020\\\/01\\\/111.jpg\",\"datePublished\":\"2020-01-28T14:44:07+00:00\",\"author\":{\"@id\":\"https:\\\/\\\/www.ronaldocorreiadebrito.com.br\\\/site2\\\/#\\\/schema\\\/person\\\/99a164d0eaaff7f78b11899bc7d5e7c9\"},\"breadcrumb\":{\"@id\":\"https:\\\/\\\/www.ronaldocorreiadebrito.com.br\\\/site2\\\/2020\\\/01\\\/linhas-de-forca-2\\\/#breadcrumb\"},\"inLanguage\":\"pt-BR\",\"potentialAction\":[{\"@type\":\"ReadAction\",\"target\":[\"https:\\\/\\\/www.ronaldocorreiadebrito.com.br\\\/site2\\\/2020\\\/01\\\/linhas-de-forca-2\\\/\"]}]},{\"@type\":\"ImageObject\",\"inLanguage\":\"pt-BR\",\"@id\":\"https:\\\/\\\/www.ronaldocorreiadebrito.com.br\\\/site2\\\/2020\\\/01\\\/linhas-de-forca-2\\\/#primaryimage\",\"url\":\"https:\\\/\\\/www.ronaldocorreiadebrito.com.br\\\/site2\\\/wp-content\\\/uploads\\\/2020\\\/01\\\/111.jpg\",\"contentUrl\":\"https:\\\/\\\/www.ronaldocorreiadebrito.com.br\\\/site2\\\/wp-content\\\/uploads\\\/2020\\\/01\\\/111.jpg\",\"width\":640,\"height\":427},{\"@type\":\"BreadcrumbList\",\"@id\":\"https:\\\/\\\/www.ronaldocorreiadebrito.com.br\\\/site2\\\/2020\\\/01\\\/linhas-de-forca-2\\\/#breadcrumb\",\"itemListElement\":[{\"@type\":\"ListItem\",\"position\":1,\"name\":\"In\u00edcio\",\"item\":\"https:\\\/\\\/www.ronaldocorreiadebrito.com.br\\\/site2\\\/\"},{\"@type\":\"ListItem\",\"position\":2,\"name\":\"Linhas de for\u00e7a\"}]},{\"@type\":\"WebSite\",\"@id\":\"https:\\\/\\\/www.ronaldocorreiadebrito.com.br\\\/site2\\\/#website\",\"url\":\"https:\\\/\\\/www.ronaldocorreiadebrito.com.br\\\/site2\\\/\",\"name\":\"Ronaldo Correia de Brito | site oficial\",\"description\":\"Site oficial do escritor Ronaldo Correia de Brito\",\"potentialAction\":[{\"@type\":\"SearchAction\",\"target\":{\"@type\":\"EntryPoint\",\"urlTemplate\":\"https:\\\/\\\/www.ronaldocorreiadebrito.com.br\\\/site2\\\/?s={search_term_string}\"},\"query-input\":{\"@type\":\"PropertyValueSpecification\",\"valueRequired\":true,\"valueName\":\"search_term_string\"}}],\"inLanguage\":\"pt-BR\"},{\"@type\":\"Person\",\"@id\":\"https:\\\/\\\/www.ronaldocorreiadebrito.com.br\\\/site2\\\/#\\\/schema\\\/person\\\/99a164d0eaaff7f78b11899bc7d5e7c9\",\"name\":\"admin\",\"url\":\"https:\\\/\\\/www.ronaldocorreiadebrito.com.br\\\/site2\\\/author\\\/admin\\\/\"}]}<\/script>\n<!-- \/ Yoast SEO plugin. -->","yoast_head_json":{"title":"Linhas de for\u00e7a | Ronaldo Correia de Brito | site oficial","robots":{"index":"index","follow":"follow","max-snippet":"max-snippet:-1","max-image-preview":"max-image-preview:large","max-video-preview":"max-video-preview:-1"},"canonical":"https:\/\/www.ronaldocorreiadebrito.com.br\/site2\/2020\/01\/linhas-de-forca-2\/","og_locale":"pt_BR","og_type":"article","og_title":"Linhas de for\u00e7a | Ronaldo Correia de Brito | site oficial","og_description":"Amigas, amigos, segue uma chamada para o Carnaval. Nada de corpo mole, se avexe porque na Mata Norte os maracatus rurais j\u00e1 est\u00e3o fazendo as sambadas. &nbsp; O rapaz amarra o len\u00e7o colorido na cabe\u00e7a, aperta os n\u00f3s sob o queixo, e involuntariamente olha para...","og_url":"https:\/\/www.ronaldocorreiadebrito.com.br\/site2\/2020\/01\/linhas-de-forca-2\/","og_site_name":"Ronaldo Correia de Brito | site oficial","article_publisher":"https:\/\/www.facebook.com\/ronaldocorreiadebrito.oficial","article_published_time":"2020-01-28T14:44:07+00:00","og_image":[{"width":640,"height":427,"url":"https:\/\/www.ronaldocorreiadebrito.com.br\/site2\/wp-content\/uploads\/2020\/01\/111.jpg","type":"image\/jpeg"}],"author":"admin","twitter_card":"summary_large_image","twitter_misc":{"Escrito por":"admin","Est. tempo de leitura":"5 minutos"},"schema":{"@context":"https:\/\/schema.org","@graph":[{"@type":"Article","@id":"https:\/\/www.ronaldocorreiadebrito.com.br\/site2\/2020\/01\/linhas-de-forca-2\/#article","isPartOf":{"@id":"https:\/\/www.ronaldocorreiadebrito.com.br\/site2\/2020\/01\/linhas-de-forca-2\/"},"author":{"name":"admin","@id":"https:\/\/www.ronaldocorreiadebrito.com.br\/site2\/#\/schema\/person\/99a164d0eaaff7f78b11899bc7d5e7c9"},"headline":"Linhas de for\u00e7a","datePublished":"2020-01-28T14:44:07+00:00","mainEntityOfPage":{"@id":"https:\/\/www.ronaldocorreiadebrito.com.br\/site2\/2020\/01\/linhas-de-forca-2\/"},"wordCount":1050,"commentCount":0,"image":{"@id":"https:\/\/www.ronaldocorreiadebrito.com.br\/site2\/2020\/01\/linhas-de-forca-2\/#primaryimage"},"thumbnailUrl":"https:\/\/www.ronaldocorreiadebrito.com.br\/site2\/wp-content\/uploads\/2020\/01\/111.jpg","articleSection":["Blog","Links","Slider"],"inLanguage":"pt-BR","potentialAction":[{"@type":"CommentAction","name":"Comment","target":["https:\/\/www.ronaldocorreiadebrito.com.br\/site2\/2020\/01\/linhas-de-forca-2\/#respond"]}]},{"@type":"WebPage","@id":"https:\/\/www.ronaldocorreiadebrito.com.br\/site2\/2020\/01\/linhas-de-forca-2\/","url":"https:\/\/www.ronaldocorreiadebrito.com.br\/site2\/2020\/01\/linhas-de-forca-2\/","name":"Linhas de for\u00e7a | Ronaldo Correia de Brito | site oficial","isPartOf":{"@id":"https:\/\/www.ronaldocorreiadebrito.com.br\/site2\/#website"},"primaryImageOfPage":{"@id":"https:\/\/www.ronaldocorreiadebrito.com.br\/site2\/2020\/01\/linhas-de-forca-2\/#primaryimage"},"image":{"@id":"https:\/\/www.ronaldocorreiadebrito.com.br\/site2\/2020\/01\/linhas-de-forca-2\/#primaryimage"},"thumbnailUrl":"https:\/\/www.ronaldocorreiadebrito.com.br\/site2\/wp-content\/uploads\/2020\/01\/111.jpg","datePublished":"2020-01-28T14:44:07+00:00","author":{"@id":"https:\/\/www.ronaldocorreiadebrito.com.br\/site2\/#\/schema\/person\/99a164d0eaaff7f78b11899bc7d5e7c9"},"breadcrumb":{"@id":"https:\/\/www.ronaldocorreiadebrito.com.br\/site2\/2020\/01\/linhas-de-forca-2\/#breadcrumb"},"inLanguage":"pt-BR","potentialAction":[{"@type":"ReadAction","target":["https:\/\/www.ronaldocorreiadebrito.com.br\/site2\/2020\/01\/linhas-de-forca-2\/"]}]},{"@type":"ImageObject","inLanguage":"pt-BR","@id":"https:\/\/www.ronaldocorreiadebrito.com.br\/site2\/2020\/01\/linhas-de-forca-2\/#primaryimage","url":"https:\/\/www.ronaldocorreiadebrito.com.br\/site2\/wp-content\/uploads\/2020\/01\/111.jpg","contentUrl":"https:\/\/www.ronaldocorreiadebrito.com.br\/site2\/wp-content\/uploads\/2020\/01\/111.jpg","width":640,"height":427},{"@type":"BreadcrumbList","@id":"https:\/\/www.ronaldocorreiadebrito.com.br\/site2\/2020\/01\/linhas-de-forca-2\/#breadcrumb","itemListElement":[{"@type":"ListItem","position":1,"name":"In\u00edcio","item":"https:\/\/www.ronaldocorreiadebrito.com.br\/site2\/"},{"@type":"ListItem","position":2,"name":"Linhas de for\u00e7a"}]},{"@type":"WebSite","@id":"https:\/\/www.ronaldocorreiadebrito.com.br\/site2\/#website","url":"https:\/\/www.ronaldocorreiadebrito.com.br\/site2\/","name":"Ronaldo Correia de Brito | site oficial","description":"Site oficial do escritor Ronaldo Correia de Brito","potentialAction":[{"@type":"SearchAction","target":{"@type":"EntryPoint","urlTemplate":"https:\/\/www.ronaldocorreiadebrito.com.br\/site2\/?s={search_term_string}"},"query-input":{"@type":"PropertyValueSpecification","valueRequired":true,"valueName":"search_term_string"}}],"inLanguage":"pt-BR"},{"@type":"Person","@id":"https:\/\/www.ronaldocorreiadebrito.com.br\/site2\/#\/schema\/person\/99a164d0eaaff7f78b11899bc7d5e7c9","name":"admin","url":"https:\/\/www.ronaldocorreiadebrito.com.br\/site2\/author\/admin\/"}]}},"wps_subtitle":"","_links":{"self":[{"href":"https:\/\/www.ronaldocorreiadebrito.com.br\/site2\/wp-json\/wp\/v2\/posts\/1199","targetHints":{"allow":["GET"]}}],"collection":[{"href":"https:\/\/www.ronaldocorreiadebrito.com.br\/site2\/wp-json\/wp\/v2\/posts"}],"about":[{"href":"https:\/\/www.ronaldocorreiadebrito.com.br\/site2\/wp-json\/wp\/v2\/types\/post"}],"author":[{"embeddable":true,"href":"https:\/\/www.ronaldocorreiadebrito.com.br\/site2\/wp-json\/wp\/v2\/users\/1"}],"replies":[{"embeddable":true,"href":"https:\/\/www.ronaldocorreiadebrito.com.br\/site2\/wp-json\/wp\/v2\/comments?post=1199"}],"version-history":[{"count":0,"href":"https:\/\/www.ronaldocorreiadebrito.com.br\/site2\/wp-json\/wp\/v2\/posts\/1199\/revisions"}],"wp:featuredmedia":[{"embeddable":true,"href":"https:\/\/www.ronaldocorreiadebrito.com.br\/site2\/wp-json\/wp\/v2\/media\/1200"}],"wp:attachment":[{"href":"https:\/\/www.ronaldocorreiadebrito.com.br\/site2\/wp-json\/wp\/v2\/media?parent=1199"}],"wp:term":[{"taxonomy":"category","embeddable":true,"href":"https:\/\/www.ronaldocorreiadebrito.com.br\/site2\/wp-json\/wp\/v2\/categories?post=1199"},{"taxonomy":"post_tag","embeddable":true,"href":"https:\/\/www.ronaldocorreiadebrito.com.br\/site2\/wp-json\/wp\/v2\/tags?post=1199"}],"curies":[{"name":"wp","href":"https:\/\/api.w.org\/{rel}","templated":true}]}}