{"id":1196,"date":"2020-01-24T12:06:25","date_gmt":"2020-01-24T15:06:25","guid":{"rendered":"http:\/\/www.ronaldocorreiadebrito.com.br\/site2\/?p=1196"},"modified":"2020-01-24T12:07:03","modified_gmt":"2020-01-24T15:07:03","slug":"sobre-arte-de-torrar-cafe","status":"publish","type":"post","link":"https:\/\/www.ronaldocorreiadebrito.com.br\/site2\/2020\/01\/sobre-arte-de-torrar-cafe\/","title":{"rendered":"Sobre a arte de torrar caf\u00e9"},"content":{"rendered":"<h5 style=\"text-align: right;\"><em>&#8220;Janeiro \u00e9 o m\u00eas das alv\u00edssaras. Como ele ainda n\u00e3o terminou, aproveito para anunciar o meu novo livro, que ser\u00e1 lan\u00e7ado em abril. Leiam a apresenta\u00e7\u00e3o e fiquem sabendo do que o livro trata. Boa leitura e bom final de semana.&#8221;<\/em><\/h5>\n<p>&nbsp;<\/p>\n<p class=\"p1\"><span class=\"s1\">Na viagem ao lugar onde nasci, rumino perguntas e recebo uma \u00fanica resposta, a de que no sert\u00e3o ainda semeiam palavras, poucas, de prefer\u00eancia nas pedras. Anoto que o Recife tornou-se parecido com o Iraque e a S\u00edria bombardeados, se fragmenta como as tabuinhas de Gilgamesh. Encontro a \u00c1frica no quartier La Goutte D\u2019Or, em Paris, e tamb\u00e9m as transforma\u00e7\u00f5es do Velho Mundo. Em Buenos Aires, na Pra\u00e7a de Maio, imploro que me apontem o sul, o charco escuro e o homem acossado por milicos. Cego de beleza, recordo os versos de Rilke: pois que \u00e9 o Belo sen\u00e3o o grau do terr\u00edvel que ainda suportamos? Novamente no Recife, me assombro com tr\u00eas mulheres negras e velhas bebendo cacha\u00e7a numa casa em ru\u00ednas, no P\u00e1tio do Ter\u00e7o. <\/span><\/p>\n<p class=\"p1\"><span class=\"s1\">Espreito, olho, me aproximo, cheiro, sinto, me transtorno, sempre de caderno e l\u00e1pis na m\u00e3o, muitos cadernos, de v\u00e1rios tamanhos para tudo anotar e quase nada perder. M\u00e9todo antigo, encher pap\u00e9is com palavras e miragens. Importa que os rabiscos virem narrativas, nunca se sabe o alcance do que vivemos, no que se transformar\u00e1 uma simples frase. E que n\u00e3o se rompa o v\u00ednculo com a hist\u00f3ria, nem se deixe o relato partir, pois se isso acontecer, seremos projetados para fora do tempo. <\/span><\/p>\n<p class=\"p1\"><span class=\"s1\">Os 55 textos de <i>A arte de torrar caf\u00e9<\/i> n\u00e3o s\u00e3o apenas cr\u00f4nicas ou ensaios, resenhas ou contos curtos, embora pare\u00e7am tudo isso. Prefiro cham\u00e1-los apenas de narrativas, o que escrevi sem o intuito de fazer fic\u00e7\u00e3o. Nos dois primeiros livros, Faca e Livro dos homens, j\u00e1 assumira o gosto de narrar, numa escrita em que fosse poss\u00edvel reconhecer a linguagem no processo de tornar-se literatura. Depois do romance <i>Dora sem v\u00e9u<\/i>, selecionei um pouco do que havia publicado ao longo de 20 anos na revista Continente, na Terra Magazine \u2013 editada por Bob Fernandes \u2013, no jornal O Povo e no meu blog. Precisei da ajuda dos amigos Assis Lima e Cristhiano Aguiar, e da cuidadosa edi\u00e7\u00e3o de Marcelo Ferroni.<\/span><\/p>\n<p class=\"p1\"><span class=\"s1\">Procurei alcan\u00e7ar como Manuel Bandeira um \u201csentimento \u00edntimo do pa\u00eds\u201d e mesmo quando visito outras geografias \u00e9 no Brasil que estou e \u00e9 a partir dele que falo. Recife, Crato, Inhamuns, Cariri cearense, S\u00e3o Paulo, Porto Velho, o mundo, artistas, intelectuais e pessoas simples do povo me fazem pensar sobre a nossa experi\u00eancia social. Sobretudo agora, quando o arcabou\u00e7o dessa constru\u00e7\u00e3o de s\u00e9culos parece ruir.<\/span><\/p>\n","protected":false},"excerpt":{"rendered":"<p>&#8220;Janeiro \u00e9 o m\u00eas das alv\u00edssaras. Como ele ainda n\u00e3o terminou, aproveito para anunciar o meu novo livro, que ser\u00e1 lan\u00e7ado em abril. Leiam a apresenta\u00e7\u00e3o e fiquem sabendo do que o livro trata. Boa leitura e bom final de semana.&#8221; &nbsp; Na viagem ao&#8230;<\/p>\n","protected":false},"author":1,"featured_media":1198,"comment_status":"open","ping_status":"closed","sticky":false,"template":"","format":"standard","meta":{"sfsi_plus_gutenberg_text_before_share":"","sfsi_plus_gutenberg_show_text_before_share":"","sfsi_plus_gutenberg_icon_type":"","sfsi_plus_gutenberg_icon_alignemt":"","sfsi_plus_gutenburg_max_per_row":"","footnotes":""},"categories":[8,45],"tags":[111],"class_list":["post-1196","post","type-post","status-publish","format-standard","has-post-thumbnail","hentry","category-blog","category-slider","tag-cafe"],"yoast_head":"<!-- This site is optimized with the Yoast SEO plugin v27.4 - https:\/\/yoast.com\/product\/yoast-seo-wordpress\/ -->\n<title>Sobre a arte de torrar caf\u00e9 | Ronaldo Correia de Brito | site oficial<\/title>\n<meta name=\"robots\" content=\"index, follow, max-snippet:-1, max-image-preview:large, max-video-preview:-1\" \/>\n<link rel=\"canonical\" href=\"https:\/\/www.ronaldocorreiadebrito.com.br\/site2\/2020\/01\/sobre-arte-de-torrar-cafe\/\" \/>\n<meta property=\"og:locale\" content=\"pt_BR\" \/>\n<meta property=\"og:type\" content=\"article\" \/>\n<meta property=\"og:title\" content=\"Sobre a arte de torrar caf\u00e9 | Ronaldo Correia de Brito | site oficial\" \/>\n<meta property=\"og:description\" content=\"&#8220;Janeiro \u00e9 o m\u00eas das alv\u00edssaras. Como ele ainda n\u00e3o terminou, aproveito para anunciar o meu novo livro, que ser\u00e1 lan\u00e7ado em abril. Leiam a apresenta\u00e7\u00e3o e fiquem sabendo do que o livro trata. Boa leitura e bom final de semana.&#8221; &nbsp; Na viagem ao...\" \/>\n<meta property=\"og:url\" content=\"https:\/\/www.ronaldocorreiadebrito.com.br\/site2\/2020\/01\/sobre-arte-de-torrar-cafe\/\" \/>\n<meta property=\"og:site_name\" content=\"Ronaldo Correia de Brito | site oficial\" \/>\n<meta property=\"article:publisher\" content=\"https:\/\/www.facebook.com\/ronaldocorreiadebrito.oficial\" \/>\n<meta property=\"article:published_time\" content=\"2020-01-24T15:06:25+00:00\" \/>\n<meta property=\"article:modified_time\" content=\"2020-01-24T15:07:03+00:00\" \/>\n<meta property=\"og:image\" content=\"https:\/\/www.ronaldocorreiadebrito.com.br\/site2\/wp-content\/uploads\/2020\/01\/torra-cafe.jpg\" \/>\n\t<meta property=\"og:image:width\" content=\"1620\" \/>\n\t<meta property=\"og:image:height\" content=\"1080\" \/>\n\t<meta property=\"og:image:type\" content=\"image\/jpeg\" \/>\n<meta name=\"author\" content=\"admin\" \/>\n<meta name=\"twitter:card\" content=\"summary_large_image\" \/>\n<meta name=\"twitter:label1\" content=\"Escrito por\" \/>\n\t<meta name=\"twitter:data1\" content=\"admin\" \/>\n\t<meta name=\"twitter:label2\" content=\"Est. tempo de leitura\" \/>\n\t<meta name=\"twitter:data2\" content=\"2 minutos\" \/>\n<script type=\"application\/ld+json\" class=\"yoast-schema-graph\">{\"@context\":\"https:\\\/\\\/schema.org\",\"@graph\":[{\"@type\":\"Article\",\"@id\":\"https:\\\/\\\/www.ronaldocorreiadebrito.com.br\\\/site2\\\/2020\\\/01\\\/sobre-arte-de-torrar-cafe\\\/#article\",\"isPartOf\":{\"@id\":\"https:\\\/\\\/www.ronaldocorreiadebrito.com.br\\\/site2\\\/2020\\\/01\\\/sobre-arte-de-torrar-cafe\\\/\"},\"author\":{\"name\":\"admin\",\"@id\":\"https:\\\/\\\/www.ronaldocorreiadebrito.com.br\\\/site2\\\/#\\\/schema\\\/person\\\/99a164d0eaaff7f78b11899bc7d5e7c9\"},\"headline\":\"Sobre a arte de torrar caf\u00e9\",\"datePublished\":\"2020-01-24T15:06:25+00:00\",\"dateModified\":\"2020-01-24T15:07:03+00:00\",\"mainEntityOfPage\":{\"@id\":\"https:\\\/\\\/www.ronaldocorreiadebrito.com.br\\\/site2\\\/2020\\\/01\\\/sobre-arte-de-torrar-cafe\\\/\"},\"wordCount\":478,\"commentCount\":1,\"image\":{\"@id\":\"https:\\\/\\\/www.ronaldocorreiadebrito.com.br\\\/site2\\\/2020\\\/01\\\/sobre-arte-de-torrar-cafe\\\/#primaryimage\"},\"thumbnailUrl\":\"https:\\\/\\\/www.ronaldocorreiadebrito.com.br\\\/site2\\\/wp-content\\\/uploads\\\/2020\\\/01\\\/torra-cafe.jpg\",\"keywords\":[\"caf\u00e9\"],\"articleSection\":[\"Blog\",\"Slider\"],\"inLanguage\":\"pt-BR\",\"potentialAction\":[{\"@type\":\"CommentAction\",\"name\":\"Comment\",\"target\":[\"https:\\\/\\\/www.ronaldocorreiadebrito.com.br\\\/site2\\\/2020\\\/01\\\/sobre-arte-de-torrar-cafe\\\/#respond\"]}]},{\"@type\":\"WebPage\",\"@id\":\"https:\\\/\\\/www.ronaldocorreiadebrito.com.br\\\/site2\\\/2020\\\/01\\\/sobre-arte-de-torrar-cafe\\\/\",\"url\":\"https:\\\/\\\/www.ronaldocorreiadebrito.com.br\\\/site2\\\/2020\\\/01\\\/sobre-arte-de-torrar-cafe\\\/\",\"name\":\"Sobre a arte de torrar caf\u00e9 | Ronaldo Correia de Brito | site oficial\",\"isPartOf\":{\"@id\":\"https:\\\/\\\/www.ronaldocorreiadebrito.com.br\\\/site2\\\/#website\"},\"primaryImageOfPage\":{\"@id\":\"https:\\\/\\\/www.ronaldocorreiadebrito.com.br\\\/site2\\\/2020\\\/01\\\/sobre-arte-de-torrar-cafe\\\/#primaryimage\"},\"image\":{\"@id\":\"https:\\\/\\\/www.ronaldocorreiadebrito.com.br\\\/site2\\\/2020\\\/01\\\/sobre-arte-de-torrar-cafe\\\/#primaryimage\"},\"thumbnailUrl\":\"https:\\\/\\\/www.ronaldocorreiadebrito.com.br\\\/site2\\\/wp-content\\\/uploads\\\/2020\\\/01\\\/torra-cafe.jpg\",\"datePublished\":\"2020-01-24T15:06:25+00:00\",\"dateModified\":\"2020-01-24T15:07:03+00:00\",\"author\":{\"@id\":\"https:\\\/\\\/www.ronaldocorreiadebrito.com.br\\\/site2\\\/#\\\/schema\\\/person\\\/99a164d0eaaff7f78b11899bc7d5e7c9\"},\"breadcrumb\":{\"@id\":\"https:\\\/\\\/www.ronaldocorreiadebrito.com.br\\\/site2\\\/2020\\\/01\\\/sobre-arte-de-torrar-cafe\\\/#breadcrumb\"},\"inLanguage\":\"pt-BR\",\"potentialAction\":[{\"@type\":\"ReadAction\",\"target\":[\"https:\\\/\\\/www.ronaldocorreiadebrito.com.br\\\/site2\\\/2020\\\/01\\\/sobre-arte-de-torrar-cafe\\\/\"]}]},{\"@type\":\"ImageObject\",\"inLanguage\":\"pt-BR\",\"@id\":\"https:\\\/\\\/www.ronaldocorreiadebrito.com.br\\\/site2\\\/2020\\\/01\\\/sobre-arte-de-torrar-cafe\\\/#primaryimage\",\"url\":\"https:\\\/\\\/www.ronaldocorreiadebrito.com.br\\\/site2\\\/wp-content\\\/uploads\\\/2020\\\/01\\\/torra-cafe.jpg\",\"contentUrl\":\"https:\\\/\\\/www.ronaldocorreiadebrito.com.br\\\/site2\\\/wp-content\\\/uploads\\\/2020\\\/01\\\/torra-cafe.jpg\",\"width\":1620,\"height\":1080},{\"@type\":\"BreadcrumbList\",\"@id\":\"https:\\\/\\\/www.ronaldocorreiadebrito.com.br\\\/site2\\\/2020\\\/01\\\/sobre-arte-de-torrar-cafe\\\/#breadcrumb\",\"itemListElement\":[{\"@type\":\"ListItem\",\"position\":1,\"name\":\"In\u00edcio\",\"item\":\"https:\\\/\\\/www.ronaldocorreiadebrito.com.br\\\/site2\\\/\"},{\"@type\":\"ListItem\",\"position\":2,\"name\":\"Sobre a arte de torrar caf\u00e9\"}]},{\"@type\":\"WebSite\",\"@id\":\"https:\\\/\\\/www.ronaldocorreiadebrito.com.br\\\/site2\\\/#website\",\"url\":\"https:\\\/\\\/www.ronaldocorreiadebrito.com.br\\\/site2\\\/\",\"name\":\"Ronaldo Correia de Brito | site oficial\",\"description\":\"Site oficial do escritor Ronaldo Correia de Brito\",\"potentialAction\":[{\"@type\":\"SearchAction\",\"target\":{\"@type\":\"EntryPoint\",\"urlTemplate\":\"https:\\\/\\\/www.ronaldocorreiadebrito.com.br\\\/site2\\\/?s={search_term_string}\"},\"query-input\":{\"@type\":\"PropertyValueSpecification\",\"valueRequired\":true,\"valueName\":\"search_term_string\"}}],\"inLanguage\":\"pt-BR\"},{\"@type\":\"Person\",\"@id\":\"https:\\\/\\\/www.ronaldocorreiadebrito.com.br\\\/site2\\\/#\\\/schema\\\/person\\\/99a164d0eaaff7f78b11899bc7d5e7c9\",\"name\":\"admin\",\"url\":\"https:\\\/\\\/www.ronaldocorreiadebrito.com.br\\\/site2\\\/author\\\/admin\\\/\"}]}<\/script>\n<!-- \/ Yoast SEO plugin. -->","yoast_head_json":{"title":"Sobre a arte de torrar caf\u00e9 | Ronaldo Correia de Brito | site oficial","robots":{"index":"index","follow":"follow","max-snippet":"max-snippet:-1","max-image-preview":"max-image-preview:large","max-video-preview":"max-video-preview:-1"},"canonical":"https:\/\/www.ronaldocorreiadebrito.com.br\/site2\/2020\/01\/sobre-arte-de-torrar-cafe\/","og_locale":"pt_BR","og_type":"article","og_title":"Sobre a arte de torrar caf\u00e9 | Ronaldo Correia de Brito | site oficial","og_description":"&#8220;Janeiro \u00e9 o m\u00eas das alv\u00edssaras. Como ele ainda n\u00e3o terminou, aproveito para anunciar o meu novo livro, que ser\u00e1 lan\u00e7ado em abril. Leiam a apresenta\u00e7\u00e3o e fiquem sabendo do que o livro trata. Boa leitura e bom final de semana.&#8221; &nbsp; Na viagem ao...","og_url":"https:\/\/www.ronaldocorreiadebrito.com.br\/site2\/2020\/01\/sobre-arte-de-torrar-cafe\/","og_site_name":"Ronaldo Correia de Brito | site oficial","article_publisher":"https:\/\/www.facebook.com\/ronaldocorreiadebrito.oficial","article_published_time":"2020-01-24T15:06:25+00:00","article_modified_time":"2020-01-24T15:07:03+00:00","og_image":[{"width":1620,"height":1080,"url":"https:\/\/www.ronaldocorreiadebrito.com.br\/site2\/wp-content\/uploads\/2020\/01\/torra-cafe.jpg","type":"image\/jpeg"}],"author":"admin","twitter_card":"summary_large_image","twitter_misc":{"Escrito por":"admin","Est. tempo de leitura":"2 minutos"},"schema":{"@context":"https:\/\/schema.org","@graph":[{"@type":"Article","@id":"https:\/\/www.ronaldocorreiadebrito.com.br\/site2\/2020\/01\/sobre-arte-de-torrar-cafe\/#article","isPartOf":{"@id":"https:\/\/www.ronaldocorreiadebrito.com.br\/site2\/2020\/01\/sobre-arte-de-torrar-cafe\/"},"author":{"name":"admin","@id":"https:\/\/www.ronaldocorreiadebrito.com.br\/site2\/#\/schema\/person\/99a164d0eaaff7f78b11899bc7d5e7c9"},"headline":"Sobre a arte de torrar caf\u00e9","datePublished":"2020-01-24T15:06:25+00:00","dateModified":"2020-01-24T15:07:03+00:00","mainEntityOfPage":{"@id":"https:\/\/www.ronaldocorreiadebrito.com.br\/site2\/2020\/01\/sobre-arte-de-torrar-cafe\/"},"wordCount":478,"commentCount":1,"image":{"@id":"https:\/\/www.ronaldocorreiadebrito.com.br\/site2\/2020\/01\/sobre-arte-de-torrar-cafe\/#primaryimage"},"thumbnailUrl":"https:\/\/www.ronaldocorreiadebrito.com.br\/site2\/wp-content\/uploads\/2020\/01\/torra-cafe.jpg","keywords":["caf\u00e9"],"articleSection":["Blog","Slider"],"inLanguage":"pt-BR","potentialAction":[{"@type":"CommentAction","name":"Comment","target":["https:\/\/www.ronaldocorreiadebrito.com.br\/site2\/2020\/01\/sobre-arte-de-torrar-cafe\/#respond"]}]},{"@type":"WebPage","@id":"https:\/\/www.ronaldocorreiadebrito.com.br\/site2\/2020\/01\/sobre-arte-de-torrar-cafe\/","url":"https:\/\/www.ronaldocorreiadebrito.com.br\/site2\/2020\/01\/sobre-arte-de-torrar-cafe\/","name":"Sobre a arte de torrar caf\u00e9 | Ronaldo Correia de Brito | site oficial","isPartOf":{"@id":"https:\/\/www.ronaldocorreiadebrito.com.br\/site2\/#website"},"primaryImageOfPage":{"@id":"https:\/\/www.ronaldocorreiadebrito.com.br\/site2\/2020\/01\/sobre-arte-de-torrar-cafe\/#primaryimage"},"image":{"@id":"https:\/\/www.ronaldocorreiadebrito.com.br\/site2\/2020\/01\/sobre-arte-de-torrar-cafe\/#primaryimage"},"thumbnailUrl":"https:\/\/www.ronaldocorreiadebrito.com.br\/site2\/wp-content\/uploads\/2020\/01\/torra-cafe.jpg","datePublished":"2020-01-24T15:06:25+00:00","dateModified":"2020-01-24T15:07:03+00:00","author":{"@id":"https:\/\/www.ronaldocorreiadebrito.com.br\/site2\/#\/schema\/person\/99a164d0eaaff7f78b11899bc7d5e7c9"},"breadcrumb":{"@id":"https:\/\/www.ronaldocorreiadebrito.com.br\/site2\/2020\/01\/sobre-arte-de-torrar-cafe\/#breadcrumb"},"inLanguage":"pt-BR","potentialAction":[{"@type":"ReadAction","target":["https:\/\/www.ronaldocorreiadebrito.com.br\/site2\/2020\/01\/sobre-arte-de-torrar-cafe\/"]}]},{"@type":"ImageObject","inLanguage":"pt-BR","@id":"https:\/\/www.ronaldocorreiadebrito.com.br\/site2\/2020\/01\/sobre-arte-de-torrar-cafe\/#primaryimage","url":"https:\/\/www.ronaldocorreiadebrito.com.br\/site2\/wp-content\/uploads\/2020\/01\/torra-cafe.jpg","contentUrl":"https:\/\/www.ronaldocorreiadebrito.com.br\/site2\/wp-content\/uploads\/2020\/01\/torra-cafe.jpg","width":1620,"height":1080},{"@type":"BreadcrumbList","@id":"https:\/\/www.ronaldocorreiadebrito.com.br\/site2\/2020\/01\/sobre-arte-de-torrar-cafe\/#breadcrumb","itemListElement":[{"@type":"ListItem","position":1,"name":"In\u00edcio","item":"https:\/\/www.ronaldocorreiadebrito.com.br\/site2\/"},{"@type":"ListItem","position":2,"name":"Sobre a arte de torrar caf\u00e9"}]},{"@type":"WebSite","@id":"https:\/\/www.ronaldocorreiadebrito.com.br\/site2\/#website","url":"https:\/\/www.ronaldocorreiadebrito.com.br\/site2\/","name":"Ronaldo Correia de Brito | site oficial","description":"Site oficial do escritor Ronaldo Correia de Brito","potentialAction":[{"@type":"SearchAction","target":{"@type":"EntryPoint","urlTemplate":"https:\/\/www.ronaldocorreiadebrito.com.br\/site2\/?s={search_term_string}"},"query-input":{"@type":"PropertyValueSpecification","valueRequired":true,"valueName":"search_term_string"}}],"inLanguage":"pt-BR"},{"@type":"Person","@id":"https:\/\/www.ronaldocorreiadebrito.com.br\/site2\/#\/schema\/person\/99a164d0eaaff7f78b11899bc7d5e7c9","name":"admin","url":"https:\/\/www.ronaldocorreiadebrito.com.br\/site2\/author\/admin\/"}]}},"wps_subtitle":"","_links":{"self":[{"href":"https:\/\/www.ronaldocorreiadebrito.com.br\/site2\/wp-json\/wp\/v2\/posts\/1196","targetHints":{"allow":["GET"]}}],"collection":[{"href":"https:\/\/www.ronaldocorreiadebrito.com.br\/site2\/wp-json\/wp\/v2\/posts"}],"about":[{"href":"https:\/\/www.ronaldocorreiadebrito.com.br\/site2\/wp-json\/wp\/v2\/types\/post"}],"author":[{"embeddable":true,"href":"https:\/\/www.ronaldocorreiadebrito.com.br\/site2\/wp-json\/wp\/v2\/users\/1"}],"replies":[{"embeddable":true,"href":"https:\/\/www.ronaldocorreiadebrito.com.br\/site2\/wp-json\/wp\/v2\/comments?post=1196"}],"version-history":[{"count":0,"href":"https:\/\/www.ronaldocorreiadebrito.com.br\/site2\/wp-json\/wp\/v2\/posts\/1196\/revisions"}],"wp:featuredmedia":[{"embeddable":true,"href":"https:\/\/www.ronaldocorreiadebrito.com.br\/site2\/wp-json\/wp\/v2\/media\/1198"}],"wp:attachment":[{"href":"https:\/\/www.ronaldocorreiadebrito.com.br\/site2\/wp-json\/wp\/v2\/media?parent=1196"}],"wp:term":[{"taxonomy":"category","embeddable":true,"href":"https:\/\/www.ronaldocorreiadebrito.com.br\/site2\/wp-json\/wp\/v2\/categories?post=1196"},{"taxonomy":"post_tag","embeddable":true,"href":"https:\/\/www.ronaldocorreiadebrito.com.br\/site2\/wp-json\/wp\/v2\/tags?post=1196"}],"curies":[{"name":"wp","href":"https:\/\/api.w.org\/{rel}","templated":true}]}}