{"id":1177,"date":"2019-09-18T12:21:35","date_gmt":"2019-09-18T15:21:35","guid":{"rendered":"http:\/\/www.ronaldocorreiadebrito.com.br\/site2\/?p=1177"},"modified":"2019-09-18T12:21:35","modified_gmt":"2019-09-18T15:21:35","slug":"assassinaram-o-autor-teatro-poesia-anedota","status":"publish","type":"post","link":"https:\/\/www.ronaldocorreiadebrito.com.br\/site2\/2019\/09\/assassinaram-o-autor-teatro-poesia-anedota\/","title":{"rendered":"Assassinaram o autor\u00a0(teatro, poesia, anedota)"},"content":{"rendered":"<p style=\"font-weight: 400;\">O que mais desagrada no teatro contempor\u00e2neo \u00e9 o descuido com o texto. Como existe um consenso de que os espet\u00e1culos devem ser curtos, porque ningu\u00e9m tem mais paci\u00eancia de ficar ouvindo os atores declamarem as falas, todo encenador se acha no direito de picotar as pe\u00e7as alheias, sem a menor piedade. Antunes Filho, um dos mais renomados diretores brasileiros, reduziu o Macbeth de Shakespeare a uma encena\u00e7\u00e3o de pouco mais de cinquenta minutos. O Romeu e Julieta do Grupo Galp\u00e3o, de Minas, foi reescrito por um dramaturgo, que eliminou parte da trama e dos personagens.\u00a0 Os resultados foram bons, nos dois casos, mas s\u00e3o exce\u00e7\u00f5es.<\/p>\n<p style=\"font-weight: 400;\">\u00a0\u00a0\u00a0\u00a0\u00a0\u00a0\u00a0\u00a0 Justificam o maltrato dizendo que o p\u00fablico acostumou-se com as cenas ligeiras da tev\u00ea e do cinema americano. Para a nova gera\u00e7\u00e3o prevalecem as imagens. Quem ainda se interessa por met\u00e1foras e poesia? O Racine dos versos alexandrinos, s\u00f3 adaptado. De prefer\u00eancia, em hai kai. O tempo \u00e9 da conversinha de bar, onde a m\u00fasica abafa as vozes e n\u00e3o se escuta o que o outro est\u00e1 dizendo. Cada um fica no seu papo isolado, falando para si mesmo. Ionesco percebeu esse solil\u00f3quio do homem moderno e as falas dos seus personagens nada mais s\u00e3o do que mon\u00f3logos absurdos. Que os diretores transformam em gritos, porque outra caracter\u00edstica dos espet\u00e1culos \u00e9 serem gritados, as vozes num diapas\u00e3o alt\u00edssimo, como se a plateia fosse surda. Os atores n\u00e3o modulam a voz, come\u00e7am o espet\u00e1culo numa altura e permanecem nela at\u00e9 o fim. O filme Gritos e Sussurros, de Bergman, se reduziria a Gritos, na vers\u00e3o teatral brasileira.<\/p>\n<p style=\"font-weight: 400;\">\u00a0\u00a0\u00a0\u00a0\u00a0\u00a0\u00a0\u00a0 Num festival famoso, o pr\u00eamio para melhor texto original n\u00e3o foi concedido porque n\u00e3o havia textos originais. Optou-se, com muita generosidade, em se conceder um est\u00edmulo \u00e0 dramaturgia, eufemismo usado para entregar o pr\u00eamio a um grupo que encenou uma lenda. No mesmo festival, um diretor resolveu desconstruir o poema Morte e Vida Severina, reescrevendo-o em prosa. Foi um desastre. Jo\u00e3o Cabral perdeu a for\u00e7a po\u00e9tica, em falas coloquiais e prosaicas sem nenhuma express\u00e3o dram\u00e1tica. Os conhecedores de Jo\u00e3o Cabral teriam d\u00favidas sobre o autor que estavam encenando, a n\u00e3o ser que tivessem lido o programa. E n\u00e3o adianta protestar. Os encenadores tripudiam sobre vivos e mortos.<\/p>\n<p style=\"font-weight: 400;\">\u00a0\u00a0\u00a0\u00a0\u00a0\u00a0\u00a0\u00a0 Reconhe\u00e7o que n\u00e3o \u00e9 f\u00e1cil assistir a um Hamlet na \u00edntegra, mesmo em v\u00eddeo, na montagem de Kenneth Branagh. N\u00e3o temos nada em comum com os cidad\u00e3os ingleses do passado, que se apinhavam no Globe Theatre, em Londres, para verem as trag\u00e9dias e com\u00e9dias de Shakespeare. Recebemos mais informa\u00e7\u00f5es em um \u00fanico dia do que um cidad\u00e3o ingl\u00eas do per\u00edodo elisabetano recebia em toda sua exist\u00eancia. Talvez decorra desse ritmo acelerado a nossa impaci\u00eancia, desconcentra\u00e7\u00e3o e \u00e2nsia por impress\u00f5es novas, sucessivas e r\u00e1pidas.<\/p>\n<p style=\"font-weight: 400;\">A escuta de um texto exige serenidade, o que perdemos h\u00e1 muito. Habituamo-nos a clipes que chegam a ter sessenta imagens diferentes em um \u00fanico minuto. Como desejar uma plateia silenciosa e atenta, com ouvido de psicanalista, se nos condicionaram \u00e0 desaten\u00e7\u00e3o e perdemos o dom da escuta. Na Gr\u00e9cia Cl\u00e1ssica, os festivais de teatro chamavam-se concursos po\u00e9ticos. Interessava mais ouvir a poesia declamada do que ver a encena\u00e7\u00e3o.<\/p>\n<p style=\"font-weight: 400;\">Esse gosto pela poesia tem uma hist\u00f3ria famosa que hoje parecer\u00e1 anedota. Ludovico Ariosto, poeta italiano do s\u00e9culo XVI, que escreveu o Orlando Furioso em estrofes de oitavas, caiu em desgra\u00e7a junto ao seu mecenas. Como castigo, recebeu o governo de uma prov\u00edncia, a Garfanhana, regi\u00e3o retirada e perigosa, infestada de bandoleiros criminosos, que a tinham transformado em quartel-general do crime. Segundo Pedro Garcez Ghirardi, j\u00e1 quase \u00e0 entrada da prov\u00edncia, ao percorrer a estrada solit\u00e1ria que para l\u00e1 conduzia, o novo governador foi atacado por um bando de salteadores. Mas, ao obriga-lo a entregar tudo o que levava, perceberam que ele tinha consigo o Orlando Furioso. Perguntaram-lhe ent\u00e3o, se conhecia o autor daquela obra. Ao saberem que estavam diante do poeta, os bandoleiros n\u00e3o s\u00f3 lhe devolveram tudo, como o deixaram seguir entre aclama\u00e7\u00f5es, enquanto recitavam epis\u00f3dios do poema.<\/p>\n<p style=\"font-weight: 400;\">Ser\u00e1 que os bandidos da favela da Rocinha, no Rio de Janeiro, tratariam Jo\u00e3o Cabral melhor do que os seus encenadores? N\u00e3o sei responder. Mas com certeza a poesia j\u00e1 n\u00e3o goza o mesmo prest\u00edgio e respeito que na Renascen\u00e7a. Nem entre os bandidos.<\/p>\n","protected":false},"excerpt":{"rendered":"<p>O que mais desagrada no teatro contempor\u00e2neo \u00e9 o descuido com o texto. Como existe um consenso de que os espet\u00e1culos devem ser curtos, porque ningu\u00e9m tem mais paci\u00eancia de ficar ouvindo os atores declamarem as falas, todo encenador se acha no direito de picotar&#8230;<\/p>\n","protected":false},"author":1,"featured_media":1178,"comment_status":"open","ping_status":"closed","sticky":false,"template":"","format":"standard","meta":{"sfsi_plus_gutenberg_text_before_share":"","sfsi_plus_gutenberg_show_text_before_share":"","sfsi_plus_gutenberg_icon_type":"","sfsi_plus_gutenberg_icon_alignemt":"","sfsi_plus_gutenburg_max_per_row":"","footnotes":""},"categories":[8,46,45],"tags":[],"class_list":["post-1177","post","type-post","status-publish","format-standard","has-post-thumbnail","hentry","category-blog","category-links","category-slider"],"yoast_head":"<!-- This site is optimized with the Yoast SEO plugin v27.4 - https:\/\/yoast.com\/product\/yoast-seo-wordpress\/ -->\n<title>Assassinaram o autor\u00a0(teatro, poesia, anedota) | Ronaldo Correia de Brito | site oficial<\/title>\n<meta name=\"robots\" content=\"index, follow, max-snippet:-1, max-image-preview:large, max-video-preview:-1\" \/>\n<link rel=\"canonical\" href=\"https:\/\/www.ronaldocorreiadebrito.com.br\/site2\/2019\/09\/assassinaram-o-autor-teatro-poesia-anedota\/\" \/>\n<meta property=\"og:locale\" content=\"pt_BR\" \/>\n<meta property=\"og:type\" content=\"article\" \/>\n<meta property=\"og:title\" content=\"Assassinaram o autor\u00a0(teatro, poesia, anedota) | Ronaldo Correia de Brito | site oficial\" \/>\n<meta property=\"og:description\" content=\"O que mais desagrada no teatro contempor\u00e2neo \u00e9 o descuido com o texto. Como existe um consenso de que os espet\u00e1culos devem ser curtos, porque ningu\u00e9m tem mais paci\u00eancia de ficar ouvindo os atores declamarem as falas, todo encenador se acha no direito de picotar...\" \/>\n<meta property=\"og:url\" content=\"https:\/\/www.ronaldocorreiadebrito.com.br\/site2\/2019\/09\/assassinaram-o-autor-teatro-poesia-anedota\/\" \/>\n<meta property=\"og:site_name\" content=\"Ronaldo Correia de Brito | site oficial\" \/>\n<meta property=\"article:publisher\" content=\"https:\/\/www.facebook.com\/ronaldocorreiadebrito.oficial\" \/>\n<meta property=\"article:published_time\" content=\"2019-09-18T15:21:35+00:00\" \/>\n<meta property=\"og:image\" content=\"https:\/\/www.ronaldocorreiadebrito.com.br\/site2\/wp-content\/uploads\/2019\/09\/teatro-cadeira-sozinha.jpg\" \/>\n\t<meta property=\"og:image:width\" content=\"640\" \/>\n\t<meta property=\"og:image:height\" content=\"426\" \/>\n\t<meta property=\"og:image:type\" content=\"image\/jpeg\" \/>\n<meta name=\"author\" content=\"admin\" \/>\n<meta name=\"twitter:card\" content=\"summary_large_image\" \/>\n<meta name=\"twitter:label1\" content=\"Escrito por\" \/>\n\t<meta name=\"twitter:data1\" content=\"admin\" \/>\n\t<meta name=\"twitter:label2\" content=\"Est. tempo de leitura\" \/>\n\t<meta name=\"twitter:data2\" content=\"4 minutos\" \/>\n<script type=\"application\/ld+json\" class=\"yoast-schema-graph\">{\"@context\":\"https:\\\/\\\/schema.org\",\"@graph\":[{\"@type\":\"Article\",\"@id\":\"https:\\\/\\\/www.ronaldocorreiadebrito.com.br\\\/site2\\\/2019\\\/09\\\/assassinaram-o-autor-teatro-poesia-anedota\\\/#article\",\"isPartOf\":{\"@id\":\"https:\\\/\\\/www.ronaldocorreiadebrito.com.br\\\/site2\\\/2019\\\/09\\\/assassinaram-o-autor-teatro-poesia-anedota\\\/\"},\"author\":{\"name\":\"admin\",\"@id\":\"https:\\\/\\\/www.ronaldocorreiadebrito.com.br\\\/site2\\\/#\\\/schema\\\/person\\\/99a164d0eaaff7f78b11899bc7d5e7c9\"},\"headline\":\"Assassinaram o autor\u00a0(teatro, poesia, anedota)\",\"datePublished\":\"2019-09-18T15:21:35+00:00\",\"mainEntityOfPage\":{\"@id\":\"https:\\\/\\\/www.ronaldocorreiadebrito.com.br\\\/site2\\\/2019\\\/09\\\/assassinaram-o-autor-teatro-poesia-anedota\\\/\"},\"wordCount\":782,\"commentCount\":0,\"image\":{\"@id\":\"https:\\\/\\\/www.ronaldocorreiadebrito.com.br\\\/site2\\\/2019\\\/09\\\/assassinaram-o-autor-teatro-poesia-anedota\\\/#primaryimage\"},\"thumbnailUrl\":\"https:\\\/\\\/www.ronaldocorreiadebrito.com.br\\\/site2\\\/wp-content\\\/uploads\\\/2019\\\/09\\\/teatro-cadeira-sozinha.jpg\",\"articleSection\":[\"Blog\",\"Links\",\"Slider\"],\"inLanguage\":\"pt-BR\",\"potentialAction\":[{\"@type\":\"CommentAction\",\"name\":\"Comment\",\"target\":[\"https:\\\/\\\/www.ronaldocorreiadebrito.com.br\\\/site2\\\/2019\\\/09\\\/assassinaram-o-autor-teatro-poesia-anedota\\\/#respond\"]}]},{\"@type\":\"WebPage\",\"@id\":\"https:\\\/\\\/www.ronaldocorreiadebrito.com.br\\\/site2\\\/2019\\\/09\\\/assassinaram-o-autor-teatro-poesia-anedota\\\/\",\"url\":\"https:\\\/\\\/www.ronaldocorreiadebrito.com.br\\\/site2\\\/2019\\\/09\\\/assassinaram-o-autor-teatro-poesia-anedota\\\/\",\"name\":\"Assassinaram o autor\u00a0(teatro, poesia, anedota) | Ronaldo Correia de Brito | site oficial\",\"isPartOf\":{\"@id\":\"https:\\\/\\\/www.ronaldocorreiadebrito.com.br\\\/site2\\\/#website\"},\"primaryImageOfPage\":{\"@id\":\"https:\\\/\\\/www.ronaldocorreiadebrito.com.br\\\/site2\\\/2019\\\/09\\\/assassinaram-o-autor-teatro-poesia-anedota\\\/#primaryimage\"},\"image\":{\"@id\":\"https:\\\/\\\/www.ronaldocorreiadebrito.com.br\\\/site2\\\/2019\\\/09\\\/assassinaram-o-autor-teatro-poesia-anedota\\\/#primaryimage\"},\"thumbnailUrl\":\"https:\\\/\\\/www.ronaldocorreiadebrito.com.br\\\/site2\\\/wp-content\\\/uploads\\\/2019\\\/09\\\/teatro-cadeira-sozinha.jpg\",\"datePublished\":\"2019-09-18T15:21:35+00:00\",\"author\":{\"@id\":\"https:\\\/\\\/www.ronaldocorreiadebrito.com.br\\\/site2\\\/#\\\/schema\\\/person\\\/99a164d0eaaff7f78b11899bc7d5e7c9\"},\"breadcrumb\":{\"@id\":\"https:\\\/\\\/www.ronaldocorreiadebrito.com.br\\\/site2\\\/2019\\\/09\\\/assassinaram-o-autor-teatro-poesia-anedota\\\/#breadcrumb\"},\"inLanguage\":\"pt-BR\",\"potentialAction\":[{\"@type\":\"ReadAction\",\"target\":[\"https:\\\/\\\/www.ronaldocorreiadebrito.com.br\\\/site2\\\/2019\\\/09\\\/assassinaram-o-autor-teatro-poesia-anedota\\\/\"]}]},{\"@type\":\"ImageObject\",\"inLanguage\":\"pt-BR\",\"@id\":\"https:\\\/\\\/www.ronaldocorreiadebrito.com.br\\\/site2\\\/2019\\\/09\\\/assassinaram-o-autor-teatro-poesia-anedota\\\/#primaryimage\",\"url\":\"https:\\\/\\\/www.ronaldocorreiadebrito.com.br\\\/site2\\\/wp-content\\\/uploads\\\/2019\\\/09\\\/teatro-cadeira-sozinha.jpg\",\"contentUrl\":\"https:\\\/\\\/www.ronaldocorreiadebrito.com.br\\\/site2\\\/wp-content\\\/uploads\\\/2019\\\/09\\\/teatro-cadeira-sozinha.jpg\",\"width\":640,\"height\":426,\"caption\":\"Red chair on empty stage lighted with spotlights\"},{\"@type\":\"BreadcrumbList\",\"@id\":\"https:\\\/\\\/www.ronaldocorreiadebrito.com.br\\\/site2\\\/2019\\\/09\\\/assassinaram-o-autor-teatro-poesia-anedota\\\/#breadcrumb\",\"itemListElement\":[{\"@type\":\"ListItem\",\"position\":1,\"name\":\"In\u00edcio\",\"item\":\"https:\\\/\\\/www.ronaldocorreiadebrito.com.br\\\/site2\\\/\"},{\"@type\":\"ListItem\",\"position\":2,\"name\":\"Assassinaram o autor\u00a0(teatro, poesia, anedota)\"}]},{\"@type\":\"WebSite\",\"@id\":\"https:\\\/\\\/www.ronaldocorreiadebrito.com.br\\\/site2\\\/#website\",\"url\":\"https:\\\/\\\/www.ronaldocorreiadebrito.com.br\\\/site2\\\/\",\"name\":\"Ronaldo Correia de Brito | site oficial\",\"description\":\"Site oficial do escritor Ronaldo Correia de Brito\",\"potentialAction\":[{\"@type\":\"SearchAction\",\"target\":{\"@type\":\"EntryPoint\",\"urlTemplate\":\"https:\\\/\\\/www.ronaldocorreiadebrito.com.br\\\/site2\\\/?s={search_term_string}\"},\"query-input\":{\"@type\":\"PropertyValueSpecification\",\"valueRequired\":true,\"valueName\":\"search_term_string\"}}],\"inLanguage\":\"pt-BR\"},{\"@type\":\"Person\",\"@id\":\"https:\\\/\\\/www.ronaldocorreiadebrito.com.br\\\/site2\\\/#\\\/schema\\\/person\\\/99a164d0eaaff7f78b11899bc7d5e7c9\",\"name\":\"admin\",\"url\":\"https:\\\/\\\/www.ronaldocorreiadebrito.com.br\\\/site2\\\/author\\\/admin\\\/\"}]}<\/script>\n<!-- \/ Yoast SEO plugin. -->","yoast_head_json":{"title":"Assassinaram o autor\u00a0(teatro, poesia, anedota) | Ronaldo Correia de Brito | site oficial","robots":{"index":"index","follow":"follow","max-snippet":"max-snippet:-1","max-image-preview":"max-image-preview:large","max-video-preview":"max-video-preview:-1"},"canonical":"https:\/\/www.ronaldocorreiadebrito.com.br\/site2\/2019\/09\/assassinaram-o-autor-teatro-poesia-anedota\/","og_locale":"pt_BR","og_type":"article","og_title":"Assassinaram o autor\u00a0(teatro, poesia, anedota) | Ronaldo Correia de Brito | site oficial","og_description":"O que mais desagrada no teatro contempor\u00e2neo \u00e9 o descuido com o texto. Como existe um consenso de que os espet\u00e1culos devem ser curtos, porque ningu\u00e9m tem mais paci\u00eancia de ficar ouvindo os atores declamarem as falas, todo encenador se acha no direito de picotar...","og_url":"https:\/\/www.ronaldocorreiadebrito.com.br\/site2\/2019\/09\/assassinaram-o-autor-teatro-poesia-anedota\/","og_site_name":"Ronaldo Correia de Brito | site oficial","article_publisher":"https:\/\/www.facebook.com\/ronaldocorreiadebrito.oficial","article_published_time":"2019-09-18T15:21:35+00:00","og_image":[{"width":640,"height":426,"url":"https:\/\/www.ronaldocorreiadebrito.com.br\/site2\/wp-content\/uploads\/2019\/09\/teatro-cadeira-sozinha.jpg","type":"image\/jpeg"}],"author":"admin","twitter_card":"summary_large_image","twitter_misc":{"Escrito por":"admin","Est. tempo de leitura":"4 minutos"},"schema":{"@context":"https:\/\/schema.org","@graph":[{"@type":"Article","@id":"https:\/\/www.ronaldocorreiadebrito.com.br\/site2\/2019\/09\/assassinaram-o-autor-teatro-poesia-anedota\/#article","isPartOf":{"@id":"https:\/\/www.ronaldocorreiadebrito.com.br\/site2\/2019\/09\/assassinaram-o-autor-teatro-poesia-anedota\/"},"author":{"name":"admin","@id":"https:\/\/www.ronaldocorreiadebrito.com.br\/site2\/#\/schema\/person\/99a164d0eaaff7f78b11899bc7d5e7c9"},"headline":"Assassinaram o autor\u00a0(teatro, poesia, anedota)","datePublished":"2019-09-18T15:21:35+00:00","mainEntityOfPage":{"@id":"https:\/\/www.ronaldocorreiadebrito.com.br\/site2\/2019\/09\/assassinaram-o-autor-teatro-poesia-anedota\/"},"wordCount":782,"commentCount":0,"image":{"@id":"https:\/\/www.ronaldocorreiadebrito.com.br\/site2\/2019\/09\/assassinaram-o-autor-teatro-poesia-anedota\/#primaryimage"},"thumbnailUrl":"https:\/\/www.ronaldocorreiadebrito.com.br\/site2\/wp-content\/uploads\/2019\/09\/teatro-cadeira-sozinha.jpg","articleSection":["Blog","Links","Slider"],"inLanguage":"pt-BR","potentialAction":[{"@type":"CommentAction","name":"Comment","target":["https:\/\/www.ronaldocorreiadebrito.com.br\/site2\/2019\/09\/assassinaram-o-autor-teatro-poesia-anedota\/#respond"]}]},{"@type":"WebPage","@id":"https:\/\/www.ronaldocorreiadebrito.com.br\/site2\/2019\/09\/assassinaram-o-autor-teatro-poesia-anedota\/","url":"https:\/\/www.ronaldocorreiadebrito.com.br\/site2\/2019\/09\/assassinaram-o-autor-teatro-poesia-anedota\/","name":"Assassinaram o autor\u00a0(teatro, poesia, anedota) | Ronaldo Correia de Brito | site oficial","isPartOf":{"@id":"https:\/\/www.ronaldocorreiadebrito.com.br\/site2\/#website"},"primaryImageOfPage":{"@id":"https:\/\/www.ronaldocorreiadebrito.com.br\/site2\/2019\/09\/assassinaram-o-autor-teatro-poesia-anedota\/#primaryimage"},"image":{"@id":"https:\/\/www.ronaldocorreiadebrito.com.br\/site2\/2019\/09\/assassinaram-o-autor-teatro-poesia-anedota\/#primaryimage"},"thumbnailUrl":"https:\/\/www.ronaldocorreiadebrito.com.br\/site2\/wp-content\/uploads\/2019\/09\/teatro-cadeira-sozinha.jpg","datePublished":"2019-09-18T15:21:35+00:00","author":{"@id":"https:\/\/www.ronaldocorreiadebrito.com.br\/site2\/#\/schema\/person\/99a164d0eaaff7f78b11899bc7d5e7c9"},"breadcrumb":{"@id":"https:\/\/www.ronaldocorreiadebrito.com.br\/site2\/2019\/09\/assassinaram-o-autor-teatro-poesia-anedota\/#breadcrumb"},"inLanguage":"pt-BR","potentialAction":[{"@type":"ReadAction","target":["https:\/\/www.ronaldocorreiadebrito.com.br\/site2\/2019\/09\/assassinaram-o-autor-teatro-poesia-anedota\/"]}]},{"@type":"ImageObject","inLanguage":"pt-BR","@id":"https:\/\/www.ronaldocorreiadebrito.com.br\/site2\/2019\/09\/assassinaram-o-autor-teatro-poesia-anedota\/#primaryimage","url":"https:\/\/www.ronaldocorreiadebrito.com.br\/site2\/wp-content\/uploads\/2019\/09\/teatro-cadeira-sozinha.jpg","contentUrl":"https:\/\/www.ronaldocorreiadebrito.com.br\/site2\/wp-content\/uploads\/2019\/09\/teatro-cadeira-sozinha.jpg","width":640,"height":426,"caption":"Red chair on empty stage lighted with spotlights"},{"@type":"BreadcrumbList","@id":"https:\/\/www.ronaldocorreiadebrito.com.br\/site2\/2019\/09\/assassinaram-o-autor-teatro-poesia-anedota\/#breadcrumb","itemListElement":[{"@type":"ListItem","position":1,"name":"In\u00edcio","item":"https:\/\/www.ronaldocorreiadebrito.com.br\/site2\/"},{"@type":"ListItem","position":2,"name":"Assassinaram o autor\u00a0(teatro, poesia, anedota)"}]},{"@type":"WebSite","@id":"https:\/\/www.ronaldocorreiadebrito.com.br\/site2\/#website","url":"https:\/\/www.ronaldocorreiadebrito.com.br\/site2\/","name":"Ronaldo Correia de Brito | site oficial","description":"Site oficial do escritor Ronaldo Correia de Brito","potentialAction":[{"@type":"SearchAction","target":{"@type":"EntryPoint","urlTemplate":"https:\/\/www.ronaldocorreiadebrito.com.br\/site2\/?s={search_term_string}"},"query-input":{"@type":"PropertyValueSpecification","valueRequired":true,"valueName":"search_term_string"}}],"inLanguage":"pt-BR"},{"@type":"Person","@id":"https:\/\/www.ronaldocorreiadebrito.com.br\/site2\/#\/schema\/person\/99a164d0eaaff7f78b11899bc7d5e7c9","name":"admin","url":"https:\/\/www.ronaldocorreiadebrito.com.br\/site2\/author\/admin\/"}]}},"wps_subtitle":"","_links":{"self":[{"href":"https:\/\/www.ronaldocorreiadebrito.com.br\/site2\/wp-json\/wp\/v2\/posts\/1177","targetHints":{"allow":["GET"]}}],"collection":[{"href":"https:\/\/www.ronaldocorreiadebrito.com.br\/site2\/wp-json\/wp\/v2\/posts"}],"about":[{"href":"https:\/\/www.ronaldocorreiadebrito.com.br\/site2\/wp-json\/wp\/v2\/types\/post"}],"author":[{"embeddable":true,"href":"https:\/\/www.ronaldocorreiadebrito.com.br\/site2\/wp-json\/wp\/v2\/users\/1"}],"replies":[{"embeddable":true,"href":"https:\/\/www.ronaldocorreiadebrito.com.br\/site2\/wp-json\/wp\/v2\/comments?post=1177"}],"version-history":[{"count":0,"href":"https:\/\/www.ronaldocorreiadebrito.com.br\/site2\/wp-json\/wp\/v2\/posts\/1177\/revisions"}],"wp:featuredmedia":[{"embeddable":true,"href":"https:\/\/www.ronaldocorreiadebrito.com.br\/site2\/wp-json\/wp\/v2\/media\/1178"}],"wp:attachment":[{"href":"https:\/\/www.ronaldocorreiadebrito.com.br\/site2\/wp-json\/wp\/v2\/media?parent=1177"}],"wp:term":[{"taxonomy":"category","embeddable":true,"href":"https:\/\/www.ronaldocorreiadebrito.com.br\/site2\/wp-json\/wp\/v2\/categories?post=1177"},{"taxonomy":"post_tag","embeddable":true,"href":"https:\/\/www.ronaldocorreiadebrito.com.br\/site2\/wp-json\/wp\/v2\/tags?post=1177"}],"curies":[{"name":"wp","href":"https:\/\/api.w.org\/{rel}","templated":true}]}}