{"id":1173,"date":"2019-07-25T14:26:59","date_gmt":"2019-07-25T17:26:59","guid":{"rendered":"http:\/\/www.ronaldocorreiadebrito.com.br\/site2\/?p=1173"},"modified":"2019-07-25T14:26:59","modified_gmt":"2019-07-25T17:26:59","slug":"escrever-para-quem-2","status":"publish","type":"post","link":"https:\/\/www.ronaldocorreiadebrito.com.br\/site2\/2019\/07\/escrever-para-quem-2\/","title":{"rendered":"Escrever para quem?"},"content":{"rendered":"<p style=\"font-weight: 400;\">Amigos me deram os parab\u00e9ns pelo dia do escritor. Existe essa data? Ah, n\u00e3o sabia. Fui ao Google e encontrei:\u00a0No\u00a0<strong>dia<\/strong>\u00a025 de julho comemora-se o\u00a0<strong>Dia<\/strong>\u00a0Nacional do\u00a0<strong>Escritor<\/strong>, data institu\u00edda em 1960 pelo ent\u00e3o presidente da Uni\u00e3o Brasileira de\u00a0<strong>Escritores<\/strong>, Jo\u00e3o Peregrino J\u00fanior, e pelo seu vice-presidente, o c\u00e9lebre\u00a0<strong>escritor<\/strong>\u00a0Jorge Amado.<\/p>\n<p style=\"font-weight: 400;\">Aproveito e fa\u00e7o algumas reflex\u00f5es sobre o of\u00edcio.<\/p>\n<p style=\"font-weight: 400;\"><strong>Escrever para quem?\u00a0<\/strong><\/p>\n<p style=\"font-weight: 400;\"><strong>\u00a0<\/strong><\/p>\n<p style=\"font-weight: 400;\">Escrever um livro \u00e9 atravessar um extenso deserto. Durante a escrita, a impress\u00e3o \u00e9 a de que, depois do ponto final, nos espera um o\u00e1sis com t\u00e2maras e fonte de \u00e1gua fresca. Engano. H\u00e1 um deserto ainda mais \u00e1rido por vencer. E sem as miragens da cria\u00e7\u00e3o.<\/p>\n<p style=\"font-weight: 400;\">O sul africano J. M. Coetzee queixa-se de personagens que carregamos \u00e0s costas como fardo, durante meses, \u00e0s vezes anos. Alguns romancistas foram heroicos carregadores: Balzac, Tolst\u00f3i, Dostoievski, Thomas Mann&#8230; Jos\u00e9 Saramago aguentou o peso at\u00e9 a velhice. Outros se desgastaram bem cedo. Tchekhov morreu com apenas quarenta e quatro anos e, nesse curto tempo, escreveu quinhentos contos.<\/p>\n<p style=\"font-weight: 400;\">William Faulkner referia um nervosismo atento para que os personagens que passavam por ele ligeiros, escorregadios, n\u00e3o fossem embora sem registro. \u00c9 necess\u00e1rio escrever sem parar, sen\u00e3o as miragens desaparecem. Igual aos sonhos, de que lembramos apenas fragmentos a que damos ordem narrativa, preenchendo com nossa inven\u00e7\u00e3o os hiatos da mem\u00f3ria.<\/p>\n<p style=\"font-weight: 400;\">O escritor carioca Paulo Roberto Pires viveu uma longa abstin\u00eancia da escrita. Durante confer\u00eancia no Recife, perguntou \u00e0 plateia se precisamos escrever um livro. Parece que n\u00e3o \u00e9 necess\u00e1rio, segundo ele. Mesmo assim, persistimos, nem que seja para alimentar o mercado das editoras. Ou por sobreviv\u00eancia emocional e financeira. Dostoievski viveu alucinado e na mis\u00e9ria, escrevia para que o maior n\u00famero de pessoas lesse os seus livros. Precisava de dinheiro e chegou \u00e0 fa\u00e7anha de produzir 18 p\u00e1ginas numa noite.<\/p>\n<p style=\"font-weight: 400;\">Nietzsche afirma que a doen\u00e7a leva ao estado criador.\u00a0 S\u00e3o as situa\u00e7\u00f5es de exce\u00e7\u00e3o que condicionam o artista, todas as situa\u00e7\u00f5es profundamente aparentadas e entretecidas com sintomas doentios, fazendo parecer imposs\u00edvel ser artista sem ser doente. A doen\u00e7a levaria ao conhecimento.<\/p>\n<p style=\"font-weight: 400;\">Mas \u00e9 preciso enxergar uma fun\u00e7\u00e3o pr\u00e1tica na literatura, atribuir-lhe valor real, como fazemos com o trabalho de marceneiros, pedreiros, encanadores e eletricistas. O pintor italiano Giotto trabalhava com uma corpora\u00e7\u00e3o de of\u00edcio: artes\u00e3os em douramento, pintura de p\u00e9s, mantos, fundo azul de c\u00e9u, pessoas simples como os caiadores de paredes, mais preocupadas com a subsist\u00eancia do que com a sobreviv\u00eancia da obra.<\/p>\n<p style=\"font-weight: 400;\">No Brasil, Alfredo Volpi come\u00e7ou executando murais decorativos.<\/p>\n<p style=\"font-weight: 400;\">Os afrescos de Michelangelo, Rafael e Botticelli para a Capela Sistina n\u00e3o t\u00eam menos qualidade porque foram pintados por encomenda, a troco de um pagamento. A modernidade, ao mesmo tempo em que cobra a assinatura do artista, que gera um mercado de produ\u00e7\u00e3o, que atribui valores baixos ou exorbitantes para as obras de arte, costuma glamourizar o ato criativo, inventando uma aura de transcend\u00eancia ou dana\u00e7\u00e3o para os criadores.<\/p>\n<p style=\"font-weight: 400;\">O deserto que se segue \u00e0 cria\u00e7\u00e3o decorre do medo de ter escrito para ningu\u00e9m, de n\u00e3o ser lido. Talvez por temor a esse castigo, Kafka exigiu que seus livros fossem queimados, j\u00e1 que poucos se interessaram em l\u00ea-lo, enquanto viveu. E por que alguns artistas de sucesso, aplaudidos pelo p\u00fablico, experimentaram uma frustra\u00e7\u00e3o semelhante?<\/p>\n<p style=\"font-weight: 400;\">O deserto espreita o criador antes, durante e depois do ato de cria\u00e7\u00e3o.<\/p>\n<p style=\"font-weight: 400;\">Para o artista n\u00e3o existe s\u00e9timo dia, nem descanso.<\/p>\n","protected":false},"excerpt":{"rendered":"<p>Amigos me deram os parab\u00e9ns pelo dia do escritor. Existe essa data? Ah, n\u00e3o sabia. Fui ao Google e encontrei:\u00a0No\u00a0dia\u00a025 de julho comemora-se o\u00a0Dia\u00a0Nacional do\u00a0Escritor, data institu\u00edda em 1960 pelo ent\u00e3o presidente da Uni\u00e3o Brasileira de\u00a0Escritores, Jo\u00e3o Peregrino J\u00fanior, e pelo seu vice-presidente, o c\u00e9lebre\u00a0escritor\u00a0Jorge&#8230;<\/p>\n","protected":false},"author":1,"featured_media":1174,"comment_status":"open","ping_status":"closed","sticky":false,"template":"","format":"standard","meta":{"sfsi_plus_gutenberg_text_before_share":"","sfsi_plus_gutenberg_show_text_before_share":"","sfsi_plus_gutenberg_icon_type":"","sfsi_plus_gutenberg_icon_alignemt":"","sfsi_plus_gutenburg_max_per_row":"","footnotes":""},"categories":[8,46,45],"tags":[],"class_list":["post-1173","post","type-post","status-publish","format-standard","has-post-thumbnail","hentry","category-blog","category-links","category-slider"],"yoast_head":"<!-- This site is optimized with the Yoast SEO plugin v27.4 - https:\/\/yoast.com\/product\/yoast-seo-wordpress\/ -->\n<title>Escrever para quem? | Ronaldo Correia de Brito | site oficial<\/title>\n<meta name=\"robots\" content=\"index, follow, max-snippet:-1, max-image-preview:large, max-video-preview:-1\" \/>\n<link rel=\"canonical\" href=\"https:\/\/www.ronaldocorreiadebrito.com.br\/site2\/2019\/07\/escrever-para-quem-2\/\" \/>\n<meta property=\"og:locale\" content=\"pt_BR\" \/>\n<meta property=\"og:type\" content=\"article\" \/>\n<meta property=\"og:title\" content=\"Escrever para quem? | Ronaldo Correia de Brito | site oficial\" \/>\n<meta property=\"og:description\" content=\"Amigos me deram os parab\u00e9ns pelo dia do escritor. Existe essa data? Ah, n\u00e3o sabia. Fui ao Google e encontrei:\u00a0No\u00a0dia\u00a025 de julho comemora-se o\u00a0Dia\u00a0Nacional do\u00a0Escritor, data institu\u00edda em 1960 pelo ent\u00e3o presidente da Uni\u00e3o Brasileira de\u00a0Escritores, Jo\u00e3o Peregrino J\u00fanior, e pelo seu vice-presidente, o c\u00e9lebre\u00a0escritor\u00a0Jorge...\" \/>\n<meta property=\"og:url\" content=\"https:\/\/www.ronaldocorreiadebrito.com.br\/site2\/2019\/07\/escrever-para-quem-2\/\" \/>\n<meta property=\"og:site_name\" content=\"Ronaldo Correia de Brito | site oficial\" \/>\n<meta property=\"article:publisher\" content=\"https:\/\/www.facebook.com\/ronaldocorreiadebrito.oficial\" \/>\n<meta property=\"article:published_time\" content=\"2019-07-25T17:26:59+00:00\" \/>\n<meta property=\"og:image\" content=\"https:\/\/www.ronaldocorreiadebrito.com.br\/site2\/wp-content\/uploads\/2019\/07\/atitudes_que_melhoram_a_escrita.jpg\" \/>\n\t<meta property=\"og:image:width\" content=\"1920\" \/>\n\t<meta property=\"og:image:height\" content=\"966\" \/>\n\t<meta property=\"og:image:type\" content=\"image\/jpeg\" \/>\n<meta name=\"author\" content=\"admin\" \/>\n<meta name=\"twitter:card\" content=\"summary_large_image\" \/>\n<meta name=\"twitter:label1\" content=\"Escrito por\" \/>\n\t<meta name=\"twitter:data1\" content=\"admin\" \/>\n\t<meta name=\"twitter:label2\" content=\"Est. tempo de leitura\" \/>\n\t<meta name=\"twitter:data2\" content=\"3 minutos\" \/>\n<script type=\"application\/ld+json\" class=\"yoast-schema-graph\">{\"@context\":\"https:\\\/\\\/schema.org\",\"@graph\":[{\"@type\":\"Article\",\"@id\":\"https:\\\/\\\/www.ronaldocorreiadebrito.com.br\\\/site2\\\/2019\\\/07\\\/escrever-para-quem-2\\\/#article\",\"isPartOf\":{\"@id\":\"https:\\\/\\\/www.ronaldocorreiadebrito.com.br\\\/site2\\\/2019\\\/07\\\/escrever-para-quem-2\\\/\"},\"author\":{\"name\":\"admin\",\"@id\":\"https:\\\/\\\/www.ronaldocorreiadebrito.com.br\\\/site2\\\/#\\\/schema\\\/person\\\/99a164d0eaaff7f78b11899bc7d5e7c9\"},\"headline\":\"Escrever para quem?\",\"datePublished\":\"2019-07-25T17:26:59+00:00\",\"mainEntityOfPage\":{\"@id\":\"https:\\\/\\\/www.ronaldocorreiadebrito.com.br\\\/site2\\\/2019\\\/07\\\/escrever-para-quem-2\\\/\"},\"wordCount\":613,\"commentCount\":0,\"image\":{\"@id\":\"https:\\\/\\\/www.ronaldocorreiadebrito.com.br\\\/site2\\\/2019\\\/07\\\/escrever-para-quem-2\\\/#primaryimage\"},\"thumbnailUrl\":\"https:\\\/\\\/www.ronaldocorreiadebrito.com.br\\\/site2\\\/wp-content\\\/uploads\\\/2019\\\/07\\\/atitudes_que_melhoram_a_escrita.jpg\",\"articleSection\":[\"Blog\",\"Links\",\"Slider\"],\"inLanguage\":\"pt-BR\",\"potentialAction\":[{\"@type\":\"CommentAction\",\"name\":\"Comment\",\"target\":[\"https:\\\/\\\/www.ronaldocorreiadebrito.com.br\\\/site2\\\/2019\\\/07\\\/escrever-para-quem-2\\\/#respond\"]}]},{\"@type\":\"WebPage\",\"@id\":\"https:\\\/\\\/www.ronaldocorreiadebrito.com.br\\\/site2\\\/2019\\\/07\\\/escrever-para-quem-2\\\/\",\"url\":\"https:\\\/\\\/www.ronaldocorreiadebrito.com.br\\\/site2\\\/2019\\\/07\\\/escrever-para-quem-2\\\/\",\"name\":\"Escrever para quem? | Ronaldo Correia de Brito | site oficial\",\"isPartOf\":{\"@id\":\"https:\\\/\\\/www.ronaldocorreiadebrito.com.br\\\/site2\\\/#website\"},\"primaryImageOfPage\":{\"@id\":\"https:\\\/\\\/www.ronaldocorreiadebrito.com.br\\\/site2\\\/2019\\\/07\\\/escrever-para-quem-2\\\/#primaryimage\"},\"image\":{\"@id\":\"https:\\\/\\\/www.ronaldocorreiadebrito.com.br\\\/site2\\\/2019\\\/07\\\/escrever-para-quem-2\\\/#primaryimage\"},\"thumbnailUrl\":\"https:\\\/\\\/www.ronaldocorreiadebrito.com.br\\\/site2\\\/wp-content\\\/uploads\\\/2019\\\/07\\\/atitudes_que_melhoram_a_escrita.jpg\",\"datePublished\":\"2019-07-25T17:26:59+00:00\",\"author\":{\"@id\":\"https:\\\/\\\/www.ronaldocorreiadebrito.com.br\\\/site2\\\/#\\\/schema\\\/person\\\/99a164d0eaaff7f78b11899bc7d5e7c9\"},\"breadcrumb\":{\"@id\":\"https:\\\/\\\/www.ronaldocorreiadebrito.com.br\\\/site2\\\/2019\\\/07\\\/escrever-para-quem-2\\\/#breadcrumb\"},\"inLanguage\":\"pt-BR\",\"potentialAction\":[{\"@type\":\"ReadAction\",\"target\":[\"https:\\\/\\\/www.ronaldocorreiadebrito.com.br\\\/site2\\\/2019\\\/07\\\/escrever-para-quem-2\\\/\"]}]},{\"@type\":\"ImageObject\",\"inLanguage\":\"pt-BR\",\"@id\":\"https:\\\/\\\/www.ronaldocorreiadebrito.com.br\\\/site2\\\/2019\\\/07\\\/escrever-para-quem-2\\\/#primaryimage\",\"url\":\"https:\\\/\\\/www.ronaldocorreiadebrito.com.br\\\/site2\\\/wp-content\\\/uploads\\\/2019\\\/07\\\/atitudes_que_melhoram_a_escrita.jpg\",\"contentUrl\":\"https:\\\/\\\/www.ronaldocorreiadebrito.com.br\\\/site2\\\/wp-content\\\/uploads\\\/2019\\\/07\\\/atitudes_que_melhoram_a_escrita.jpg\",\"width\":1920,\"height\":966},{\"@type\":\"BreadcrumbList\",\"@id\":\"https:\\\/\\\/www.ronaldocorreiadebrito.com.br\\\/site2\\\/2019\\\/07\\\/escrever-para-quem-2\\\/#breadcrumb\",\"itemListElement\":[{\"@type\":\"ListItem\",\"position\":1,\"name\":\"In\u00edcio\",\"item\":\"https:\\\/\\\/www.ronaldocorreiadebrito.com.br\\\/site2\\\/\"},{\"@type\":\"ListItem\",\"position\":2,\"name\":\"Escrever para quem?\"}]},{\"@type\":\"WebSite\",\"@id\":\"https:\\\/\\\/www.ronaldocorreiadebrito.com.br\\\/site2\\\/#website\",\"url\":\"https:\\\/\\\/www.ronaldocorreiadebrito.com.br\\\/site2\\\/\",\"name\":\"Ronaldo Correia de Brito | site oficial\",\"description\":\"Site oficial do escritor Ronaldo Correia de Brito\",\"potentialAction\":[{\"@type\":\"SearchAction\",\"target\":{\"@type\":\"EntryPoint\",\"urlTemplate\":\"https:\\\/\\\/www.ronaldocorreiadebrito.com.br\\\/site2\\\/?s={search_term_string}\"},\"query-input\":{\"@type\":\"PropertyValueSpecification\",\"valueRequired\":true,\"valueName\":\"search_term_string\"}}],\"inLanguage\":\"pt-BR\"},{\"@type\":\"Person\",\"@id\":\"https:\\\/\\\/www.ronaldocorreiadebrito.com.br\\\/site2\\\/#\\\/schema\\\/person\\\/99a164d0eaaff7f78b11899bc7d5e7c9\",\"name\":\"admin\",\"url\":\"https:\\\/\\\/www.ronaldocorreiadebrito.com.br\\\/site2\\\/author\\\/admin\\\/\"}]}<\/script>\n<!-- \/ Yoast SEO plugin. -->","yoast_head_json":{"title":"Escrever para quem? | Ronaldo Correia de Brito | site oficial","robots":{"index":"index","follow":"follow","max-snippet":"max-snippet:-1","max-image-preview":"max-image-preview:large","max-video-preview":"max-video-preview:-1"},"canonical":"https:\/\/www.ronaldocorreiadebrito.com.br\/site2\/2019\/07\/escrever-para-quem-2\/","og_locale":"pt_BR","og_type":"article","og_title":"Escrever para quem? | Ronaldo Correia de Brito | site oficial","og_description":"Amigos me deram os parab\u00e9ns pelo dia do escritor. Existe essa data? Ah, n\u00e3o sabia. Fui ao Google e encontrei:\u00a0No\u00a0dia\u00a025 de julho comemora-se o\u00a0Dia\u00a0Nacional do\u00a0Escritor, data institu\u00edda em 1960 pelo ent\u00e3o presidente da Uni\u00e3o Brasileira de\u00a0Escritores, Jo\u00e3o Peregrino J\u00fanior, e pelo seu vice-presidente, o c\u00e9lebre\u00a0escritor\u00a0Jorge...","og_url":"https:\/\/www.ronaldocorreiadebrito.com.br\/site2\/2019\/07\/escrever-para-quem-2\/","og_site_name":"Ronaldo Correia de Brito | site oficial","article_publisher":"https:\/\/www.facebook.com\/ronaldocorreiadebrito.oficial","article_published_time":"2019-07-25T17:26:59+00:00","og_image":[{"width":1920,"height":966,"url":"https:\/\/www.ronaldocorreiadebrito.com.br\/site2\/wp-content\/uploads\/2019\/07\/atitudes_que_melhoram_a_escrita.jpg","type":"image\/jpeg"}],"author":"admin","twitter_card":"summary_large_image","twitter_misc":{"Escrito por":"admin","Est. tempo de leitura":"3 minutos"},"schema":{"@context":"https:\/\/schema.org","@graph":[{"@type":"Article","@id":"https:\/\/www.ronaldocorreiadebrito.com.br\/site2\/2019\/07\/escrever-para-quem-2\/#article","isPartOf":{"@id":"https:\/\/www.ronaldocorreiadebrito.com.br\/site2\/2019\/07\/escrever-para-quem-2\/"},"author":{"name":"admin","@id":"https:\/\/www.ronaldocorreiadebrito.com.br\/site2\/#\/schema\/person\/99a164d0eaaff7f78b11899bc7d5e7c9"},"headline":"Escrever para quem?","datePublished":"2019-07-25T17:26:59+00:00","mainEntityOfPage":{"@id":"https:\/\/www.ronaldocorreiadebrito.com.br\/site2\/2019\/07\/escrever-para-quem-2\/"},"wordCount":613,"commentCount":0,"image":{"@id":"https:\/\/www.ronaldocorreiadebrito.com.br\/site2\/2019\/07\/escrever-para-quem-2\/#primaryimage"},"thumbnailUrl":"https:\/\/www.ronaldocorreiadebrito.com.br\/site2\/wp-content\/uploads\/2019\/07\/atitudes_que_melhoram_a_escrita.jpg","articleSection":["Blog","Links","Slider"],"inLanguage":"pt-BR","potentialAction":[{"@type":"CommentAction","name":"Comment","target":["https:\/\/www.ronaldocorreiadebrito.com.br\/site2\/2019\/07\/escrever-para-quem-2\/#respond"]}]},{"@type":"WebPage","@id":"https:\/\/www.ronaldocorreiadebrito.com.br\/site2\/2019\/07\/escrever-para-quem-2\/","url":"https:\/\/www.ronaldocorreiadebrito.com.br\/site2\/2019\/07\/escrever-para-quem-2\/","name":"Escrever para quem? | Ronaldo Correia de Brito | site oficial","isPartOf":{"@id":"https:\/\/www.ronaldocorreiadebrito.com.br\/site2\/#website"},"primaryImageOfPage":{"@id":"https:\/\/www.ronaldocorreiadebrito.com.br\/site2\/2019\/07\/escrever-para-quem-2\/#primaryimage"},"image":{"@id":"https:\/\/www.ronaldocorreiadebrito.com.br\/site2\/2019\/07\/escrever-para-quem-2\/#primaryimage"},"thumbnailUrl":"https:\/\/www.ronaldocorreiadebrito.com.br\/site2\/wp-content\/uploads\/2019\/07\/atitudes_que_melhoram_a_escrita.jpg","datePublished":"2019-07-25T17:26:59+00:00","author":{"@id":"https:\/\/www.ronaldocorreiadebrito.com.br\/site2\/#\/schema\/person\/99a164d0eaaff7f78b11899bc7d5e7c9"},"breadcrumb":{"@id":"https:\/\/www.ronaldocorreiadebrito.com.br\/site2\/2019\/07\/escrever-para-quem-2\/#breadcrumb"},"inLanguage":"pt-BR","potentialAction":[{"@type":"ReadAction","target":["https:\/\/www.ronaldocorreiadebrito.com.br\/site2\/2019\/07\/escrever-para-quem-2\/"]}]},{"@type":"ImageObject","inLanguage":"pt-BR","@id":"https:\/\/www.ronaldocorreiadebrito.com.br\/site2\/2019\/07\/escrever-para-quem-2\/#primaryimage","url":"https:\/\/www.ronaldocorreiadebrito.com.br\/site2\/wp-content\/uploads\/2019\/07\/atitudes_que_melhoram_a_escrita.jpg","contentUrl":"https:\/\/www.ronaldocorreiadebrito.com.br\/site2\/wp-content\/uploads\/2019\/07\/atitudes_que_melhoram_a_escrita.jpg","width":1920,"height":966},{"@type":"BreadcrumbList","@id":"https:\/\/www.ronaldocorreiadebrito.com.br\/site2\/2019\/07\/escrever-para-quem-2\/#breadcrumb","itemListElement":[{"@type":"ListItem","position":1,"name":"In\u00edcio","item":"https:\/\/www.ronaldocorreiadebrito.com.br\/site2\/"},{"@type":"ListItem","position":2,"name":"Escrever para quem?"}]},{"@type":"WebSite","@id":"https:\/\/www.ronaldocorreiadebrito.com.br\/site2\/#website","url":"https:\/\/www.ronaldocorreiadebrito.com.br\/site2\/","name":"Ronaldo Correia de Brito | site oficial","description":"Site oficial do escritor Ronaldo Correia de Brito","potentialAction":[{"@type":"SearchAction","target":{"@type":"EntryPoint","urlTemplate":"https:\/\/www.ronaldocorreiadebrito.com.br\/site2\/?s={search_term_string}"},"query-input":{"@type":"PropertyValueSpecification","valueRequired":true,"valueName":"search_term_string"}}],"inLanguage":"pt-BR"},{"@type":"Person","@id":"https:\/\/www.ronaldocorreiadebrito.com.br\/site2\/#\/schema\/person\/99a164d0eaaff7f78b11899bc7d5e7c9","name":"admin","url":"https:\/\/www.ronaldocorreiadebrito.com.br\/site2\/author\/admin\/"}]}},"wps_subtitle":"","_links":{"self":[{"href":"https:\/\/www.ronaldocorreiadebrito.com.br\/site2\/wp-json\/wp\/v2\/posts\/1173","targetHints":{"allow":["GET"]}}],"collection":[{"href":"https:\/\/www.ronaldocorreiadebrito.com.br\/site2\/wp-json\/wp\/v2\/posts"}],"about":[{"href":"https:\/\/www.ronaldocorreiadebrito.com.br\/site2\/wp-json\/wp\/v2\/types\/post"}],"author":[{"embeddable":true,"href":"https:\/\/www.ronaldocorreiadebrito.com.br\/site2\/wp-json\/wp\/v2\/users\/1"}],"replies":[{"embeddable":true,"href":"https:\/\/www.ronaldocorreiadebrito.com.br\/site2\/wp-json\/wp\/v2\/comments?post=1173"}],"version-history":[{"count":0,"href":"https:\/\/www.ronaldocorreiadebrito.com.br\/site2\/wp-json\/wp\/v2\/posts\/1173\/revisions"}],"wp:featuredmedia":[{"embeddable":true,"href":"https:\/\/www.ronaldocorreiadebrito.com.br\/site2\/wp-json\/wp\/v2\/media\/1174"}],"wp:attachment":[{"href":"https:\/\/www.ronaldocorreiadebrito.com.br\/site2\/wp-json\/wp\/v2\/media?parent=1173"}],"wp:term":[{"taxonomy":"category","embeddable":true,"href":"https:\/\/www.ronaldocorreiadebrito.com.br\/site2\/wp-json\/wp\/v2\/categories?post=1173"},{"taxonomy":"post_tag","embeddable":true,"href":"https:\/\/www.ronaldocorreiadebrito.com.br\/site2\/wp-json\/wp\/v2\/tags?post=1173"}],"curies":[{"name":"wp","href":"https:\/\/api.w.org\/{rel}","templated":true}]}}