{"id":1161,"date":"2019-07-05T12:42:13","date_gmt":"2019-07-05T15:42:13","guid":{"rendered":"http:\/\/www.ronaldocorreiadebrito.com.br\/site2\/?p=1161"},"modified":"2019-07-05T12:42:13","modified_gmt":"2019-07-05T15:42:13","slug":"uma-crise-sem-nome","status":"publish","type":"post","link":"https:\/\/www.ronaldocorreiadebrito.com.br\/site2\/2019\/07\/uma-crise-sem-nome\/","title":{"rendered":"Uma crise sem nome"},"content":{"rendered":"<p class=\"m_1275155307618472619gmail-MsoNormalCxSpMiddle\">O homem de joelhos olha um ponto indefinido no horizonte e no futuro, ap\u00f3s atravessar por baixo a barreira de arame farpado. Seu rosto possui uma express\u00e3o antiga, como as representa\u00e7\u00f5es em cer\u00e2mica dos reis ass\u00edrios, da antiga Mesopot\u00e2mia, rel\u00edquias preciosas destru\u00eddas pelos americanos e ingleses que bombardearam o Iraque e, mais tarde, pelo Estado Isl\u00e2mico. A \u201cbarb\u00e1rie\u201d a que se referem americanos e europeus n\u00e3o \u00e9 atributo apenas de um povo.<\/p>\n<p class=\"m_1275155307618472619gmail-MsoNormalCxSpMiddle\">Absorto no olhar investigador, o homem parece indiferente \u00e0 menina que chora desesperada, talvez porque os grampos do arame feriram seu corpo fr\u00e1gil. A m\u00e3e tamb\u00e9m j\u00e1 conseguiu livrar-se da barreira e tenta consol\u00e1-la, acariciando-a com a m\u00e3o direita, enquanto sust\u00e9m no bra\u00e7o esquerdo o filho pequeno, um menino a ponto de cair. Do outro lado da cerca, um rapaz suspende os arames, a express\u00e3o aflita. Teme ser retido, antes da sua travessia. O rosto possui os mesmos tra\u00e7os dos povos arcaicos, as civiliza\u00e7\u00f5es que nos legaram a maior parte do saber.<\/p>\n<p class=\"m_1275155307618472619gmail-MsoNormalCxSpMiddle\">O par\u00e1grafo acima n\u00e3o se trata de um exerc\u00edcio de descri\u00e7\u00e3o, daqueles que faz\u00edamos na quarta s\u00e9rie prim\u00e1ria, olhando imagens toscamente coloridas. Trata-se de uma das milhares de fotos que todos os dias aparecem nos jornais e na internet, algumas t\u00e3o comoventes que mudam o sentimento das pessoas em rela\u00e7\u00e3o ao drama vivido pelos que tentam fugir da guerra, persegui\u00e7\u00e3o e pobreza, no Oriente M\u00e9dio e na \u00c1frica.<\/p>\n<p class=\"m_1275155307618472619gmail-MsoNormalCxSpMiddle\">S\u00e3o migrantes, refugiados ou clandestinos? Perde-se tempo buscando a palavra certa para defini-los, evitam reconhecer que se trata de refugiados, pessoas buscando refazer suas vidas, longe da p\u00e1tria insalubre. Pa\u00edses como a Inglaterra e a Fran\u00e7a, que colonizaram a \u00c1frica e o Oriente M\u00e9dio, enriquecendo \u00e0s suas custas, fecham as portas e tentam barrar a entrada dos indesejados. Esquecem quando ocuparam o mundo inteiro com seus ex\u00e9rcitos, sem pedir licen\u00e7a nem atravessar cercas de arame.<\/p>\n<p class=\"m_1275155307618472619gmail-MsoNormalCxSpMiddle\">As fileiras de homens, mulheres e crian\u00e7as se deslocando a p\u00e9 tamb\u00e9m lembram os retirantes nordestinos fugindo \u00e0 seca. A dor, a desola\u00e7\u00e3o e a mis\u00e9ria s\u00e3o as mesmas. Os nordestinos caminhavam dentro de um territ\u00f3rio chamado p\u00e1tria, falavam o mesmo idioma, mas nem por isso estavam imunes \u00e0 rejei\u00e7\u00e3o, ao desprezo e ao preconceito.<\/p>\n<p class=\"m_1275155307618472619gmail-MsoNormalCxSpMiddle\">Dos campos de concentra\u00e7\u00e3o cearenses da d\u00e9cada de 30 \u2013 os Currais do Governo \u2013, \u00e0s propostas de barreiras migrat\u00f3rias em alguns estados do Sul e Sudeste, os fugitivos da seca enfrentaram barreiras reais e simb\u00f3licas, t\u00e3o intranspon\u00edveis quanto as cercas de arame farpado do leste europeu. E toda vez que eles mesmos buscaram solu\u00e7\u00f5es para a mis\u00e9ria, em aglomerados como os de Canudos e Caldeir\u00f5es, foram reprimidos pela for\u00e7a, mortos e destro\u00e7ados, como se representassem amea\u00e7a \u00e0 ordem estabelecida pelos mais poderosos.<\/p>\n<p class=\"m_1275155307618472619gmail-MsoNormalCxSpMiddle\">Essa rela\u00e7\u00e3o se alterava bruscamente quando havia interesse em m\u00e3o de obra barata, semi-escrava ou escrava, como no ciclo da borracha amaz\u00f4nica, da constru\u00e7\u00e3o civil em S\u00e3o Paulo, da edifica\u00e7\u00e3o de Bras\u00edlia e da ponte Rio\/Niter\u00f3i, na expans\u00e3o de fazendas no Mato Grosso e Goi\u00e1s. Nesses casos, fazia-se um trabalho de aliciamento dos sertanejos analfabetos e miser\u00e1veis, atrav\u00e9s de folhetos de cord\u00e9is, violeiros repentistas e de pessoas treinadas para seduzi-los com promessas de enriquecimento f\u00e1cil. A realidade se revelava bem distinta do sonho. O tr\u00e1fico escravo da \u00c1frica para o Brasil, em navios negreiros, mudava-se em tr\u00e1fico do Nordeste para o Sudeste, Centro Oeste e Norte, em barcos a vapor e caminh\u00f5es pau-de-arara.<\/p>\n<p class=\"m_1275155307618472619gmail-MsoNormalCxSpMiddle\">Fluxo ou crise migrat\u00f3ria? Chega um tempo em que a \u00fanica chance de n\u00e3o morrer \u00e9 partir. Isso nada tem que ver com nomadismo, expans\u00e3o de territ\u00f3rio, busca de um guru espiritual. Foge-se da mis\u00e9ria. E esse tr\u00e2nsito muda a fei\u00e7\u00e3o do mundo. Foi sempre assim, desde o come\u00e7o da hist\u00f3ria. E n\u00e3o adianta criar barreiras, interdi\u00e7\u00f5es, porque nada cont\u00e9m essa for\u00e7a em deslocamento. O Brasil mudou gra\u00e7as a ela e a Europa certamente mudar\u00e1. Para melhor, tenho certeza.<\/p>\n","protected":false},"excerpt":{"rendered":"<p>O homem de joelhos olha um ponto indefinido no horizonte e no futuro, ap\u00f3s atravessar por baixo a barreira de arame farpado. Seu rosto possui uma express\u00e3o antiga, como as representa\u00e7\u00f5es em cer\u00e2mica dos reis ass\u00edrios, da antiga Mesopot\u00e2mia, rel\u00edquias preciosas destru\u00eddas pelos americanos e&#8230;<\/p>\n","protected":false},"author":1,"featured_media":1162,"comment_status":"open","ping_status":"closed","sticky":false,"template":"","format":"standard","meta":{"sfsi_plus_gutenberg_text_before_share":"","sfsi_plus_gutenberg_show_text_before_share":"","sfsi_plus_gutenberg_icon_type":"","sfsi_plus_gutenberg_icon_alignemt":"","sfsi_plus_gutenburg_max_per_row":"","footnotes":""},"categories":[8,46,45],"tags":[],"class_list":["post-1161","post","type-post","status-publish","format-standard","has-post-thumbnail","hentry","category-blog","category-links","category-slider"],"yoast_head":"<!-- This site is optimized with the Yoast SEO plugin v27.4 - https:\/\/yoast.com\/product\/yoast-seo-wordpress\/ -->\n<title>Uma crise sem nome | Ronaldo Correia de Brito | site oficial<\/title>\n<meta name=\"robots\" content=\"index, follow, max-snippet:-1, max-image-preview:large, max-video-preview:-1\" \/>\n<link rel=\"canonical\" href=\"https:\/\/www.ronaldocorreiadebrito.com.br\/site2\/2019\/07\/uma-crise-sem-nome\/\" \/>\n<meta property=\"og:locale\" content=\"pt_BR\" \/>\n<meta property=\"og:type\" content=\"article\" \/>\n<meta property=\"og:title\" content=\"Uma crise sem nome | Ronaldo Correia de Brito | site oficial\" \/>\n<meta property=\"og:description\" content=\"O homem de joelhos olha um ponto indefinido no horizonte e no futuro, ap\u00f3s atravessar por baixo a barreira de arame farpado. Seu rosto possui uma express\u00e3o antiga, como as representa\u00e7\u00f5es em cer\u00e2mica dos reis ass\u00edrios, da antiga Mesopot\u00e2mia, rel\u00edquias preciosas destru\u00eddas pelos americanos e...\" \/>\n<meta property=\"og:url\" content=\"https:\/\/www.ronaldocorreiadebrito.com.br\/site2\/2019\/07\/uma-crise-sem-nome\/\" \/>\n<meta property=\"og:site_name\" content=\"Ronaldo Correia de Brito | site oficial\" \/>\n<meta property=\"article:publisher\" content=\"https:\/\/www.facebook.com\/ronaldocorreiadebrito.oficial\" \/>\n<meta property=\"article:published_time\" content=\"2019-07-05T15:42:13+00:00\" \/>\n<meta property=\"og:image\" content=\"https:\/\/www.ronaldocorreiadebrito.com.br\/site2\/wp-content\/uploads\/2019\/07\/retirantes.jpg\" \/>\n\t<meta property=\"og:image:width\" content=\"1024\" \/>\n\t<meta property=\"og:image:height\" content=\"1087\" \/>\n\t<meta property=\"og:image:type\" content=\"image\/jpeg\" \/>\n<meta name=\"author\" content=\"admin\" \/>\n<meta name=\"twitter:card\" content=\"summary_large_image\" \/>\n<meta name=\"twitter:label1\" content=\"Escrito por\" \/>\n\t<meta name=\"twitter:data1\" content=\"admin\" \/>\n\t<meta name=\"twitter:label2\" content=\"Est. tempo de leitura\" \/>\n\t<meta name=\"twitter:data2\" content=\"4 minutos\" \/>\n<script type=\"application\/ld+json\" class=\"yoast-schema-graph\">{\"@context\":\"https:\\\/\\\/schema.org\",\"@graph\":[{\"@type\":\"Article\",\"@id\":\"https:\\\/\\\/www.ronaldocorreiadebrito.com.br\\\/site2\\\/2019\\\/07\\\/uma-crise-sem-nome\\\/#article\",\"isPartOf\":{\"@id\":\"https:\\\/\\\/www.ronaldocorreiadebrito.com.br\\\/site2\\\/2019\\\/07\\\/uma-crise-sem-nome\\\/\"},\"author\":{\"name\":\"admin\",\"@id\":\"https:\\\/\\\/www.ronaldocorreiadebrito.com.br\\\/site2\\\/#\\\/schema\\\/person\\\/99a164d0eaaff7f78b11899bc7d5e7c9\"},\"headline\":\"Uma crise sem nome\",\"datePublished\":\"2019-07-05T15:42:13+00:00\",\"mainEntityOfPage\":{\"@id\":\"https:\\\/\\\/www.ronaldocorreiadebrito.com.br\\\/site2\\\/2019\\\/07\\\/uma-crise-sem-nome\\\/\"},\"wordCount\":723,\"commentCount\":0,\"image\":{\"@id\":\"https:\\\/\\\/www.ronaldocorreiadebrito.com.br\\\/site2\\\/2019\\\/07\\\/uma-crise-sem-nome\\\/#primaryimage\"},\"thumbnailUrl\":\"https:\\\/\\\/www.ronaldocorreiadebrito.com.br\\\/site2\\\/wp-content\\\/uploads\\\/2019\\\/07\\\/retirantes.jpg\",\"articleSection\":[\"Blog\",\"Links\",\"Slider\"],\"inLanguage\":\"pt-BR\",\"potentialAction\":[{\"@type\":\"CommentAction\",\"name\":\"Comment\",\"target\":[\"https:\\\/\\\/www.ronaldocorreiadebrito.com.br\\\/site2\\\/2019\\\/07\\\/uma-crise-sem-nome\\\/#respond\"]}]},{\"@type\":\"WebPage\",\"@id\":\"https:\\\/\\\/www.ronaldocorreiadebrito.com.br\\\/site2\\\/2019\\\/07\\\/uma-crise-sem-nome\\\/\",\"url\":\"https:\\\/\\\/www.ronaldocorreiadebrito.com.br\\\/site2\\\/2019\\\/07\\\/uma-crise-sem-nome\\\/\",\"name\":\"Uma crise sem nome | Ronaldo Correia de Brito | site oficial\",\"isPartOf\":{\"@id\":\"https:\\\/\\\/www.ronaldocorreiadebrito.com.br\\\/site2\\\/#website\"},\"primaryImageOfPage\":{\"@id\":\"https:\\\/\\\/www.ronaldocorreiadebrito.com.br\\\/site2\\\/2019\\\/07\\\/uma-crise-sem-nome\\\/#primaryimage\"},\"image\":{\"@id\":\"https:\\\/\\\/www.ronaldocorreiadebrito.com.br\\\/site2\\\/2019\\\/07\\\/uma-crise-sem-nome\\\/#primaryimage\"},\"thumbnailUrl\":\"https:\\\/\\\/www.ronaldocorreiadebrito.com.br\\\/site2\\\/wp-content\\\/uploads\\\/2019\\\/07\\\/retirantes.jpg\",\"datePublished\":\"2019-07-05T15:42:13+00:00\",\"author\":{\"@id\":\"https:\\\/\\\/www.ronaldocorreiadebrito.com.br\\\/site2\\\/#\\\/schema\\\/person\\\/99a164d0eaaff7f78b11899bc7d5e7c9\"},\"breadcrumb\":{\"@id\":\"https:\\\/\\\/www.ronaldocorreiadebrito.com.br\\\/site2\\\/2019\\\/07\\\/uma-crise-sem-nome\\\/#breadcrumb\"},\"inLanguage\":\"pt-BR\",\"potentialAction\":[{\"@type\":\"ReadAction\",\"target\":[\"https:\\\/\\\/www.ronaldocorreiadebrito.com.br\\\/site2\\\/2019\\\/07\\\/uma-crise-sem-nome\\\/\"]}]},{\"@type\":\"ImageObject\",\"inLanguage\":\"pt-BR\",\"@id\":\"https:\\\/\\\/www.ronaldocorreiadebrito.com.br\\\/site2\\\/2019\\\/07\\\/uma-crise-sem-nome\\\/#primaryimage\",\"url\":\"https:\\\/\\\/www.ronaldocorreiadebrito.com.br\\\/site2\\\/wp-content\\\/uploads\\\/2019\\\/07\\\/retirantes.jpg\",\"contentUrl\":\"https:\\\/\\\/www.ronaldocorreiadebrito.com.br\\\/site2\\\/wp-content\\\/uploads\\\/2019\\\/07\\\/retirantes.jpg\",\"width\":1024,\"height\":1087},{\"@type\":\"BreadcrumbList\",\"@id\":\"https:\\\/\\\/www.ronaldocorreiadebrito.com.br\\\/site2\\\/2019\\\/07\\\/uma-crise-sem-nome\\\/#breadcrumb\",\"itemListElement\":[{\"@type\":\"ListItem\",\"position\":1,\"name\":\"In\u00edcio\",\"item\":\"https:\\\/\\\/www.ronaldocorreiadebrito.com.br\\\/site2\\\/\"},{\"@type\":\"ListItem\",\"position\":2,\"name\":\"Uma crise sem nome\"}]},{\"@type\":\"WebSite\",\"@id\":\"https:\\\/\\\/www.ronaldocorreiadebrito.com.br\\\/site2\\\/#website\",\"url\":\"https:\\\/\\\/www.ronaldocorreiadebrito.com.br\\\/site2\\\/\",\"name\":\"Ronaldo Correia de Brito | site oficial\",\"description\":\"Site oficial do escritor Ronaldo Correia de Brito\",\"potentialAction\":[{\"@type\":\"SearchAction\",\"target\":{\"@type\":\"EntryPoint\",\"urlTemplate\":\"https:\\\/\\\/www.ronaldocorreiadebrito.com.br\\\/site2\\\/?s={search_term_string}\"},\"query-input\":{\"@type\":\"PropertyValueSpecification\",\"valueRequired\":true,\"valueName\":\"search_term_string\"}}],\"inLanguage\":\"pt-BR\"},{\"@type\":\"Person\",\"@id\":\"https:\\\/\\\/www.ronaldocorreiadebrito.com.br\\\/site2\\\/#\\\/schema\\\/person\\\/99a164d0eaaff7f78b11899bc7d5e7c9\",\"name\":\"admin\",\"url\":\"https:\\\/\\\/www.ronaldocorreiadebrito.com.br\\\/site2\\\/author\\\/admin\\\/\"}]}<\/script>\n<!-- \/ Yoast SEO plugin. -->","yoast_head_json":{"title":"Uma crise sem nome | Ronaldo Correia de Brito | site oficial","robots":{"index":"index","follow":"follow","max-snippet":"max-snippet:-1","max-image-preview":"max-image-preview:large","max-video-preview":"max-video-preview:-1"},"canonical":"https:\/\/www.ronaldocorreiadebrito.com.br\/site2\/2019\/07\/uma-crise-sem-nome\/","og_locale":"pt_BR","og_type":"article","og_title":"Uma crise sem nome | Ronaldo Correia de Brito | site oficial","og_description":"O homem de joelhos olha um ponto indefinido no horizonte e no futuro, ap\u00f3s atravessar por baixo a barreira de arame farpado. Seu rosto possui uma express\u00e3o antiga, como as representa\u00e7\u00f5es em cer\u00e2mica dos reis ass\u00edrios, da antiga Mesopot\u00e2mia, rel\u00edquias preciosas destru\u00eddas pelos americanos e...","og_url":"https:\/\/www.ronaldocorreiadebrito.com.br\/site2\/2019\/07\/uma-crise-sem-nome\/","og_site_name":"Ronaldo Correia de Brito | site oficial","article_publisher":"https:\/\/www.facebook.com\/ronaldocorreiadebrito.oficial","article_published_time":"2019-07-05T15:42:13+00:00","og_image":[{"width":1024,"height":1087,"url":"https:\/\/www.ronaldocorreiadebrito.com.br\/site2\/wp-content\/uploads\/2019\/07\/retirantes.jpg","type":"image\/jpeg"}],"author":"admin","twitter_card":"summary_large_image","twitter_misc":{"Escrito por":"admin","Est. tempo de leitura":"4 minutos"},"schema":{"@context":"https:\/\/schema.org","@graph":[{"@type":"Article","@id":"https:\/\/www.ronaldocorreiadebrito.com.br\/site2\/2019\/07\/uma-crise-sem-nome\/#article","isPartOf":{"@id":"https:\/\/www.ronaldocorreiadebrito.com.br\/site2\/2019\/07\/uma-crise-sem-nome\/"},"author":{"name":"admin","@id":"https:\/\/www.ronaldocorreiadebrito.com.br\/site2\/#\/schema\/person\/99a164d0eaaff7f78b11899bc7d5e7c9"},"headline":"Uma crise sem nome","datePublished":"2019-07-05T15:42:13+00:00","mainEntityOfPage":{"@id":"https:\/\/www.ronaldocorreiadebrito.com.br\/site2\/2019\/07\/uma-crise-sem-nome\/"},"wordCount":723,"commentCount":0,"image":{"@id":"https:\/\/www.ronaldocorreiadebrito.com.br\/site2\/2019\/07\/uma-crise-sem-nome\/#primaryimage"},"thumbnailUrl":"https:\/\/www.ronaldocorreiadebrito.com.br\/site2\/wp-content\/uploads\/2019\/07\/retirantes.jpg","articleSection":["Blog","Links","Slider"],"inLanguage":"pt-BR","potentialAction":[{"@type":"CommentAction","name":"Comment","target":["https:\/\/www.ronaldocorreiadebrito.com.br\/site2\/2019\/07\/uma-crise-sem-nome\/#respond"]}]},{"@type":"WebPage","@id":"https:\/\/www.ronaldocorreiadebrito.com.br\/site2\/2019\/07\/uma-crise-sem-nome\/","url":"https:\/\/www.ronaldocorreiadebrito.com.br\/site2\/2019\/07\/uma-crise-sem-nome\/","name":"Uma crise sem nome | Ronaldo Correia de Brito | site oficial","isPartOf":{"@id":"https:\/\/www.ronaldocorreiadebrito.com.br\/site2\/#website"},"primaryImageOfPage":{"@id":"https:\/\/www.ronaldocorreiadebrito.com.br\/site2\/2019\/07\/uma-crise-sem-nome\/#primaryimage"},"image":{"@id":"https:\/\/www.ronaldocorreiadebrito.com.br\/site2\/2019\/07\/uma-crise-sem-nome\/#primaryimage"},"thumbnailUrl":"https:\/\/www.ronaldocorreiadebrito.com.br\/site2\/wp-content\/uploads\/2019\/07\/retirantes.jpg","datePublished":"2019-07-05T15:42:13+00:00","author":{"@id":"https:\/\/www.ronaldocorreiadebrito.com.br\/site2\/#\/schema\/person\/99a164d0eaaff7f78b11899bc7d5e7c9"},"breadcrumb":{"@id":"https:\/\/www.ronaldocorreiadebrito.com.br\/site2\/2019\/07\/uma-crise-sem-nome\/#breadcrumb"},"inLanguage":"pt-BR","potentialAction":[{"@type":"ReadAction","target":["https:\/\/www.ronaldocorreiadebrito.com.br\/site2\/2019\/07\/uma-crise-sem-nome\/"]}]},{"@type":"ImageObject","inLanguage":"pt-BR","@id":"https:\/\/www.ronaldocorreiadebrito.com.br\/site2\/2019\/07\/uma-crise-sem-nome\/#primaryimage","url":"https:\/\/www.ronaldocorreiadebrito.com.br\/site2\/wp-content\/uploads\/2019\/07\/retirantes.jpg","contentUrl":"https:\/\/www.ronaldocorreiadebrito.com.br\/site2\/wp-content\/uploads\/2019\/07\/retirantes.jpg","width":1024,"height":1087},{"@type":"BreadcrumbList","@id":"https:\/\/www.ronaldocorreiadebrito.com.br\/site2\/2019\/07\/uma-crise-sem-nome\/#breadcrumb","itemListElement":[{"@type":"ListItem","position":1,"name":"In\u00edcio","item":"https:\/\/www.ronaldocorreiadebrito.com.br\/site2\/"},{"@type":"ListItem","position":2,"name":"Uma crise sem nome"}]},{"@type":"WebSite","@id":"https:\/\/www.ronaldocorreiadebrito.com.br\/site2\/#website","url":"https:\/\/www.ronaldocorreiadebrito.com.br\/site2\/","name":"Ronaldo Correia de Brito | site oficial","description":"Site oficial do escritor Ronaldo Correia de Brito","potentialAction":[{"@type":"SearchAction","target":{"@type":"EntryPoint","urlTemplate":"https:\/\/www.ronaldocorreiadebrito.com.br\/site2\/?s={search_term_string}"},"query-input":{"@type":"PropertyValueSpecification","valueRequired":true,"valueName":"search_term_string"}}],"inLanguage":"pt-BR"},{"@type":"Person","@id":"https:\/\/www.ronaldocorreiadebrito.com.br\/site2\/#\/schema\/person\/99a164d0eaaff7f78b11899bc7d5e7c9","name":"admin","url":"https:\/\/www.ronaldocorreiadebrito.com.br\/site2\/author\/admin\/"}]}},"wps_subtitle":"","_links":{"self":[{"href":"https:\/\/www.ronaldocorreiadebrito.com.br\/site2\/wp-json\/wp\/v2\/posts\/1161","targetHints":{"allow":["GET"]}}],"collection":[{"href":"https:\/\/www.ronaldocorreiadebrito.com.br\/site2\/wp-json\/wp\/v2\/posts"}],"about":[{"href":"https:\/\/www.ronaldocorreiadebrito.com.br\/site2\/wp-json\/wp\/v2\/types\/post"}],"author":[{"embeddable":true,"href":"https:\/\/www.ronaldocorreiadebrito.com.br\/site2\/wp-json\/wp\/v2\/users\/1"}],"replies":[{"embeddable":true,"href":"https:\/\/www.ronaldocorreiadebrito.com.br\/site2\/wp-json\/wp\/v2\/comments?post=1161"}],"version-history":[{"count":0,"href":"https:\/\/www.ronaldocorreiadebrito.com.br\/site2\/wp-json\/wp\/v2\/posts\/1161\/revisions"}],"wp:featuredmedia":[{"embeddable":true,"href":"https:\/\/www.ronaldocorreiadebrito.com.br\/site2\/wp-json\/wp\/v2\/media\/1162"}],"wp:attachment":[{"href":"https:\/\/www.ronaldocorreiadebrito.com.br\/site2\/wp-json\/wp\/v2\/media?parent=1161"}],"wp:term":[{"taxonomy":"category","embeddable":true,"href":"https:\/\/www.ronaldocorreiadebrito.com.br\/site2\/wp-json\/wp\/v2\/categories?post=1161"},{"taxonomy":"post_tag","embeddable":true,"href":"https:\/\/www.ronaldocorreiadebrito.com.br\/site2\/wp-json\/wp\/v2\/tags?post=1161"}],"curies":[{"name":"wp","href":"https:\/\/api.w.org\/{rel}","templated":true}]}}