{"id":1153,"date":"2019-06-26T14:34:01","date_gmt":"2019-06-26T17:34:01","guid":{"rendered":"http:\/\/www.ronaldocorreiadebrito.com.br\/site2\/?p=1153"},"modified":"2019-06-26T14:34:01","modified_gmt":"2019-06-26T17:34:01","slug":"sergio-moro-rei-do-brasil","status":"publish","type":"post","link":"https:\/\/www.ronaldocorreiadebrito.com.br\/site2\/2019\/06\/sergio-moro-rei-do-brasil\/","title":{"rendered":"S\u00e9rgio Moro &#8220;Rei do Brasil&#8221;"},"content":{"rendered":"<p class=\"p1\"><span class=\"s1\">As revela\u00e7\u00f5es do jornalista Glenn Greenwald, fundador da Intercept, expuseram o lado sombrio e prevaricador do homem mais poderoso do pa\u00eds, o atual ministro da justi\u00e7a, ex juiz supremo e parcial da for\u00e7a-tarefa da Lava Jato, S\u00e9rgio Moro. O poder e o absolutismo aos poucos foram corrompendo quem se apresentava como a esperan\u00e7a na Justi\u00e7a e o fim da corrup\u00e7\u00e3o. Muitos, por cegueira e por n\u00e3o suportarem a verdade, continuam teimando em se agarrar \u00e0 cren\u00e7a do Super-Homem, apesar de todas as provas e evid\u00eancias ao contr\u00e1rio. <\/span><\/p>\n<p class=\"p2\"><span class=\"s1\">Os gregos acreditavam que quando a ordem do mundo era ferida por algum ato criminoso, instalava-se o caos. Tamb\u00e9m acreditavam que a ordem s\u00f3 seria restabelecida pela consci\u00eancia e expia\u00e7\u00e3o do crime cometido. Esse modelo simples serviu para a cria\u00e7\u00e3o do estado democr\u00e1tico e deu origem, no teatro, \u00e0 trag\u00e9dia. Sugiro aos leitores desse blog que larguem um pouco o WhatsApp, os enfadonhos e mentirosos notici\u00e1rios da TV, as entrevistas e os debates e leiam \u201c\u00c9dipo Rei\u201d de S\u00f3focles, buscando compara\u00e7\u00f5es com a trag\u00e9dia pol\u00edtica em que mergulhamos. <\/span><\/p>\n<p class=\"p1\"><span class=\"s1\"> Todos conhecem o mito que serviu de modelo para a psican\u00e1lise freudiana. Mesmo assim, vamos relembr\u00e1-lo. A seca e a peste arrasavam Tebas, e o Or\u00e1culo de Delfos foi consultado. Segundo o or\u00e1culo, um crime hediondo fora cometido, e os males s\u00f3 findariam quando o culpado fosse identificado e punido. A pe\u00e7a se inicia com a fala de \u00c9dipo aos cidad\u00e3os, que chegam ao pal\u00e1cio suplicando pela cidade. No passado, uma esfinge dizimava a popula\u00e7\u00e3o de Tebas. Ela propunha um enigma e matava quem n\u00e3o o decifrasse. \u00c9dipo havia decifrado a Esfinge e salvara o pa\u00eds. Mas agora, ele ignora quem seja o criminoso respons\u00e1vel pelas calamidades que novamente assolam cidade-estado. Julga-se inocente, isento de qualquer culpa. <\/span><\/p>\n<p class=\"p1\"><span class=\"s1\"> Convencido de que n\u00e3o \u00e9 respons\u00e1vel pelo mal, dirige-se aos tebanos:<\/span><\/p>\n<p class=\"p2\"><span class=\"s1\">\u2013 Meus pobres filhos, eu sei bem demais o que vos traz aqui e o que esperais. Sofreis e eu tamb\u00e9m sofro: minha dor excede a vossa, seja ela qual for. Vossa dor vos aflige a um por um; eu, entretanto, sofro ao mesmo tempo pelo pa\u00eds e por v\u00f3s e por mim&#8230; <\/span><\/p>\n<p class=\"p2\"><span class=\"s1\">\u00c9dipo mostra-se compassivo, mas \u00e0 medida que os acontecimentos fogem ao seu controle enreda-se no que fala, exalta-se e cria armadilhas para si mesmo. Ignora ser o autor dos delitos que trouxeram a desgra\u00e7a para o reino.<\/span><\/p>\n<p class=\"p2\"><span class=\"s1\">Nas pe\u00e7as de \u00c9squilo e S\u00f3focles, o her\u00f3i tr\u00e1gico cumpre a a\u00e7\u00e3o tra\u00e7ada pelo destino, mesmo que ela exceda o seu discernimento e querer. Resta-lhe unicamente acatar o que estava escrito, e pela consci\u00eancia do ato tr\u00e1gico, refazer a si e ao Cosmo. <\/span><\/p>\n<p class=\"p2\"><span class=\"s1\">Apresentemos Tir\u00e9sias, um cego adivinho que conhece a desgra\u00e7a do rei, mas prefere calar. Trazido \u00e0 presen\u00e7a do soberano, ele se nega a dizer o que sabe, no intuito de poupar ao rei e a si mesmo. Depois de sofrer muitas amea\u00e7as, finalmente confessa que \u00c9dipo \u00e9 a maldi\u00e7\u00e3o que pesa sobre Tebas, e afirma:<\/span><\/p>\n<p class=\"p2\"><span class=\"s1\">\u2013 Sobre tua cabe\u00e7a pende o an\u00e1tema que teus l\u00e1bios lan\u00e7aram!<\/span><\/p>\n<p class=\"p2\"><span class=\"s1\">\u00c9dipo n\u00e3o acredita nas palavras do vidente. Apoiado na teoria conspirat\u00f3ria, afirma que Tir\u00e9sias e Creonte, irm\u00e3o de sua esposa Jocasta, conspiram para dep\u00f4-lo do trono. Esse ardil continuar\u00e1 em uso pelos governantes, ao longo da hist\u00f3ria. \u00c9dipo sofre de um excesso de confian\u00e7a em si mesmo e na credibilidade do povo. Mas Tir\u00e9sias, depois de tentar poup\u00e1-lo, \u00e9 possu\u00eddo do furor dos adivinhos, e o fustiga sem piedade. Revela que foi ele quem assassinou o pai, casou com a m\u00e3e e com ela teve quatro filhos, assumindo o trono paterno. <\/span><\/p>\n<p class=\"p2\"><span class=\"s1\">Ah, o destino! No Brasil, a trag\u00e9dia se revela nos grandes embates sociais, em massacres como o de Canudos ou Carandiru. Para as nossas crises pol\u00edticas, encontramos sempre fugas melodram\u00e1ticas. O corte tr\u00e1gico implica na apura\u00e7\u00e3o rigorosa do crime e na puni\u00e7\u00e3o dos culpados. \u00c9dipo procura um criminoso, chega a si mesmo, fura os olhos e se exila. H\u00e1 centenas de anos, \u00e9 esta a fun\u00e7\u00e3o da trag\u00e9dia: ferir, punir, restabelecer. Se n\u00e3o cumprirmos a ordem c\u00f3smica, teremos um final rocambolesco, uma \u00f3pera bufa com brasileiros nas ruas, agitando cartazes como os tebanos agitavam ramos, recitando em coro para o rei nu S\u00e9rgio Moro: <\/span><\/p>\n<p class=\"p2\">\n<p>&nbsp;<\/p>\n<blockquote>\n<p class=\"p1\"><span class=\"s1\">\u2013 As \u00e1guas dos rios todos da terra<\/span><\/p>\n<p class=\"p1\"><span class=\"s1\">talvez n\u00e3o bastem para lavar a imund\u00edcie<\/span><\/p>\n<p class=\"p1\"><span class=\"s1\">desta <i>Casa <\/i>\u2013 tamanhos s\u00e3o os males<\/span><\/p>\n<p class=\"p1\"><span class=\"s1\">j\u00e1 mostrados, e os mais que se h\u00e1 de mostrar,<\/span><\/p>\n<p class=\"p1\"><span class=\"s1\">premeditados, n\u00e3o ocasionais&#8230;<\/p>\n<p><\/span><\/p>\n<p class=\"p1\"><span class=\"s1\">E agora, \u00f3 nosso glorioso <i>Rei<\/i>, <\/span><\/p>\n<p class=\"p1\"><span class=\"s1\">\u00e9 a ti que recorremos, suplicantes,<\/span><\/p>\n<p class=\"p1\"><span class=\"s1\">para que nos descubras um rem\u00e9dio,<\/span><\/p>\n<p class=\"p1\"><span class=\"s1\">seja por nova inspira\u00e7\u00e3o divina <\/span><\/p>\n<p class=\"p1\"><span class=\"s1\">ou pela tua experi\u00eancia humana,<\/span><\/p>\n<p class=\"p1\"><span class=\"s1\">pois o homem que antes agiu bem,<\/span><\/p>\n<p class=\"p1\"><span class=\"s1\">depois, s\u00f3 poder\u00e1 dar bons conselhos.<\/span><\/p>\n<p class=\"p1\"><span class=\"s1\">Salva a cidade, \u00f3 melhor dos mortais!<\/span><\/p>\n<p class=\"p1\"><span class=\"s1\">&#8230; N\u00e3o deixes que lembremos teu reinado <\/span><\/p>\n<p class=\"p1\"><span class=\"s1\">como o que nos chegou a levantar <\/span><\/p>\n<p class=\"p1\"><span class=\"s1\">para adiante nos deixar cair!\u201d<\/span><\/p>\n<\/blockquote>\n","protected":false},"excerpt":{"rendered":"<p>As revela\u00e7\u00f5es do jornalista Glenn Greenwald, fundador da Intercept, expuseram o lado sombrio e prevaricador do homem mais poderoso do pa\u00eds, o atual ministro da justi\u00e7a, ex juiz supremo e parcial da for\u00e7a-tarefa da Lava Jato, S\u00e9rgio Moro. O poder e o absolutismo aos poucos&#8230;<\/p>\n","protected":false},"author":1,"featured_media":1154,"comment_status":"open","ping_status":"closed","sticky":false,"template":"","format":"standard","meta":{"sfsi_plus_gutenberg_text_before_share":"","sfsi_plus_gutenberg_show_text_before_share":"","sfsi_plus_gutenberg_icon_type":"","sfsi_plus_gutenberg_icon_alignemt":"","sfsi_plus_gutenburg_max_per_row":"","footnotes":""},"categories":[8,46,45],"tags":[184,185,186],"class_list":["post-1153","post","type-post","status-publish","format-standard","has-post-thumbnail","hentry","category-blog","category-links","category-slider","tag-moro","tag-sergio-moro","tag-vazajato"],"yoast_head":"<!-- This site is optimized with the Yoast SEO plugin v27.4 - https:\/\/yoast.com\/product\/yoast-seo-wordpress\/ -->\n<title>S\u00e9rgio Moro &quot;Rei do Brasil&quot; | Ronaldo Correia de Brito | site oficial<\/title>\n<meta name=\"robots\" content=\"index, follow, max-snippet:-1, max-image-preview:large, max-video-preview:-1\" \/>\n<link rel=\"canonical\" href=\"https:\/\/www.ronaldocorreiadebrito.com.br\/site2\/2019\/06\/sergio-moro-rei-do-brasil\/\" \/>\n<meta property=\"og:locale\" content=\"pt_BR\" \/>\n<meta property=\"og:type\" content=\"article\" \/>\n<meta property=\"og:title\" content=\"S\u00e9rgio Moro &quot;Rei do Brasil&quot; | Ronaldo Correia de Brito | site oficial\" \/>\n<meta property=\"og:description\" content=\"As revela\u00e7\u00f5es do jornalista Glenn Greenwald, fundador da Intercept, expuseram o lado sombrio e prevaricador do homem mais poderoso do pa\u00eds, o atual ministro da justi\u00e7a, ex juiz supremo e parcial da for\u00e7a-tarefa da Lava Jato, S\u00e9rgio Moro. O poder e o absolutismo aos poucos...\" \/>\n<meta property=\"og:url\" content=\"https:\/\/www.ronaldocorreiadebrito.com.br\/site2\/2019\/06\/sergio-moro-rei-do-brasil\/\" \/>\n<meta property=\"og:site_name\" content=\"Ronaldo Correia de Brito | site oficial\" \/>\n<meta property=\"article:publisher\" content=\"https:\/\/www.facebook.com\/ronaldocorreiadebrito.oficial\" \/>\n<meta property=\"article:published_time\" content=\"2019-06-26T17:34:01+00:00\" \/>\n<meta property=\"og:image\" content=\"https:\/\/www.ronaldocorreiadebrito.com.br\/site2\/wp-content\/uploads\/2019\/06\/Design-sem-nome.png\" \/>\n\t<meta property=\"og:image:width\" content=\"940\" \/>\n\t<meta property=\"og:image:height\" content=\"663\" \/>\n\t<meta property=\"og:image:type\" content=\"image\/png\" \/>\n<meta name=\"author\" content=\"admin\" \/>\n<meta name=\"twitter:card\" content=\"summary_large_image\" \/>\n<meta name=\"twitter:label1\" content=\"Escrito por\" \/>\n\t<meta name=\"twitter:data1\" content=\"admin\" \/>\n\t<meta name=\"twitter:label2\" content=\"Est. tempo de leitura\" \/>\n\t<meta name=\"twitter:data2\" content=\"4 minutos\" \/>\n<script type=\"application\/ld+json\" class=\"yoast-schema-graph\">{\"@context\":\"https:\\\/\\\/schema.org\",\"@graph\":[{\"@type\":\"Article\",\"@id\":\"https:\\\/\\\/www.ronaldocorreiadebrito.com.br\\\/site2\\\/2019\\\/06\\\/sergio-moro-rei-do-brasil\\\/#article\",\"isPartOf\":{\"@id\":\"https:\\\/\\\/www.ronaldocorreiadebrito.com.br\\\/site2\\\/2019\\\/06\\\/sergio-moro-rei-do-brasil\\\/\"},\"author\":{\"name\":\"admin\",\"@id\":\"https:\\\/\\\/www.ronaldocorreiadebrito.com.br\\\/site2\\\/#\\\/schema\\\/person\\\/99a164d0eaaff7f78b11899bc7d5e7c9\"},\"headline\":\"S\u00e9rgio Moro &#8220;Rei do Brasil&#8221;\",\"datePublished\":\"2019-06-26T17:34:01+00:00\",\"mainEntityOfPage\":{\"@id\":\"https:\\\/\\\/www.ronaldocorreiadebrito.com.br\\\/site2\\\/2019\\\/06\\\/sergio-moro-rei-do-brasil\\\/\"},\"wordCount\":877,\"commentCount\":0,\"image\":{\"@id\":\"https:\\\/\\\/www.ronaldocorreiadebrito.com.br\\\/site2\\\/2019\\\/06\\\/sergio-moro-rei-do-brasil\\\/#primaryimage\"},\"thumbnailUrl\":\"https:\\\/\\\/www.ronaldocorreiadebrito.com.br\\\/site2\\\/wp-content\\\/uploads\\\/2019\\\/06\\\/Design-sem-nome.png\",\"keywords\":[\"moro\",\"sergio moro\",\"vazajato\"],\"articleSection\":[\"Blog\",\"Links\",\"Slider\"],\"inLanguage\":\"pt-BR\",\"potentialAction\":[{\"@type\":\"CommentAction\",\"name\":\"Comment\",\"target\":[\"https:\\\/\\\/www.ronaldocorreiadebrito.com.br\\\/site2\\\/2019\\\/06\\\/sergio-moro-rei-do-brasil\\\/#respond\"]}]},{\"@type\":\"WebPage\",\"@id\":\"https:\\\/\\\/www.ronaldocorreiadebrito.com.br\\\/site2\\\/2019\\\/06\\\/sergio-moro-rei-do-brasil\\\/\",\"url\":\"https:\\\/\\\/www.ronaldocorreiadebrito.com.br\\\/site2\\\/2019\\\/06\\\/sergio-moro-rei-do-brasil\\\/\",\"name\":\"S\u00e9rgio Moro \\\"Rei do Brasil\\\" | Ronaldo Correia de Brito | site oficial\",\"isPartOf\":{\"@id\":\"https:\\\/\\\/www.ronaldocorreiadebrito.com.br\\\/site2\\\/#website\"},\"primaryImageOfPage\":{\"@id\":\"https:\\\/\\\/www.ronaldocorreiadebrito.com.br\\\/site2\\\/2019\\\/06\\\/sergio-moro-rei-do-brasil\\\/#primaryimage\"},\"image\":{\"@id\":\"https:\\\/\\\/www.ronaldocorreiadebrito.com.br\\\/site2\\\/2019\\\/06\\\/sergio-moro-rei-do-brasil\\\/#primaryimage\"},\"thumbnailUrl\":\"https:\\\/\\\/www.ronaldocorreiadebrito.com.br\\\/site2\\\/wp-content\\\/uploads\\\/2019\\\/06\\\/Design-sem-nome.png\",\"datePublished\":\"2019-06-26T17:34:01+00:00\",\"author\":{\"@id\":\"https:\\\/\\\/www.ronaldocorreiadebrito.com.br\\\/site2\\\/#\\\/schema\\\/person\\\/99a164d0eaaff7f78b11899bc7d5e7c9\"},\"breadcrumb\":{\"@id\":\"https:\\\/\\\/www.ronaldocorreiadebrito.com.br\\\/site2\\\/2019\\\/06\\\/sergio-moro-rei-do-brasil\\\/#breadcrumb\"},\"inLanguage\":\"pt-BR\",\"potentialAction\":[{\"@type\":\"ReadAction\",\"target\":[\"https:\\\/\\\/www.ronaldocorreiadebrito.com.br\\\/site2\\\/2019\\\/06\\\/sergio-moro-rei-do-brasil\\\/\"]}]},{\"@type\":\"ImageObject\",\"inLanguage\":\"pt-BR\",\"@id\":\"https:\\\/\\\/www.ronaldocorreiadebrito.com.br\\\/site2\\\/2019\\\/06\\\/sergio-moro-rei-do-brasil\\\/#primaryimage\",\"url\":\"https:\\\/\\\/www.ronaldocorreiadebrito.com.br\\\/site2\\\/wp-content\\\/uploads\\\/2019\\\/06\\\/Design-sem-nome.png\",\"contentUrl\":\"https:\\\/\\\/www.ronaldocorreiadebrito.com.br\\\/site2\\\/wp-content\\\/uploads\\\/2019\\\/06\\\/Design-sem-nome.png\",\"width\":940,\"height\":663},{\"@type\":\"BreadcrumbList\",\"@id\":\"https:\\\/\\\/www.ronaldocorreiadebrito.com.br\\\/site2\\\/2019\\\/06\\\/sergio-moro-rei-do-brasil\\\/#breadcrumb\",\"itemListElement\":[{\"@type\":\"ListItem\",\"position\":1,\"name\":\"In\u00edcio\",\"item\":\"https:\\\/\\\/www.ronaldocorreiadebrito.com.br\\\/site2\\\/\"},{\"@type\":\"ListItem\",\"position\":2,\"name\":\"S\u00e9rgio Moro &#8220;Rei do Brasil&#8221;\"}]},{\"@type\":\"WebSite\",\"@id\":\"https:\\\/\\\/www.ronaldocorreiadebrito.com.br\\\/site2\\\/#website\",\"url\":\"https:\\\/\\\/www.ronaldocorreiadebrito.com.br\\\/site2\\\/\",\"name\":\"Ronaldo Correia de Brito | site oficial\",\"description\":\"Site oficial do escritor Ronaldo Correia de Brito\",\"potentialAction\":[{\"@type\":\"SearchAction\",\"target\":{\"@type\":\"EntryPoint\",\"urlTemplate\":\"https:\\\/\\\/www.ronaldocorreiadebrito.com.br\\\/site2\\\/?s={search_term_string}\"},\"query-input\":{\"@type\":\"PropertyValueSpecification\",\"valueRequired\":true,\"valueName\":\"search_term_string\"}}],\"inLanguage\":\"pt-BR\"},{\"@type\":\"Person\",\"@id\":\"https:\\\/\\\/www.ronaldocorreiadebrito.com.br\\\/site2\\\/#\\\/schema\\\/person\\\/99a164d0eaaff7f78b11899bc7d5e7c9\",\"name\":\"admin\",\"url\":\"https:\\\/\\\/www.ronaldocorreiadebrito.com.br\\\/site2\\\/author\\\/admin\\\/\"}]}<\/script>\n<!-- \/ Yoast SEO plugin. -->","yoast_head_json":{"title":"S\u00e9rgio Moro \"Rei do Brasil\" | Ronaldo Correia de Brito | site oficial","robots":{"index":"index","follow":"follow","max-snippet":"max-snippet:-1","max-image-preview":"max-image-preview:large","max-video-preview":"max-video-preview:-1"},"canonical":"https:\/\/www.ronaldocorreiadebrito.com.br\/site2\/2019\/06\/sergio-moro-rei-do-brasil\/","og_locale":"pt_BR","og_type":"article","og_title":"S\u00e9rgio Moro \"Rei do Brasil\" | Ronaldo Correia de Brito | site oficial","og_description":"As revela\u00e7\u00f5es do jornalista Glenn Greenwald, fundador da Intercept, expuseram o lado sombrio e prevaricador do homem mais poderoso do pa\u00eds, o atual ministro da justi\u00e7a, ex juiz supremo e parcial da for\u00e7a-tarefa da Lava Jato, S\u00e9rgio Moro. O poder e o absolutismo aos poucos...","og_url":"https:\/\/www.ronaldocorreiadebrito.com.br\/site2\/2019\/06\/sergio-moro-rei-do-brasil\/","og_site_name":"Ronaldo Correia de Brito | site oficial","article_publisher":"https:\/\/www.facebook.com\/ronaldocorreiadebrito.oficial","article_published_time":"2019-06-26T17:34:01+00:00","og_image":[{"width":940,"height":663,"url":"https:\/\/www.ronaldocorreiadebrito.com.br\/site2\/wp-content\/uploads\/2019\/06\/Design-sem-nome.png","type":"image\/png"}],"author":"admin","twitter_card":"summary_large_image","twitter_misc":{"Escrito por":"admin","Est. tempo de leitura":"4 minutos"},"schema":{"@context":"https:\/\/schema.org","@graph":[{"@type":"Article","@id":"https:\/\/www.ronaldocorreiadebrito.com.br\/site2\/2019\/06\/sergio-moro-rei-do-brasil\/#article","isPartOf":{"@id":"https:\/\/www.ronaldocorreiadebrito.com.br\/site2\/2019\/06\/sergio-moro-rei-do-brasil\/"},"author":{"name":"admin","@id":"https:\/\/www.ronaldocorreiadebrito.com.br\/site2\/#\/schema\/person\/99a164d0eaaff7f78b11899bc7d5e7c9"},"headline":"S\u00e9rgio Moro &#8220;Rei do Brasil&#8221;","datePublished":"2019-06-26T17:34:01+00:00","mainEntityOfPage":{"@id":"https:\/\/www.ronaldocorreiadebrito.com.br\/site2\/2019\/06\/sergio-moro-rei-do-brasil\/"},"wordCount":877,"commentCount":0,"image":{"@id":"https:\/\/www.ronaldocorreiadebrito.com.br\/site2\/2019\/06\/sergio-moro-rei-do-brasil\/#primaryimage"},"thumbnailUrl":"https:\/\/www.ronaldocorreiadebrito.com.br\/site2\/wp-content\/uploads\/2019\/06\/Design-sem-nome.png","keywords":["moro","sergio moro","vazajato"],"articleSection":["Blog","Links","Slider"],"inLanguage":"pt-BR","potentialAction":[{"@type":"CommentAction","name":"Comment","target":["https:\/\/www.ronaldocorreiadebrito.com.br\/site2\/2019\/06\/sergio-moro-rei-do-brasil\/#respond"]}]},{"@type":"WebPage","@id":"https:\/\/www.ronaldocorreiadebrito.com.br\/site2\/2019\/06\/sergio-moro-rei-do-brasil\/","url":"https:\/\/www.ronaldocorreiadebrito.com.br\/site2\/2019\/06\/sergio-moro-rei-do-brasil\/","name":"S\u00e9rgio Moro \"Rei do Brasil\" | Ronaldo Correia de Brito | site oficial","isPartOf":{"@id":"https:\/\/www.ronaldocorreiadebrito.com.br\/site2\/#website"},"primaryImageOfPage":{"@id":"https:\/\/www.ronaldocorreiadebrito.com.br\/site2\/2019\/06\/sergio-moro-rei-do-brasil\/#primaryimage"},"image":{"@id":"https:\/\/www.ronaldocorreiadebrito.com.br\/site2\/2019\/06\/sergio-moro-rei-do-brasil\/#primaryimage"},"thumbnailUrl":"https:\/\/www.ronaldocorreiadebrito.com.br\/site2\/wp-content\/uploads\/2019\/06\/Design-sem-nome.png","datePublished":"2019-06-26T17:34:01+00:00","author":{"@id":"https:\/\/www.ronaldocorreiadebrito.com.br\/site2\/#\/schema\/person\/99a164d0eaaff7f78b11899bc7d5e7c9"},"breadcrumb":{"@id":"https:\/\/www.ronaldocorreiadebrito.com.br\/site2\/2019\/06\/sergio-moro-rei-do-brasil\/#breadcrumb"},"inLanguage":"pt-BR","potentialAction":[{"@type":"ReadAction","target":["https:\/\/www.ronaldocorreiadebrito.com.br\/site2\/2019\/06\/sergio-moro-rei-do-brasil\/"]}]},{"@type":"ImageObject","inLanguage":"pt-BR","@id":"https:\/\/www.ronaldocorreiadebrito.com.br\/site2\/2019\/06\/sergio-moro-rei-do-brasil\/#primaryimage","url":"https:\/\/www.ronaldocorreiadebrito.com.br\/site2\/wp-content\/uploads\/2019\/06\/Design-sem-nome.png","contentUrl":"https:\/\/www.ronaldocorreiadebrito.com.br\/site2\/wp-content\/uploads\/2019\/06\/Design-sem-nome.png","width":940,"height":663},{"@type":"BreadcrumbList","@id":"https:\/\/www.ronaldocorreiadebrito.com.br\/site2\/2019\/06\/sergio-moro-rei-do-brasil\/#breadcrumb","itemListElement":[{"@type":"ListItem","position":1,"name":"In\u00edcio","item":"https:\/\/www.ronaldocorreiadebrito.com.br\/site2\/"},{"@type":"ListItem","position":2,"name":"S\u00e9rgio Moro &#8220;Rei do Brasil&#8221;"}]},{"@type":"WebSite","@id":"https:\/\/www.ronaldocorreiadebrito.com.br\/site2\/#website","url":"https:\/\/www.ronaldocorreiadebrito.com.br\/site2\/","name":"Ronaldo Correia de Brito | site oficial","description":"Site oficial do escritor Ronaldo Correia de Brito","potentialAction":[{"@type":"SearchAction","target":{"@type":"EntryPoint","urlTemplate":"https:\/\/www.ronaldocorreiadebrito.com.br\/site2\/?s={search_term_string}"},"query-input":{"@type":"PropertyValueSpecification","valueRequired":true,"valueName":"search_term_string"}}],"inLanguage":"pt-BR"},{"@type":"Person","@id":"https:\/\/www.ronaldocorreiadebrito.com.br\/site2\/#\/schema\/person\/99a164d0eaaff7f78b11899bc7d5e7c9","name":"admin","url":"https:\/\/www.ronaldocorreiadebrito.com.br\/site2\/author\/admin\/"}]}},"wps_subtitle":"","_links":{"self":[{"href":"https:\/\/www.ronaldocorreiadebrito.com.br\/site2\/wp-json\/wp\/v2\/posts\/1153","targetHints":{"allow":["GET"]}}],"collection":[{"href":"https:\/\/www.ronaldocorreiadebrito.com.br\/site2\/wp-json\/wp\/v2\/posts"}],"about":[{"href":"https:\/\/www.ronaldocorreiadebrito.com.br\/site2\/wp-json\/wp\/v2\/types\/post"}],"author":[{"embeddable":true,"href":"https:\/\/www.ronaldocorreiadebrito.com.br\/site2\/wp-json\/wp\/v2\/users\/1"}],"replies":[{"embeddable":true,"href":"https:\/\/www.ronaldocorreiadebrito.com.br\/site2\/wp-json\/wp\/v2\/comments?post=1153"}],"version-history":[{"count":0,"href":"https:\/\/www.ronaldocorreiadebrito.com.br\/site2\/wp-json\/wp\/v2\/posts\/1153\/revisions"}],"wp:featuredmedia":[{"embeddable":true,"href":"https:\/\/www.ronaldocorreiadebrito.com.br\/site2\/wp-json\/wp\/v2\/media\/1154"}],"wp:attachment":[{"href":"https:\/\/www.ronaldocorreiadebrito.com.br\/site2\/wp-json\/wp\/v2\/media?parent=1153"}],"wp:term":[{"taxonomy":"category","embeddable":true,"href":"https:\/\/www.ronaldocorreiadebrito.com.br\/site2\/wp-json\/wp\/v2\/categories?post=1153"},{"taxonomy":"post_tag","embeddable":true,"href":"https:\/\/www.ronaldocorreiadebrito.com.br\/site2\/wp-json\/wp\/v2\/tags?post=1153"}],"curies":[{"name":"wp","href":"https:\/\/api.w.org\/{rel}","templated":true}]}}