{"id":1139,"date":"2019-03-25T10:48:06","date_gmt":"2019-03-25T13:48:06","guid":{"rendered":"http:\/\/www.ronaldocorreiadebrito.com.br\/site2\/?p=1139"},"modified":"2019-03-25T10:48:06","modified_gmt":"2019-03-25T13:48:06","slug":"estrela-e-o-crescente","status":"publish","type":"post","link":"https:\/\/www.ronaldocorreiadebrito.com.br\/site2\/2019\/03\/estrela-e-o-crescente\/","title":{"rendered":"A estrela e o crescente"},"content":{"rendered":"<p class=\"p1\"><span class=\"s1\">(Com esse pequeno ensaio, publicado h\u00e1 mais de 15 anos na Revista Continente, encerramos a s\u00e9rie de tr\u00eas cr\u00f4nicas sobre os embates entre Ocidente e Oriente)<\/span><\/p>\n<p class=\"p3\"><span class=\"s1\">A tradi\u00e7\u00e3o popular nos ensinou que S\u00e3o Francisco de Assis foi o primeiro a encenar um auto natalino, com os temas pastoris que chegaram at\u00e9 os dias de hoje. Isso pode ser verdade para a representa\u00e7\u00e3o teatral. Por\u00e9m conhecemos v\u00e1rios registros mais antigos da Cena da Natividade, todos com influ\u00eancias pag\u00e3s, evidenciando o interesse que tinha a igreja da \u00e9poca em conquistar os rebanhos desgarrados. <\/span><\/p>\n<p class=\"p3\"><span class=\"s1\">Numa cer\u00e2mica do s\u00e9culo IV, sobre o nascimento de Jesus, encontramos dois animais bem comuns nas lapinhas: o boi e o jumento. As pessoas daquela \u00e9poca sabiam que eles simbolizavam os irm\u00e3os inimigos, Seth e Os\u00edris. Segundo a mitologia eg\u00edpcia, Seth havia assassinado Os\u00edris para vingar-se de uma afronta. A inten\u00e7\u00e3o de coloc\u00e1-los juntos naquele cen\u00e1rio era a de afirmar que em Cristo os opostos se reconciliam. No mesmo pres\u00e9pio de barro, tr\u00eas reis se curvam diante do Menino: <i>Tendo pois, nascido Jesus em Bel\u00e9m de Jud\u00e1, reinando o rei Herodes, eis que uns Magos chegaram do Oriente a Jerusal\u00e9m, dizendo: Onde est\u00e1 o rei dos Judeus, que acaba de nascer? Porque n\u00f3s vimos a sua estrela no Oriente e<\/i> <i>viemos ador\u00e1-lo.<\/i> <i>(Mateus, 2-1)<\/i> <\/span><\/p>\n<p class=\"p3\"><span class=\"s1\">Afirma-se que os evangelhos foram ditados por Deus e que os homens s\u00e3o meros escribas. Suspeitamos, no entanto, que os textos sagrados tenham sido adaptados aos interesses da igreja e dos seus pregadores. Chamamos a aten\u00e7\u00e3o para um outro detalhe da cer\u00e2mica. Os tr\u00eas reis Magos ostentam chap\u00e9us fr\u00edgios, uma indument\u00e1ria caracter\u00edstica do deus persa Mitra, que junto com os seus seguidores eram terr\u00edveis rivais do cristianismo. H\u00e1 uma inten\u00e7\u00e3o evidente, por parte da Igreja do s\u00e9c. IV, em mostrar os s\u00edmbolos das mitologias orientais curvados aos p\u00e9s daquele que seria a encarna\u00e7\u00e3o hist\u00f3rica do \u00fanico e verdadeiro Deus.<\/span><\/p>\n<p class=\"p1\"><span class=\"s1\"> Quando Mateus escreve sobre o nascimento de Jesus, se refere aos Reis Magos como vindos do Oriente. Isto \u00e9 afirmar que Bel\u00e9m n\u00e3o fica no Oriente? Ou que est\u00e1 a ocidente, embora se situe no que chamamos hoje de Oriente M\u00e9dio? Insisto nessas quest\u00f5es geogr\u00e1ficas porque o cristianismo judaico, religi\u00e3o que se ocidentalizou com o passar dos s\u00e9culos, agravou essa ruptura. <\/span><\/p>\n<p class=\"p3\"><span class=\"s1\">No G\u00eanesis, Abra\u00e3o \u00e9 pai de dois filhos: Isaac, com a esposa Sara, da mesma ra\u00e7a e estirpe; e Ismael, com a escrava eg\u00edpcia, Agar. As incompatibilidades entre esposas se manifestam e Sara exige que Abra\u00e3o expulse a escrava com o seu filho indesejado. Ismael e a m\u00e3e s\u00e3o abandonados no deserto, mas o Deus de Abra\u00e3o se compadece do menino e promete fazer de sua descend\u00eancia um grande povo. Est\u00e1 escrito que Ismael habitou no deserto de Faran e sua m\u00e3e tomou para ele uma mulher eg\u00edpcia. Com imagina\u00e7\u00e3o po\u00e9tica seria poss\u00edvel acreditar que o boi e o jumento da cer\u00e2mica representam tamb\u00e9m os dois irm\u00e3os inimigos, Isaac e Ismael. <\/span><\/p>\n<p class=\"p1\"><span class=\"s1\"> N\u00e3o \u00e9 de surpreender que as grandes religi\u00f5es que se espalharam pelo mundo tenham surgido no Oriente. L\u00e1, come\u00e7a a trajet\u00f3ria do homem, o seu registro em escrita. A Europa e o chamado mundo ocidental, com exce\u00e7\u00e3o da Gr\u00e9cia, t\u00eam uma hist\u00f3ria mais recente. \u00c9 compreens\u00edvel que o pregador crist\u00e3o Paulo, embora sendo cidad\u00e3o romano, comece o seu apostolado na cidade de Antioquia, na S\u00edria, ponto de partida e retorno das suas viagens. Numa das suas apari\u00e7\u00f5es, Cristo havia-lhe ordenado: <i>Vai porque eu te enviarei \u00e0s na\u00e7\u00f5es remotas.<\/i> S\u00f3 mais tarde, Paulo se dedicar\u00e1 \u00e0 catequese de Roma. H\u00e1, de in\u00edcio, um movimento pac\u00edfico de conquista do Oriente para a f\u00e9 crist\u00e3, em que as \u00fanicas armas usadas s\u00e3o as palavras e os atos apost\u00f3licos, bem diferentes do que seriam mais tarde as cruzadas e os tribunais de inquisi\u00e7\u00e3o.<\/span><\/p>\n<p class=\"p1\"><span class=\"s1\"> No s\u00e9culo VII, quando Maom\u00e9 fundou o Isl\u00e3, o cristianismo j\u00e1 era a religi\u00e3o oficial do imp\u00e9rio romano e se encontrava difundido por todo o Oriente, convivendo em muitos pa\u00edses e cidades com o juda\u00edsmo, o zoroastrismo, resqu\u00edcios do paganismo grego e romano e cren\u00e7as locais. O islamismo surge como um levante do mundo \u00e1rabe, num tempo em que a igreja de Cristo passava por v\u00e1rias divis\u00f5es. <\/span><\/p>\n<p class=\"p3\"><span class=\"s1\">Segundo a tradi\u00e7\u00e3o, rabinos judeus, monges crist\u00e3os e adivinhos \u00e1rabes previam o advento de um profeta. Maom\u00e9 \u00e9 o \u201cAnunciado\u201d e adota a linha dos profetas da tradi\u00e7\u00e3o judaica e crist\u00e3.<span class=\"Apple-converted-space\">\u00a0 <\/span>O Isl\u00e3 reivindica os direitos \u00e0 ancestralidade de Abra\u00e3o, fundador de uma f\u00e9 monote\u00edsta, comum n\u00e3o apenas a judeus e crist\u00e3os, mas tamb\u00e9m aos mu\u00e7ulmanos. Com a universaliza\u00e7\u00e3o da doutrina isl\u00e2mica, os v\u00ednculos com essas religi\u00f5es se desfazem. As ora\u00e7\u00f5es, antes proferidas com os fi\u00e9is voltados para Jerusal\u00e9m, agora s\u00e3o recitadas na dire\u00e7\u00e3o de Meca. Os judeus, habituados a um conv\u00edvio pac\u00edfico na Ar\u00e1bia, s\u00e3o perseguidos e mortos. Os descendentes do pai comum Abra\u00e3o, beligeram. O Profeta declara em uma de suas \u00faltimas mensagens que todos os mu\u00e7ulmanos s\u00e3o irm\u00e3os e que devem combater os outros homens, at\u00e9 que eles digam: <i>S\u00f3 h\u00e1 um Deus, Al\u00e1.<\/i><\/span><\/p>\n<p class=\"p1\"><span class=\"s1\"> As encena\u00e7\u00f5es populares sobre o nascimento de Jesus guardam significados nem sempre percept\u00edveis a um observador desatento.<span class=\"Apple-converted-space\">\u00a0 <\/span>No auto de reisados, homens vestidos de vermelho e azul, enfileirados em dois cord\u00f5es, representam mouros e crist\u00e3os em seus combates. Armados de espadas, eles se desafiam recitando embaixadas, que rememoram lidas medievais. <\/span><\/p>\n<p class=\"p3\"><span class=\"s1\">Podemos perguntar como e para que se guardou essa mem\u00f3ria. Talvez as lutas entre mu\u00e7ulmanos e crist\u00e3os tenham sido t\u00e3o sangrentas, que as suas marcas n\u00e3o se desfizeram. O teatro tem a fun\u00e7\u00e3o de rememor\u00e1-las, para que os erros n\u00e3o se repitam. Orientais e ocidentais j\u00e1 se mataram bastante. Agora, basta-nos a simboliza\u00e7\u00e3o das guerras. <\/span><\/p>\n<p class=\"p3\"><span class=\"s1\">Os historiadores leem na cena do pres\u00e9pio de cer\u00e2mica que o Oriente se dobra ao Ocidente. \u00c9 bem prov\u00e1vel que a inten\u00e7\u00e3o do artista an\u00f4nimo fosse um gesto de paz. Como na humilde brincadeira do pastoril, em que uma menina, a Diana, veste-se com as duas cores rivais, o vermelho e o azul, propondo a reconcilia\u00e7\u00e3o dos inimigos. Ser\u00e1 que apenas na arte \u00e9 poss\u00edvel o encontro da Estrela com o Crescente?<\/span><\/p>\n","protected":false},"excerpt":{"rendered":"<p>(Com esse pequeno ensaio, publicado h\u00e1 mais de 15 anos na Revista Continente, encerramos a s\u00e9rie de tr\u00eas cr\u00f4nicas sobre os embates entre Ocidente e Oriente) A tradi\u00e7\u00e3o popular nos ensinou que S\u00e3o Francisco de Assis foi o primeiro a encenar um auto natalino, com&#8230;<\/p>\n","protected":false},"author":1,"featured_media":1140,"comment_status":"open","ping_status":"closed","sticky":false,"template":"","format":"standard","meta":{"sfsi_plus_gutenberg_text_before_share":"","sfsi_plus_gutenberg_show_text_before_share":"","sfsi_plus_gutenberg_icon_type":"","sfsi_plus_gutenberg_icon_alignemt":"","sfsi_plus_gutenburg_max_per_row":"","footnotes":""},"categories":[8,46,45],"tags":[179,180,178],"class_list":["post-1139","post","type-post","status-publish","format-standard","has-post-thumbnail","hentry","category-blog","category-links","category-slider","tag-cristianismo","tag-islamismo","tag-religiao"],"yoast_head":"<!-- This site is optimized with the Yoast SEO plugin v27.4 - https:\/\/yoast.com\/product\/yoast-seo-wordpress\/ -->\n<title>A estrela e o crescente | Ronaldo Correia de Brito | site oficial<\/title>\n<meta name=\"robots\" content=\"index, follow, max-snippet:-1, max-image-preview:large, max-video-preview:-1\" \/>\n<link rel=\"canonical\" href=\"https:\/\/www.ronaldocorreiadebrito.com.br\/site2\/2019\/03\/estrela-e-o-crescente\/\" \/>\n<meta property=\"og:locale\" content=\"pt_BR\" \/>\n<meta property=\"og:type\" content=\"article\" \/>\n<meta property=\"og:title\" content=\"A estrela e o crescente | Ronaldo Correia de Brito | site oficial\" \/>\n<meta property=\"og:description\" content=\"(Com esse pequeno ensaio, publicado h\u00e1 mais de 15 anos na Revista Continente, encerramos a s\u00e9rie de tr\u00eas cr\u00f4nicas sobre os embates entre Ocidente e Oriente) A tradi\u00e7\u00e3o popular nos ensinou que S\u00e3o Francisco de Assis foi o primeiro a encenar um auto natalino, com...\" \/>\n<meta property=\"og:url\" content=\"https:\/\/www.ronaldocorreiadebrito.com.br\/site2\/2019\/03\/estrela-e-o-crescente\/\" \/>\n<meta property=\"og:site_name\" content=\"Ronaldo Correia de Brito | site oficial\" \/>\n<meta property=\"article:publisher\" content=\"https:\/\/www.facebook.com\/ronaldocorreiadebrito.oficial\" \/>\n<meta property=\"article:published_time\" content=\"2019-03-25T13:48:06+00:00\" \/>\n<meta property=\"og:image\" content=\"https:\/\/www.ronaldocorreiadebrito.com.br\/site2\/wp-content\/uploads\/2019\/03\/painting-virgin-mary-donkeys.jpg\" \/>\n\t<meta property=\"og:image:width\" content=\"1000\" \/>\n\t<meta property=\"og:image:height\" content=\"666\" \/>\n\t<meta property=\"og:image:type\" content=\"image\/jpeg\" \/>\n<meta name=\"author\" content=\"admin\" \/>\n<meta name=\"twitter:card\" content=\"summary_large_image\" \/>\n<meta name=\"twitter:label1\" content=\"Escrito por\" \/>\n\t<meta name=\"twitter:data1\" content=\"admin\" \/>\n\t<meta name=\"twitter:label2\" content=\"Est. tempo de leitura\" \/>\n\t<meta name=\"twitter:data2\" content=\"6 minutos\" \/>\n<script type=\"application\/ld+json\" class=\"yoast-schema-graph\">{\"@context\":\"https:\\\/\\\/schema.org\",\"@graph\":[{\"@type\":\"Article\",\"@id\":\"https:\\\/\\\/www.ronaldocorreiadebrito.com.br\\\/site2\\\/2019\\\/03\\\/estrela-e-o-crescente\\\/#article\",\"isPartOf\":{\"@id\":\"https:\\\/\\\/www.ronaldocorreiadebrito.com.br\\\/site2\\\/2019\\\/03\\\/estrela-e-o-crescente\\\/\"},\"author\":{\"name\":\"admin\",\"@id\":\"https:\\\/\\\/www.ronaldocorreiadebrito.com.br\\\/site2\\\/#\\\/schema\\\/person\\\/99a164d0eaaff7f78b11899bc7d5e7c9\"},\"headline\":\"A estrela e o crescente\",\"datePublished\":\"2019-03-25T13:48:06+00:00\",\"mainEntityOfPage\":{\"@id\":\"https:\\\/\\\/www.ronaldocorreiadebrito.com.br\\\/site2\\\/2019\\\/03\\\/estrela-e-o-crescente\\\/\"},\"wordCount\":1139,\"commentCount\":0,\"image\":{\"@id\":\"https:\\\/\\\/www.ronaldocorreiadebrito.com.br\\\/site2\\\/2019\\\/03\\\/estrela-e-o-crescente\\\/#primaryimage\"},\"thumbnailUrl\":\"https:\\\/\\\/www.ronaldocorreiadebrito.com.br\\\/site2\\\/wp-content\\\/uploads\\\/2019\\\/03\\\/painting-virgin-mary-donkeys.jpg\",\"keywords\":[\"cristianismo\",\"islamismo\",\"religi\u00e3o\"],\"articleSection\":[\"Blog\",\"Links\",\"Slider\"],\"inLanguage\":\"pt-BR\",\"potentialAction\":[{\"@type\":\"CommentAction\",\"name\":\"Comment\",\"target\":[\"https:\\\/\\\/www.ronaldocorreiadebrito.com.br\\\/site2\\\/2019\\\/03\\\/estrela-e-o-crescente\\\/#respond\"]}]},{\"@type\":\"WebPage\",\"@id\":\"https:\\\/\\\/www.ronaldocorreiadebrito.com.br\\\/site2\\\/2019\\\/03\\\/estrela-e-o-crescente\\\/\",\"url\":\"https:\\\/\\\/www.ronaldocorreiadebrito.com.br\\\/site2\\\/2019\\\/03\\\/estrela-e-o-crescente\\\/\",\"name\":\"A estrela e o crescente | Ronaldo Correia de Brito | site oficial\",\"isPartOf\":{\"@id\":\"https:\\\/\\\/www.ronaldocorreiadebrito.com.br\\\/site2\\\/#website\"},\"primaryImageOfPage\":{\"@id\":\"https:\\\/\\\/www.ronaldocorreiadebrito.com.br\\\/site2\\\/2019\\\/03\\\/estrela-e-o-crescente\\\/#primaryimage\"},\"image\":{\"@id\":\"https:\\\/\\\/www.ronaldocorreiadebrito.com.br\\\/site2\\\/2019\\\/03\\\/estrela-e-o-crescente\\\/#primaryimage\"},\"thumbnailUrl\":\"https:\\\/\\\/www.ronaldocorreiadebrito.com.br\\\/site2\\\/wp-content\\\/uploads\\\/2019\\\/03\\\/painting-virgin-mary-donkeys.jpg\",\"datePublished\":\"2019-03-25T13:48:06+00:00\",\"author\":{\"@id\":\"https:\\\/\\\/www.ronaldocorreiadebrito.com.br\\\/site2\\\/#\\\/schema\\\/person\\\/99a164d0eaaff7f78b11899bc7d5e7c9\"},\"breadcrumb\":{\"@id\":\"https:\\\/\\\/www.ronaldocorreiadebrito.com.br\\\/site2\\\/2019\\\/03\\\/estrela-e-o-crescente\\\/#breadcrumb\"},\"inLanguage\":\"pt-BR\",\"potentialAction\":[{\"@type\":\"ReadAction\",\"target\":[\"https:\\\/\\\/www.ronaldocorreiadebrito.com.br\\\/site2\\\/2019\\\/03\\\/estrela-e-o-crescente\\\/\"]}]},{\"@type\":\"ImageObject\",\"inLanguage\":\"pt-BR\",\"@id\":\"https:\\\/\\\/www.ronaldocorreiadebrito.com.br\\\/site2\\\/2019\\\/03\\\/estrela-e-o-crescente\\\/#primaryimage\",\"url\":\"https:\\\/\\\/www.ronaldocorreiadebrito.com.br\\\/site2\\\/wp-content\\\/uploads\\\/2019\\\/03\\\/painting-virgin-mary-donkeys.jpg\",\"contentUrl\":\"https:\\\/\\\/www.ronaldocorreiadebrito.com.br\\\/site2\\\/wp-content\\\/uploads\\\/2019\\\/03\\\/painting-virgin-mary-donkeys.jpg\",\"width\":1000,\"height\":666},{\"@type\":\"BreadcrumbList\",\"@id\":\"https:\\\/\\\/www.ronaldocorreiadebrito.com.br\\\/site2\\\/2019\\\/03\\\/estrela-e-o-crescente\\\/#breadcrumb\",\"itemListElement\":[{\"@type\":\"ListItem\",\"position\":1,\"name\":\"In\u00edcio\",\"item\":\"https:\\\/\\\/www.ronaldocorreiadebrito.com.br\\\/site2\\\/\"},{\"@type\":\"ListItem\",\"position\":2,\"name\":\"A estrela e o crescente\"}]},{\"@type\":\"WebSite\",\"@id\":\"https:\\\/\\\/www.ronaldocorreiadebrito.com.br\\\/site2\\\/#website\",\"url\":\"https:\\\/\\\/www.ronaldocorreiadebrito.com.br\\\/site2\\\/\",\"name\":\"Ronaldo Correia de Brito | site oficial\",\"description\":\"Site oficial do escritor Ronaldo Correia de Brito\",\"potentialAction\":[{\"@type\":\"SearchAction\",\"target\":{\"@type\":\"EntryPoint\",\"urlTemplate\":\"https:\\\/\\\/www.ronaldocorreiadebrito.com.br\\\/site2\\\/?s={search_term_string}\"},\"query-input\":{\"@type\":\"PropertyValueSpecification\",\"valueRequired\":true,\"valueName\":\"search_term_string\"}}],\"inLanguage\":\"pt-BR\"},{\"@type\":\"Person\",\"@id\":\"https:\\\/\\\/www.ronaldocorreiadebrito.com.br\\\/site2\\\/#\\\/schema\\\/person\\\/99a164d0eaaff7f78b11899bc7d5e7c9\",\"name\":\"admin\",\"url\":\"https:\\\/\\\/www.ronaldocorreiadebrito.com.br\\\/site2\\\/author\\\/admin\\\/\"}]}<\/script>\n<!-- \/ Yoast SEO plugin. -->","yoast_head_json":{"title":"A estrela e o crescente | Ronaldo Correia de Brito | site oficial","robots":{"index":"index","follow":"follow","max-snippet":"max-snippet:-1","max-image-preview":"max-image-preview:large","max-video-preview":"max-video-preview:-1"},"canonical":"https:\/\/www.ronaldocorreiadebrito.com.br\/site2\/2019\/03\/estrela-e-o-crescente\/","og_locale":"pt_BR","og_type":"article","og_title":"A estrela e o crescente | Ronaldo Correia de Brito | site oficial","og_description":"(Com esse pequeno ensaio, publicado h\u00e1 mais de 15 anos na Revista Continente, encerramos a s\u00e9rie de tr\u00eas cr\u00f4nicas sobre os embates entre Ocidente e Oriente) A tradi\u00e7\u00e3o popular nos ensinou que S\u00e3o Francisco de Assis foi o primeiro a encenar um auto natalino, com...","og_url":"https:\/\/www.ronaldocorreiadebrito.com.br\/site2\/2019\/03\/estrela-e-o-crescente\/","og_site_name":"Ronaldo Correia de Brito | site oficial","article_publisher":"https:\/\/www.facebook.com\/ronaldocorreiadebrito.oficial","article_published_time":"2019-03-25T13:48:06+00:00","og_image":[{"width":1000,"height":666,"url":"https:\/\/www.ronaldocorreiadebrito.com.br\/site2\/wp-content\/uploads\/2019\/03\/painting-virgin-mary-donkeys.jpg","type":"image\/jpeg"}],"author":"admin","twitter_card":"summary_large_image","twitter_misc":{"Escrito por":"admin","Est. tempo de leitura":"6 minutos"},"schema":{"@context":"https:\/\/schema.org","@graph":[{"@type":"Article","@id":"https:\/\/www.ronaldocorreiadebrito.com.br\/site2\/2019\/03\/estrela-e-o-crescente\/#article","isPartOf":{"@id":"https:\/\/www.ronaldocorreiadebrito.com.br\/site2\/2019\/03\/estrela-e-o-crescente\/"},"author":{"name":"admin","@id":"https:\/\/www.ronaldocorreiadebrito.com.br\/site2\/#\/schema\/person\/99a164d0eaaff7f78b11899bc7d5e7c9"},"headline":"A estrela e o crescente","datePublished":"2019-03-25T13:48:06+00:00","mainEntityOfPage":{"@id":"https:\/\/www.ronaldocorreiadebrito.com.br\/site2\/2019\/03\/estrela-e-o-crescente\/"},"wordCount":1139,"commentCount":0,"image":{"@id":"https:\/\/www.ronaldocorreiadebrito.com.br\/site2\/2019\/03\/estrela-e-o-crescente\/#primaryimage"},"thumbnailUrl":"https:\/\/www.ronaldocorreiadebrito.com.br\/site2\/wp-content\/uploads\/2019\/03\/painting-virgin-mary-donkeys.jpg","keywords":["cristianismo","islamismo","religi\u00e3o"],"articleSection":["Blog","Links","Slider"],"inLanguage":"pt-BR","potentialAction":[{"@type":"CommentAction","name":"Comment","target":["https:\/\/www.ronaldocorreiadebrito.com.br\/site2\/2019\/03\/estrela-e-o-crescente\/#respond"]}]},{"@type":"WebPage","@id":"https:\/\/www.ronaldocorreiadebrito.com.br\/site2\/2019\/03\/estrela-e-o-crescente\/","url":"https:\/\/www.ronaldocorreiadebrito.com.br\/site2\/2019\/03\/estrela-e-o-crescente\/","name":"A estrela e o crescente | Ronaldo Correia de Brito | site oficial","isPartOf":{"@id":"https:\/\/www.ronaldocorreiadebrito.com.br\/site2\/#website"},"primaryImageOfPage":{"@id":"https:\/\/www.ronaldocorreiadebrito.com.br\/site2\/2019\/03\/estrela-e-o-crescente\/#primaryimage"},"image":{"@id":"https:\/\/www.ronaldocorreiadebrito.com.br\/site2\/2019\/03\/estrela-e-o-crescente\/#primaryimage"},"thumbnailUrl":"https:\/\/www.ronaldocorreiadebrito.com.br\/site2\/wp-content\/uploads\/2019\/03\/painting-virgin-mary-donkeys.jpg","datePublished":"2019-03-25T13:48:06+00:00","author":{"@id":"https:\/\/www.ronaldocorreiadebrito.com.br\/site2\/#\/schema\/person\/99a164d0eaaff7f78b11899bc7d5e7c9"},"breadcrumb":{"@id":"https:\/\/www.ronaldocorreiadebrito.com.br\/site2\/2019\/03\/estrela-e-o-crescente\/#breadcrumb"},"inLanguage":"pt-BR","potentialAction":[{"@type":"ReadAction","target":["https:\/\/www.ronaldocorreiadebrito.com.br\/site2\/2019\/03\/estrela-e-o-crescente\/"]}]},{"@type":"ImageObject","inLanguage":"pt-BR","@id":"https:\/\/www.ronaldocorreiadebrito.com.br\/site2\/2019\/03\/estrela-e-o-crescente\/#primaryimage","url":"https:\/\/www.ronaldocorreiadebrito.com.br\/site2\/wp-content\/uploads\/2019\/03\/painting-virgin-mary-donkeys.jpg","contentUrl":"https:\/\/www.ronaldocorreiadebrito.com.br\/site2\/wp-content\/uploads\/2019\/03\/painting-virgin-mary-donkeys.jpg","width":1000,"height":666},{"@type":"BreadcrumbList","@id":"https:\/\/www.ronaldocorreiadebrito.com.br\/site2\/2019\/03\/estrela-e-o-crescente\/#breadcrumb","itemListElement":[{"@type":"ListItem","position":1,"name":"In\u00edcio","item":"https:\/\/www.ronaldocorreiadebrito.com.br\/site2\/"},{"@type":"ListItem","position":2,"name":"A estrela e o crescente"}]},{"@type":"WebSite","@id":"https:\/\/www.ronaldocorreiadebrito.com.br\/site2\/#website","url":"https:\/\/www.ronaldocorreiadebrito.com.br\/site2\/","name":"Ronaldo Correia de Brito | site oficial","description":"Site oficial do escritor Ronaldo Correia de Brito","potentialAction":[{"@type":"SearchAction","target":{"@type":"EntryPoint","urlTemplate":"https:\/\/www.ronaldocorreiadebrito.com.br\/site2\/?s={search_term_string}"},"query-input":{"@type":"PropertyValueSpecification","valueRequired":true,"valueName":"search_term_string"}}],"inLanguage":"pt-BR"},{"@type":"Person","@id":"https:\/\/www.ronaldocorreiadebrito.com.br\/site2\/#\/schema\/person\/99a164d0eaaff7f78b11899bc7d5e7c9","name":"admin","url":"https:\/\/www.ronaldocorreiadebrito.com.br\/site2\/author\/admin\/"}]}},"wps_subtitle":"","_links":{"self":[{"href":"https:\/\/www.ronaldocorreiadebrito.com.br\/site2\/wp-json\/wp\/v2\/posts\/1139","targetHints":{"allow":["GET"]}}],"collection":[{"href":"https:\/\/www.ronaldocorreiadebrito.com.br\/site2\/wp-json\/wp\/v2\/posts"}],"about":[{"href":"https:\/\/www.ronaldocorreiadebrito.com.br\/site2\/wp-json\/wp\/v2\/types\/post"}],"author":[{"embeddable":true,"href":"https:\/\/www.ronaldocorreiadebrito.com.br\/site2\/wp-json\/wp\/v2\/users\/1"}],"replies":[{"embeddable":true,"href":"https:\/\/www.ronaldocorreiadebrito.com.br\/site2\/wp-json\/wp\/v2\/comments?post=1139"}],"version-history":[{"count":0,"href":"https:\/\/www.ronaldocorreiadebrito.com.br\/site2\/wp-json\/wp\/v2\/posts\/1139\/revisions"}],"wp:featuredmedia":[{"embeddable":true,"href":"https:\/\/www.ronaldocorreiadebrito.com.br\/site2\/wp-json\/wp\/v2\/media\/1140"}],"wp:attachment":[{"href":"https:\/\/www.ronaldocorreiadebrito.com.br\/site2\/wp-json\/wp\/v2\/media?parent=1139"}],"wp:term":[{"taxonomy":"category","embeddable":true,"href":"https:\/\/www.ronaldocorreiadebrito.com.br\/site2\/wp-json\/wp\/v2\/categories?post=1139"},{"taxonomy":"post_tag","embeddable":true,"href":"https:\/\/www.ronaldocorreiadebrito.com.br\/site2\/wp-json\/wp\/v2\/tags?post=1139"}],"curies":[{"name":"wp","href":"https:\/\/api.w.org\/{rel}","templated":true}]}}