{"id":1134,"date":"2019-03-12T16:52:42","date_gmt":"2019-03-12T19:52:42","guid":{"rendered":"http:\/\/www.ronaldocorreiadebrito.com.br\/site2\/?p=1134"},"modified":"2019-03-13T08:41:14","modified_gmt":"2019-03-13T11:41:14","slug":"as-mil-e-uma-noites-nunca-mais","status":"publish","type":"post","link":"https:\/\/www.ronaldocorreiadebrito.com.br\/site2\/2019\/03\/as-mil-e-uma-noites-nunca-mais\/","title":{"rendered":"As mil e uma noites nunca mais (Cr\u00f4nica publicada na Revista Continente em mar\u00e7o de 2003)"},"content":{"rendered":"<p class=\"p1\"><span class=\"s1\">George W. Bush tem muitas d\u00edvidas para com a hist\u00f3ria: a desmoraliza\u00e7\u00e3o da ONU, a destrui\u00e7\u00e3o de um pa\u00eds, as mortes de civis iraquianos, e ter posto em risco a fr\u00e1gil paz mundial. Mesmo n\u00e3o acreditando que a vontade de um \u00fanico homem impulsiona na\u00e7\u00f5es para a guerra, responsabilizo Bush por esses crimes. <\/span><\/p>\n<p class=\"p1\"><span class=\"s1\">Existe uma d\u00edvida a que ningu\u00e9m se refere, a de ter destro\u00e7ado em n\u00f3s o sentido de Oriente, que s\u00e9culos de hist\u00f3ria ajudaram a construir. N\u00e3o perdoo o inc\u00eandio de bibliotecas, queimando livros raros e preciosos. N\u00e3o perdoo a pilhagem de museus que guardavam tesouros das civiliza\u00e7\u00f5es mais antigas. E n\u00e3o esque\u00e7o que as prec\u00e1rias ru\u00ednas da Babil\u00f4nia estiveram a ponto de desaparecer. Por\u00e9m o mais imperdo\u00e1vel em Bush \u00e9 a sua absoluta aliena\u00e7\u00e3o do passado, como se ele e o os americanos fossem seres \u00e0 parte, \u00fanicos predestinados a viver e a sobreviver.<\/span><\/p>\n<p class=\"p2\"><span class=\"s1\"> Relatam que um b\u00e1rbaro, que participava do cerco e tomada de Roma, passou-se para o lado dos romanos, tamanho foi o seu fasc\u00ednio por aquela civiliza\u00e7\u00e3o. C\u00e9sar e Marco Antonio n\u00e3o resistiram aos encantos do Egito. Alexandre da Maced\u00f4nia, depois da conquista do Oriente, deixou de ser apenas grego para tamb\u00e9m se tornar um persa. Os povos do isl\u00e3 se referem a ele como Alexandre Bicorne, porque tem os dois chifres, o do Oriente e o do Ocidente. Morreu aos trinta e tr\u00eas anos na Babil\u00f4nia que Bush mandou bombardear sem nunca ter conhecido. Bush desconhece o resto do mundo, n\u00e3o transp\u00f5e o umbral da Casa Branca, pratica a guerra moderna, matem\u00e1tica, cir\u00fargica, feita de longe, por meio de bombardeios a\u00e9reos. Nunca sente o cheiro de sangue, nem olha de perto o rosto do conquistado. Seu sentido de hero\u00edsmo est\u00e1 longe dos guerreiros que lutavam corpo a corpo.<\/span><\/p>\n<p class=\"p2\"><span class=\"s1\"> At\u00e9 Napole\u00e3o Bonaparte seguia ao lado dos seus ex\u00e9rcitos. Na campanha contra a R\u00fassia, realizou um sonho acalentado por anos, o de entrar em Moscou, a cidade mais fascinante a oriente. Alexandre da Maced\u00f4nia conhecia hist\u00f3ria, foi aluno de Arist\u00f3teles, dormia com a espada e um exemplar da Il\u00edada debaixo da cabeceira. E Bush, esse texano de olhar paranoico, o que ter\u00e1 lido? Quem s\u00e3o os seus her\u00f3is? Ser\u00e1 que alguma vez folheou um exemplar de As Mil e Uma Noites, mesmo na tradu\u00e7\u00e3o de Antoine Galland, a mais falsa e ocidentalizada? <\/span><\/p>\n<p class=\"p1\"><span class=\"s1\">Com certeza leu a B\u00edblia, mas deve ignorar que duas na\u00e7\u00f5es foram essenciais para a forma\u00e7\u00e3o da nossa cultura ocidental: a Gr\u00e9cia e Israel. Israel, que j\u00e1 foi um pa\u00eds oriental e n\u00e3o \u00e9 mais, mesmo estando geograficamente assentado no Oriente M\u00e9dio. Atrav\u00e9s da B\u00edblia Bush deveria ter compreendido que a cultura de um homem tem tanta significa\u00e7\u00e3o em sua vida como o sangue que corre nas veias. E que n\u00e3o se pode negar o passado oriental, o juda\u00edsmo crist\u00e3o, nem o legado da Mesopot\u00e2mia, seja a Sum\u00e9ria ou a Bagd\u00e1 do califa Harun al-Rashid. <\/span><\/p>\n<p class=\"p2\"><span class=\"s1\"> O que \u00e9 o Oriente? Ser\u00e1 que Bush se fez essa pergunta uma \u00fanica vez? Desde os gregos, esse espa\u00e7o indefinido geograficamente nos fascina. Her\u00f3doto nos faz a revela\u00e7\u00e3o do Egito, long\u00ednquo porque naquela \u00e9poca se demandava um longo tempo para percorrer as dist\u00e2ncias. As navega\u00e7\u00f5es eram perigosas e o desconhecido misterioso. E \u00e9 justamente o mist\u00e9rio que se associa a esse mundo remoto do sol nascente. Ocidente e Oriente sempre se movimentaram um em dire\u00e7\u00e3o ao outro, quase sempre de forma tr\u00e1gica, porque o saldo maior das guerras \u00e9 a trag\u00e9dia. <\/span><\/p>\n<p class=\"p1\"><span class=\"s1\">Mas foram os viajantes como Marco Polo e os menestr\u00e9is acompanhantes dos cruzados que trouxeram os relatos fant\u00e1sticos, cheios de tesouros e aventuras. As narrativas desse oriente, recontadas pelos viajantes, eram acrescidas das fantasias do narrador, formando um imagin\u00e1rio que s\u00f3 fez avolumar-se ao longo dos anos. Franceses, ingleses, alem\u00e3es e espanh\u00f3is trouxeram As Mil e Uma Noites e o livro er\u00f3tico O Jardim Perfumado, depois ocidentalizados. O teatro de Moli\u00e8re, no s\u00e9culo XVII, vinga-se do desprezo do Imp\u00e9rio Otomano pela corte de Luis XIV, em par\u00f3dias e bailados grotescos sobre os turcos, em que o exagero \u00e9 a t\u00f4nica. <\/span><\/p>\n<p class=\"p2\"><span class=\"s1\"> Mas nada se compara ao cinema americano na constru\u00e7\u00e3o desse imagin\u00e1rio oriental. Em filmes de segunda, s\u00e3o mostradas odaliscas licenciosas, g\u00eanios da l\u00e2mpada, tapetes voadores e califas cru\u00e9is e arbitr\u00e1rios como a propaganda pintou o pr\u00f3prio Saddam Hussein. Tudo falso e caricatural, cheio de desprezo pelos costumes dos outros povos.<\/span><\/p>\n<p class=\"p2\"><span class=\"s1\"> A cultura americana de consumo especializou-se em ficar na superf\u00edcie do que aborda. Forjou um mundo sem mist\u00e9rio, sem no\u00e7\u00e3o de sagrado, cujos \u00edcones s\u00e3o a Coca-Cola e a batata frita. O que n\u00e3o perdoo a Bush \u00e9 ter mostrado ao mundo apenas um oriente de barb\u00e1ries. Como se nos Estados Unidos n\u00e3o se praticassem atrocidades: filhos assassinando pais e crian\u00e7as metralhando professores e colegas na escola.\u00a0<\/span><\/p>\n<p class=\"p1\"><span class=\"s1\">Quando Alexandre da Maced\u00f4nia mandou que os seus soldados destru\u00edssem Tebas, pediu que deixassem de p\u00e9 a casa do poeta P\u00edndaro. Por mais cruel que Alexandre tenha sido, foi capaz de um gesto de clem\u00eancia para com a poesia. Na guerra do Iraque, os americanos e ingleses bombardearam de uma s\u00f3 vez a civiliza\u00e7\u00e3o sum\u00e9ria, os imp\u00e9rios ass\u00edrios e babil\u00f4nicos, e o califado de Bagd\u00e1. Al\u00e9m de homens, mulheres e crian\u00e7as mataram o nosso passado e a nossa hist\u00f3ria.<\/span><\/p>\n","protected":false},"excerpt":{"rendered":"<p>George W. Bush tem muitas d\u00edvidas para com a hist\u00f3ria: a desmoraliza\u00e7\u00e3o da ONU, a destrui\u00e7\u00e3o de um pa\u00eds, as mortes de civis iraquianos, e ter posto em risco a fr\u00e1gil paz mundial. Mesmo n\u00e3o acreditando que a vontade de um \u00fanico homem impulsiona na\u00e7\u00f5es&#8230;<\/p>\n","protected":false},"author":1,"featured_media":1135,"comment_status":"open","ping_status":"closed","sticky":false,"template":"","format":"standard","meta":{"sfsi_plus_gutenberg_text_before_share":"","sfsi_plus_gutenberg_show_text_before_share":"","sfsi_plus_gutenberg_icon_type":"","sfsi_plus_gutenberg_icon_alignemt":"","sfsi_plus_gutenburg_max_per_row":"","footnotes":""},"categories":[8,46,45],"tags":[177],"class_list":["post-1134","post","type-post","status-publish","format-standard","has-post-thumbnail","hentry","category-blog","category-links","category-slider","tag-bush"],"yoast_head":"<!-- This site is optimized with the Yoast SEO plugin v27.4 - https:\/\/yoast.com\/product\/yoast-seo-wordpress\/ -->\n<title>As mil e uma noites nunca mais (Cr\u00f4nica publicada na Revista Continente em mar\u00e7o de 2003) | Ronaldo Correia de Brito | site oficial<\/title>\n<meta name=\"robots\" content=\"index, follow, max-snippet:-1, max-image-preview:large, max-video-preview:-1\" \/>\n<link rel=\"canonical\" href=\"https:\/\/www.ronaldocorreiadebrito.com.br\/site2\/2019\/03\/as-mil-e-uma-noites-nunca-mais\/\" \/>\n<meta property=\"og:locale\" content=\"pt_BR\" \/>\n<meta property=\"og:type\" content=\"article\" \/>\n<meta property=\"og:title\" content=\"As mil e uma noites nunca mais (Cr\u00f4nica publicada na Revista Continente em mar\u00e7o de 2003) | Ronaldo Correia de Brito | site oficial\" \/>\n<meta property=\"og:description\" content=\"George W. Bush tem muitas d\u00edvidas para com a hist\u00f3ria: a desmoraliza\u00e7\u00e3o da ONU, a destrui\u00e7\u00e3o de um pa\u00eds, as mortes de civis iraquianos, e ter posto em risco a fr\u00e1gil paz mundial. Mesmo n\u00e3o acreditando que a vontade de um \u00fanico homem impulsiona na\u00e7\u00f5es...\" \/>\n<meta property=\"og:url\" content=\"https:\/\/www.ronaldocorreiadebrito.com.br\/site2\/2019\/03\/as-mil-e-uma-noites-nunca-mais\/\" \/>\n<meta property=\"og:site_name\" content=\"Ronaldo Correia de Brito | site oficial\" \/>\n<meta property=\"article:publisher\" content=\"https:\/\/www.facebook.com\/ronaldocorreiadebrito.oficial\" \/>\n<meta property=\"article:published_time\" content=\"2019-03-12T19:52:42+00:00\" \/>\n<meta property=\"article:modified_time\" content=\"2019-03-13T11:41:14+00:00\" \/>\n<meta property=\"og:image\" content=\"https:\/\/www.ronaldocorreiadebrito.com.br\/site2\/wp-content\/uploads\/2019\/03\/bush-funeral-43-listen-ap-ps-181205_hpMain_12x5_992.jpg\" \/>\n\t<meta property=\"og:image:width\" content=\"992\" \/>\n\t<meta property=\"og:image:height\" content=\"414\" \/>\n\t<meta property=\"og:image:type\" content=\"image\/jpeg\" \/>\n<meta name=\"author\" content=\"admin\" \/>\n<meta name=\"twitter:card\" content=\"summary_large_image\" \/>\n<meta name=\"twitter:label1\" content=\"Escrito por\" \/>\n\t<meta name=\"twitter:data1\" content=\"admin\" \/>\n\t<meta name=\"twitter:label2\" content=\"Est. tempo de leitura\" \/>\n\t<meta name=\"twitter:data2\" content=\"5 minutos\" \/>\n<script type=\"application\/ld+json\" class=\"yoast-schema-graph\">{\"@context\":\"https:\\\/\\\/schema.org\",\"@graph\":[{\"@type\":\"Article\",\"@id\":\"https:\\\/\\\/www.ronaldocorreiadebrito.com.br\\\/site2\\\/2019\\\/03\\\/as-mil-e-uma-noites-nunca-mais\\\/#article\",\"isPartOf\":{\"@id\":\"https:\\\/\\\/www.ronaldocorreiadebrito.com.br\\\/site2\\\/2019\\\/03\\\/as-mil-e-uma-noites-nunca-mais\\\/\"},\"author\":{\"name\":\"admin\",\"@id\":\"https:\\\/\\\/www.ronaldocorreiadebrito.com.br\\\/site2\\\/#\\\/schema\\\/person\\\/99a164d0eaaff7f78b11899bc7d5e7c9\"},\"headline\":\"As mil e uma noites nunca mais (Cr\u00f4nica publicada na Revista Continente em mar\u00e7o de 2003)\",\"datePublished\":\"2019-03-12T19:52:42+00:00\",\"dateModified\":\"2019-03-13T11:41:14+00:00\",\"mainEntityOfPage\":{\"@id\":\"https:\\\/\\\/www.ronaldocorreiadebrito.com.br\\\/site2\\\/2019\\\/03\\\/as-mil-e-uma-noites-nunca-mais\\\/\"},\"wordCount\":994,\"commentCount\":0,\"image\":{\"@id\":\"https:\\\/\\\/www.ronaldocorreiadebrito.com.br\\\/site2\\\/2019\\\/03\\\/as-mil-e-uma-noites-nunca-mais\\\/#primaryimage\"},\"thumbnailUrl\":\"https:\\\/\\\/www.ronaldocorreiadebrito.com.br\\\/site2\\\/wp-content\\\/uploads\\\/2019\\\/03\\\/bush-funeral-43-listen-ap-ps-181205_hpMain_12x5_992.jpg\",\"keywords\":[\"bush\"],\"articleSection\":[\"Blog\",\"Links\",\"Slider\"],\"inLanguage\":\"pt-BR\",\"potentialAction\":[{\"@type\":\"CommentAction\",\"name\":\"Comment\",\"target\":[\"https:\\\/\\\/www.ronaldocorreiadebrito.com.br\\\/site2\\\/2019\\\/03\\\/as-mil-e-uma-noites-nunca-mais\\\/#respond\"]}]},{\"@type\":\"WebPage\",\"@id\":\"https:\\\/\\\/www.ronaldocorreiadebrito.com.br\\\/site2\\\/2019\\\/03\\\/as-mil-e-uma-noites-nunca-mais\\\/\",\"url\":\"https:\\\/\\\/www.ronaldocorreiadebrito.com.br\\\/site2\\\/2019\\\/03\\\/as-mil-e-uma-noites-nunca-mais\\\/\",\"name\":\"As mil e uma noites nunca mais (Cr\u00f4nica publicada na Revista Continente em mar\u00e7o de 2003) | Ronaldo Correia de Brito | site oficial\",\"isPartOf\":{\"@id\":\"https:\\\/\\\/www.ronaldocorreiadebrito.com.br\\\/site2\\\/#website\"},\"primaryImageOfPage\":{\"@id\":\"https:\\\/\\\/www.ronaldocorreiadebrito.com.br\\\/site2\\\/2019\\\/03\\\/as-mil-e-uma-noites-nunca-mais\\\/#primaryimage\"},\"image\":{\"@id\":\"https:\\\/\\\/www.ronaldocorreiadebrito.com.br\\\/site2\\\/2019\\\/03\\\/as-mil-e-uma-noites-nunca-mais\\\/#primaryimage\"},\"thumbnailUrl\":\"https:\\\/\\\/www.ronaldocorreiadebrito.com.br\\\/site2\\\/wp-content\\\/uploads\\\/2019\\\/03\\\/bush-funeral-43-listen-ap-ps-181205_hpMain_12x5_992.jpg\",\"datePublished\":\"2019-03-12T19:52:42+00:00\",\"dateModified\":\"2019-03-13T11:41:14+00:00\",\"author\":{\"@id\":\"https:\\\/\\\/www.ronaldocorreiadebrito.com.br\\\/site2\\\/#\\\/schema\\\/person\\\/99a164d0eaaff7f78b11899bc7d5e7c9\"},\"breadcrumb\":{\"@id\":\"https:\\\/\\\/www.ronaldocorreiadebrito.com.br\\\/site2\\\/2019\\\/03\\\/as-mil-e-uma-noites-nunca-mais\\\/#breadcrumb\"},\"inLanguage\":\"pt-BR\",\"potentialAction\":[{\"@type\":\"ReadAction\",\"target\":[\"https:\\\/\\\/www.ronaldocorreiadebrito.com.br\\\/site2\\\/2019\\\/03\\\/as-mil-e-uma-noites-nunca-mais\\\/\"]}]},{\"@type\":\"ImageObject\",\"inLanguage\":\"pt-BR\",\"@id\":\"https:\\\/\\\/www.ronaldocorreiadebrito.com.br\\\/site2\\\/2019\\\/03\\\/as-mil-e-uma-noites-nunca-mais\\\/#primaryimage\",\"url\":\"https:\\\/\\\/www.ronaldocorreiadebrito.com.br\\\/site2\\\/wp-content\\\/uploads\\\/2019\\\/03\\\/bush-funeral-43-listen-ap-ps-181205_hpMain_12x5_992.jpg\",\"contentUrl\":\"https:\\\/\\\/www.ronaldocorreiadebrito.com.br\\\/site2\\\/wp-content\\\/uploads\\\/2019\\\/03\\\/bush-funeral-43-listen-ap-ps-181205_hpMain_12x5_992.jpg\",\"width\":992,\"height\":414},{\"@type\":\"BreadcrumbList\",\"@id\":\"https:\\\/\\\/www.ronaldocorreiadebrito.com.br\\\/site2\\\/2019\\\/03\\\/as-mil-e-uma-noites-nunca-mais\\\/#breadcrumb\",\"itemListElement\":[{\"@type\":\"ListItem\",\"position\":1,\"name\":\"In\u00edcio\",\"item\":\"https:\\\/\\\/www.ronaldocorreiadebrito.com.br\\\/site2\\\/\"},{\"@type\":\"ListItem\",\"position\":2,\"name\":\"As mil e uma noites nunca mais (Cr\u00f4nica publicada na Revista Continente em mar\u00e7o de 2003)\"}]},{\"@type\":\"WebSite\",\"@id\":\"https:\\\/\\\/www.ronaldocorreiadebrito.com.br\\\/site2\\\/#website\",\"url\":\"https:\\\/\\\/www.ronaldocorreiadebrito.com.br\\\/site2\\\/\",\"name\":\"Ronaldo Correia de Brito | site oficial\",\"description\":\"Site oficial do escritor Ronaldo Correia de Brito\",\"potentialAction\":[{\"@type\":\"SearchAction\",\"target\":{\"@type\":\"EntryPoint\",\"urlTemplate\":\"https:\\\/\\\/www.ronaldocorreiadebrito.com.br\\\/site2\\\/?s={search_term_string}\"},\"query-input\":{\"@type\":\"PropertyValueSpecification\",\"valueRequired\":true,\"valueName\":\"search_term_string\"}}],\"inLanguage\":\"pt-BR\"},{\"@type\":\"Person\",\"@id\":\"https:\\\/\\\/www.ronaldocorreiadebrito.com.br\\\/site2\\\/#\\\/schema\\\/person\\\/99a164d0eaaff7f78b11899bc7d5e7c9\",\"name\":\"admin\",\"url\":\"https:\\\/\\\/www.ronaldocorreiadebrito.com.br\\\/site2\\\/author\\\/admin\\\/\"}]}<\/script>\n<!-- \/ Yoast SEO plugin. -->","yoast_head_json":{"title":"As mil e uma noites nunca mais (Cr\u00f4nica publicada na Revista Continente em mar\u00e7o de 2003) | Ronaldo Correia de Brito | site oficial","robots":{"index":"index","follow":"follow","max-snippet":"max-snippet:-1","max-image-preview":"max-image-preview:large","max-video-preview":"max-video-preview:-1"},"canonical":"https:\/\/www.ronaldocorreiadebrito.com.br\/site2\/2019\/03\/as-mil-e-uma-noites-nunca-mais\/","og_locale":"pt_BR","og_type":"article","og_title":"As mil e uma noites nunca mais (Cr\u00f4nica publicada na Revista Continente em mar\u00e7o de 2003) | Ronaldo Correia de Brito | site oficial","og_description":"George W. Bush tem muitas d\u00edvidas para com a hist\u00f3ria: a desmoraliza\u00e7\u00e3o da ONU, a destrui\u00e7\u00e3o de um pa\u00eds, as mortes de civis iraquianos, e ter posto em risco a fr\u00e1gil paz mundial. Mesmo n\u00e3o acreditando que a vontade de um \u00fanico homem impulsiona na\u00e7\u00f5es...","og_url":"https:\/\/www.ronaldocorreiadebrito.com.br\/site2\/2019\/03\/as-mil-e-uma-noites-nunca-mais\/","og_site_name":"Ronaldo Correia de Brito | site oficial","article_publisher":"https:\/\/www.facebook.com\/ronaldocorreiadebrito.oficial","article_published_time":"2019-03-12T19:52:42+00:00","article_modified_time":"2019-03-13T11:41:14+00:00","og_image":[{"width":992,"height":414,"url":"https:\/\/www.ronaldocorreiadebrito.com.br\/site2\/wp-content\/uploads\/2019\/03\/bush-funeral-43-listen-ap-ps-181205_hpMain_12x5_992.jpg","type":"image\/jpeg"}],"author":"admin","twitter_card":"summary_large_image","twitter_misc":{"Escrito por":"admin","Est. tempo de leitura":"5 minutos"},"schema":{"@context":"https:\/\/schema.org","@graph":[{"@type":"Article","@id":"https:\/\/www.ronaldocorreiadebrito.com.br\/site2\/2019\/03\/as-mil-e-uma-noites-nunca-mais\/#article","isPartOf":{"@id":"https:\/\/www.ronaldocorreiadebrito.com.br\/site2\/2019\/03\/as-mil-e-uma-noites-nunca-mais\/"},"author":{"name":"admin","@id":"https:\/\/www.ronaldocorreiadebrito.com.br\/site2\/#\/schema\/person\/99a164d0eaaff7f78b11899bc7d5e7c9"},"headline":"As mil e uma noites nunca mais (Cr\u00f4nica publicada na Revista Continente em mar\u00e7o de 2003)","datePublished":"2019-03-12T19:52:42+00:00","dateModified":"2019-03-13T11:41:14+00:00","mainEntityOfPage":{"@id":"https:\/\/www.ronaldocorreiadebrito.com.br\/site2\/2019\/03\/as-mil-e-uma-noites-nunca-mais\/"},"wordCount":994,"commentCount":0,"image":{"@id":"https:\/\/www.ronaldocorreiadebrito.com.br\/site2\/2019\/03\/as-mil-e-uma-noites-nunca-mais\/#primaryimage"},"thumbnailUrl":"https:\/\/www.ronaldocorreiadebrito.com.br\/site2\/wp-content\/uploads\/2019\/03\/bush-funeral-43-listen-ap-ps-181205_hpMain_12x5_992.jpg","keywords":["bush"],"articleSection":["Blog","Links","Slider"],"inLanguage":"pt-BR","potentialAction":[{"@type":"CommentAction","name":"Comment","target":["https:\/\/www.ronaldocorreiadebrito.com.br\/site2\/2019\/03\/as-mil-e-uma-noites-nunca-mais\/#respond"]}]},{"@type":"WebPage","@id":"https:\/\/www.ronaldocorreiadebrito.com.br\/site2\/2019\/03\/as-mil-e-uma-noites-nunca-mais\/","url":"https:\/\/www.ronaldocorreiadebrito.com.br\/site2\/2019\/03\/as-mil-e-uma-noites-nunca-mais\/","name":"As mil e uma noites nunca mais (Cr\u00f4nica publicada na Revista Continente em mar\u00e7o de 2003) | Ronaldo Correia de Brito | site oficial","isPartOf":{"@id":"https:\/\/www.ronaldocorreiadebrito.com.br\/site2\/#website"},"primaryImageOfPage":{"@id":"https:\/\/www.ronaldocorreiadebrito.com.br\/site2\/2019\/03\/as-mil-e-uma-noites-nunca-mais\/#primaryimage"},"image":{"@id":"https:\/\/www.ronaldocorreiadebrito.com.br\/site2\/2019\/03\/as-mil-e-uma-noites-nunca-mais\/#primaryimage"},"thumbnailUrl":"https:\/\/www.ronaldocorreiadebrito.com.br\/site2\/wp-content\/uploads\/2019\/03\/bush-funeral-43-listen-ap-ps-181205_hpMain_12x5_992.jpg","datePublished":"2019-03-12T19:52:42+00:00","dateModified":"2019-03-13T11:41:14+00:00","author":{"@id":"https:\/\/www.ronaldocorreiadebrito.com.br\/site2\/#\/schema\/person\/99a164d0eaaff7f78b11899bc7d5e7c9"},"breadcrumb":{"@id":"https:\/\/www.ronaldocorreiadebrito.com.br\/site2\/2019\/03\/as-mil-e-uma-noites-nunca-mais\/#breadcrumb"},"inLanguage":"pt-BR","potentialAction":[{"@type":"ReadAction","target":["https:\/\/www.ronaldocorreiadebrito.com.br\/site2\/2019\/03\/as-mil-e-uma-noites-nunca-mais\/"]}]},{"@type":"ImageObject","inLanguage":"pt-BR","@id":"https:\/\/www.ronaldocorreiadebrito.com.br\/site2\/2019\/03\/as-mil-e-uma-noites-nunca-mais\/#primaryimage","url":"https:\/\/www.ronaldocorreiadebrito.com.br\/site2\/wp-content\/uploads\/2019\/03\/bush-funeral-43-listen-ap-ps-181205_hpMain_12x5_992.jpg","contentUrl":"https:\/\/www.ronaldocorreiadebrito.com.br\/site2\/wp-content\/uploads\/2019\/03\/bush-funeral-43-listen-ap-ps-181205_hpMain_12x5_992.jpg","width":992,"height":414},{"@type":"BreadcrumbList","@id":"https:\/\/www.ronaldocorreiadebrito.com.br\/site2\/2019\/03\/as-mil-e-uma-noites-nunca-mais\/#breadcrumb","itemListElement":[{"@type":"ListItem","position":1,"name":"In\u00edcio","item":"https:\/\/www.ronaldocorreiadebrito.com.br\/site2\/"},{"@type":"ListItem","position":2,"name":"As mil e uma noites nunca mais (Cr\u00f4nica publicada na Revista Continente em mar\u00e7o de 2003)"}]},{"@type":"WebSite","@id":"https:\/\/www.ronaldocorreiadebrito.com.br\/site2\/#website","url":"https:\/\/www.ronaldocorreiadebrito.com.br\/site2\/","name":"Ronaldo Correia de Brito | site oficial","description":"Site oficial do escritor Ronaldo Correia de Brito","potentialAction":[{"@type":"SearchAction","target":{"@type":"EntryPoint","urlTemplate":"https:\/\/www.ronaldocorreiadebrito.com.br\/site2\/?s={search_term_string}"},"query-input":{"@type":"PropertyValueSpecification","valueRequired":true,"valueName":"search_term_string"}}],"inLanguage":"pt-BR"},{"@type":"Person","@id":"https:\/\/www.ronaldocorreiadebrito.com.br\/site2\/#\/schema\/person\/99a164d0eaaff7f78b11899bc7d5e7c9","name":"admin","url":"https:\/\/www.ronaldocorreiadebrito.com.br\/site2\/author\/admin\/"}]}},"wps_subtitle":"","_links":{"self":[{"href":"https:\/\/www.ronaldocorreiadebrito.com.br\/site2\/wp-json\/wp\/v2\/posts\/1134","targetHints":{"allow":["GET"]}}],"collection":[{"href":"https:\/\/www.ronaldocorreiadebrito.com.br\/site2\/wp-json\/wp\/v2\/posts"}],"about":[{"href":"https:\/\/www.ronaldocorreiadebrito.com.br\/site2\/wp-json\/wp\/v2\/types\/post"}],"author":[{"embeddable":true,"href":"https:\/\/www.ronaldocorreiadebrito.com.br\/site2\/wp-json\/wp\/v2\/users\/1"}],"replies":[{"embeddable":true,"href":"https:\/\/www.ronaldocorreiadebrito.com.br\/site2\/wp-json\/wp\/v2\/comments?post=1134"}],"version-history":[{"count":0,"href":"https:\/\/www.ronaldocorreiadebrito.com.br\/site2\/wp-json\/wp\/v2\/posts\/1134\/revisions"}],"wp:featuredmedia":[{"embeddable":true,"href":"https:\/\/www.ronaldocorreiadebrito.com.br\/site2\/wp-json\/wp\/v2\/media\/1135"}],"wp:attachment":[{"href":"https:\/\/www.ronaldocorreiadebrito.com.br\/site2\/wp-json\/wp\/v2\/media?parent=1134"}],"wp:term":[{"taxonomy":"category","embeddable":true,"href":"https:\/\/www.ronaldocorreiadebrito.com.br\/site2\/wp-json\/wp\/v2\/categories?post=1134"},{"taxonomy":"post_tag","embeddable":true,"href":"https:\/\/www.ronaldocorreiadebrito.com.br\/site2\/wp-json\/wp\/v2\/tags?post=1134"}],"curies":[{"name":"wp","href":"https:\/\/api.w.org\/{rel}","templated":true}]}}