{"id":1114,"date":"2019-02-19T10:33:29","date_gmt":"2019-02-19T13:33:29","guid":{"rendered":"http:\/\/www.ronaldocorreiadebrito.com.br\/site2\/?p=1114"},"modified":"2019-02-19T10:33:29","modified_gmt":"2019-02-19T13:33:29","slug":"assombracao-de-carnaval","status":"publish","type":"post","link":"https:\/\/www.ronaldocorreiadebrito.com.br\/site2\/2019\/02\/assombracao-de-carnaval\/","title":{"rendered":"Assombra\u00e7\u00e3o de Carnaval"},"content":{"rendered":"<p class=\"p1\"><span class=\"s1\">Foi na casa de Maria de Lourdes da Silva que eu vi, a Casa de Badia, no P\u00e1tio do Ter\u00e7o, erguida num espa\u00e7o onde se presenciou a resist\u00eancia \u00e0 presen\u00e7a holandesa, o assassinato de Frei Caneca, os movimentos abolicionistas e os avan\u00e7os da <i>Belle \u00c9poque<\/i>. Badia costurou para clubes, blocos, tro\u00e7as e escolas de samba do carnaval recifense e recebeu agremia\u00e7\u00f5es em sua casa, nos dias de festa. O P\u00e1tio do Ter\u00e7o concentrou a maior popula\u00e7\u00e3o negra da cidade, at\u00e9 a d\u00e9cada de quarenta do s\u00e9culo passado, tornando-se um polo irradiante da cultura e religi\u00e3o das na\u00e7\u00f5es africanas.<\/span><\/p>\n<p class=\"p1\"><span class=\"s1\">Vi mesmo ou apenas sonhei? Lembro de ter encostado o flabelo em forma de m\u00e1scara, numa das paredes altas da casa, o telhado a perder de vista. Sentia-me exausto ap\u00f3s percorrer ruas e becos \u00e0 frente do bloco, carregando o abre alas que eu mesmo havia criado. Na \u00e9poca, ainda n\u00e3o conhecia Badia, a mulher que franqueava suas portas ao Bloco da Saudade, ofertando mesa de frutas tropicais, \u00e1gua, refrescos, mungunz\u00e1, cocadas e bolos. Tudo de que os brincantes mais precisavam para recompor as for\u00e7as gastas no desfile pelos bairros do Recife, Santo Ant\u00f4nio e S\u00e3o Jos\u00e9.\u00a0<\/span><\/p>\n<p class=\"p3\"><span class=\"s1\"> \u2013 Essa \u00e9 Badia \u2013 me falaram, quando ela passou com uma bandeja.<\/span><\/p>\n<p class=\"p3\"><span class=\"s1\"> \u2013 Ah! \u2013 exclamei.<\/span><\/p>\n<p class=\"p3\"><span class=\"s1\"> Olhei curioso a mulher num vestido estampado, recebendo os desconhecidos com a nobreza de uma grande dama. A casa velha amea\u00e7ava ruir, soterrando seu bocado de hist\u00f3ria. Hav\u00edamos entrado pelos fundos, numa esp\u00e9cie de p\u00e1tio coberto ou terreiro. Imaginei que ali dentro se celebravam os orix\u00e1s e, um pouco mais adiante, na Igreja de Nossa Senhora do Ter\u00e7o, os santos do catolicismo.<\/span><\/p>\n<p class=\"p1\"><span class=\"s1\">\u2013 Posso entrar na casa? \u2013 perguntei ao diretor do bloco.<\/span><\/p>\n<p class=\"p1\"><span class=\"s1\">\u2013 Acho melhor, n\u00e3o. <\/span><\/p>\n<p class=\"p1\"><span class=\"s1\">Se ele tivesse insistido para que eu entrasse, desvelando portas, c\u00f4modos e os mist\u00e9rios que eu imaginava existirem l\u00e1 dentro, em meio \u00e0s rel\u00edquias de uma \u00c1frica salva do cativeiro, talvez eu me contivesse entre fatias de abacaxi e melancia, risadas b\u00eabadas e acordes arrancados de bandolins e viol\u00f5es. Mas, a proibi\u00e7\u00e3o me agu\u00e7ava os sentidos, me empurrando \u00e0 procura de experi\u00eancias novas.<\/span><\/p>\n<p class=\"p1\"><span class=\"s1\">\u2013 Essa era a casa das tias Sinh\u00e1 e Yay\u00e1, aonde Badia chegou rec\u00e9m-nascida, em 1915, trazida pelas duas pretas.<\/span><\/p>\n<p class=\"p1\"><span class=\"s1\">Cochichou em meu ouvido o diretor, que arranjara a recep\u00e7\u00e3o a custo financeiro de nada. <\/span><\/p>\n<p class=\"p1\"><span class=\"s1\">\u2013 Sei \u2013 disse balan\u00e7ando a cabe\u00e7a em sinal afirmativo, com vergonha de confessar minha ignor\u00e2ncia sobre a hist\u00f3ria da cidade.<\/span><\/p>\n<p class=\"p1\"><span class=\"s1\">Pedi licen\u00e7a para me servir, rodeei a mesa e, sorrateiro, invadi o espa\u00e7o sagrado da casa. <\/span><\/p>\n<p class=\"p1\"><span class=\"s1\">Havia um corredor comprido, com estandartes e retratos emoldurados nas paredes, cadeiras capengas, portas e janelas semicerradas, interditando os olhares curiosos. Empurrei uma banda de janela e descobri dois meninos, um branco e um negro, deitados. Aparentavam nove meses. Gordos e risonhos, se debatiam na cama, em meio aos len\u00e7\u00f3is. Achei que fossem g\u00eameos, apesar das cores diferentes de suas peles. Fiquei um tempo contemplando a apari\u00e7\u00e3o. Quem largara dois beb\u00eas desprotegidos, ao l\u00e9u da casa velha? Eles pareciam t\u00e3o brincalh\u00f5es e travessos, e tinham pregado uma bela pe\u00e7a no foli\u00e3o bisbilhoteiro. Envergonhado, botei para rir e sa\u00ed de mansinho. Desejava esquecer o assombro. N\u00e3o havia \u00e1lcool em minha pneuma, nada que me condenasse num teste de baf\u00f4metro ou fizesse imaginar que eu tivera uma alucina\u00e7\u00e3o.<\/span><\/p>\n<p class=\"p1\"><span class=\"s1\">Emburaquei casa adentro. Filtrados pelas paredes grossas, sons de marcha anunciavam que o bloco estava de partida. Pensei em retornar ao p\u00e1tio, mas fora contaminado pelo desejo de vasculhar estranhezas. Mais estandartes e retratos antigos, precariamente iluminados por l\u00e2mpadas incandescentes, de poucos watts. Escutei vozes sussurradas e risinhos. Caminhei na dire\u00e7\u00e3o de uma saleta e vi tr\u00eas mulheres em volta de uma mesinha redonda e de uma garrafa de cacha\u00e7a. Bebiam em pequenos copos. Negras e velhas, elas vestiam blusas e saias longas, semelhando os trajes das m\u00e3es de santo. <\/span><\/p>\n<p class=\"p1\"><span class=\"s1\">Olharam para mim sem surpresa. <\/span><\/p>\n<p class=\"p1\"><span class=\"s1\">\u2013 Quer? \u2013 me ofereceram a bebida. <\/span><\/p>\n<p class=\"p1\"><span class=\"s1\">\u2013 Obrigado, mas n\u00e3o bebo cacha\u00e7a. <\/span><\/p>\n<p class=\"p1\"><span class=\"s1\">As tr\u00eas riram do meu acanhamento. Uma delas comentou:<\/span><\/p>\n<p class=\"p1\"><span class=\"s1\">\u2013 Voc\u00ea n\u00e3o sabe o que perde. <\/span><\/p>\n<p class=\"p1\"><span class=\"s1\">Sei que perco nuances de um Recife de belezas e armadilhas. Ao inv\u00e9s de abrir-me ao vento das mar\u00e9s e dos morros, fecho-me a maior parte do tempo.<\/span><\/p>\n<p class=\"p1\"><span class=\"s1\">\u2013 Quem s\u00e3o os dois meninos na cama? \u2013 perguntei. <\/span><\/p>\n<p class=\"p1\"><span class=\"s1\">\u2013 Ah! Os meninos. <\/span><\/p>\n<p class=\"p1\"><span class=\"s1\">\u2013 O senhor viu?<\/span><\/p>\n<p class=\"p1\"><span class=\"s1\">\u2013 Vi.<\/span><\/p>\n<p class=\"p1\"><span class=\"s1\">Elas gargalharam alto e entornaram a bebida goela abaixo.<\/span><\/p>\n<p class=\"p1\"><span class=\"s1\">\u2013 Se o senhor viu \u00e9 porque nem tudo est\u00e1 perdido.<\/span><\/p>\n<p class=\"p1\"><span class=\"s1\">E beberam mais cacha\u00e7a, muitas talagadas, rindo descaradas do meu rosto surpreso, sem alcance para a felicidade que elas sentiam.<\/span><\/p>\n","protected":false},"excerpt":{"rendered":"<p>Foi na casa de Maria de Lourdes da Silva que eu vi, a Casa de Badia, no P\u00e1tio do Ter\u00e7o, erguida num espa\u00e7o onde se presenciou a resist\u00eancia \u00e0 presen\u00e7a holandesa, o assassinato de Frei Caneca, os movimentos abolicionistas e os avan\u00e7os da Belle \u00c9poque&#8230;.<\/p>\n","protected":false},"author":1,"featured_media":1115,"comment_status":"open","ping_status":"closed","sticky":false,"template":"","format":"standard","meta":{"sfsi_plus_gutenberg_text_before_share":"","sfsi_plus_gutenberg_show_text_before_share":"","sfsi_plus_gutenberg_icon_type":"","sfsi_plus_gutenberg_icon_alignemt":"","sfsi_plus_gutenburg_max_per_row":"","footnotes":""},"categories":[8,46,45],"tags":[169,170,171],"class_list":["post-1114","post","type-post","status-publish","format-standard","has-post-thumbnail","hentry","category-blog","category-links","category-slider","tag-ibeji","tag-ioruba","tag-orixas"],"yoast_head":"<!-- This site is optimized with the Yoast SEO plugin v27.4 - https:\/\/yoast.com\/product\/yoast-seo-wordpress\/ -->\n<title>Assombra\u00e7\u00e3o de Carnaval | Ronaldo Correia de Brito | site oficial<\/title>\n<meta name=\"robots\" content=\"index, follow, max-snippet:-1, max-image-preview:large, max-video-preview:-1\" \/>\n<link rel=\"canonical\" href=\"https:\/\/www.ronaldocorreiadebrito.com.br\/site2\/2019\/02\/assombracao-de-carnaval\/\" \/>\n<meta property=\"og:locale\" content=\"pt_BR\" \/>\n<meta property=\"og:type\" content=\"article\" \/>\n<meta property=\"og:title\" content=\"Assombra\u00e7\u00e3o de Carnaval | Ronaldo Correia de Brito | site oficial\" \/>\n<meta property=\"og:description\" content=\"Foi na casa de Maria de Lourdes da Silva que eu vi, a Casa de Badia, no P\u00e1tio do Ter\u00e7o, erguida num espa\u00e7o onde se presenciou a resist\u00eancia \u00e0 presen\u00e7a holandesa, o assassinato de Frei Caneca, os movimentos abolicionistas e os avan\u00e7os da Belle \u00c9poque....\" \/>\n<meta property=\"og:url\" content=\"https:\/\/www.ronaldocorreiadebrito.com.br\/site2\/2019\/02\/assombracao-de-carnaval\/\" \/>\n<meta property=\"og:site_name\" content=\"Ronaldo Correia de Brito | site oficial\" \/>\n<meta property=\"article:publisher\" content=\"https:\/\/www.facebook.com\/ronaldocorreiadebrito.oficial\" \/>\n<meta property=\"article:published_time\" content=\"2019-02-19T13:33:29+00:00\" \/>\n<meta property=\"og:image\" content=\"https:\/\/www.ronaldocorreiadebrito.com.br\/site2\/wp-content\/uploads\/2019\/02\/ibeji.jpg\" \/>\n\t<meta property=\"og:image:width\" content=\"250\" \/>\n\t<meta property=\"og:image:height\" content=\"338\" \/>\n\t<meta property=\"og:image:type\" content=\"image\/jpeg\" \/>\n<meta name=\"author\" content=\"admin\" \/>\n<meta name=\"twitter:card\" content=\"summary_large_image\" \/>\n<meta name=\"twitter:label1\" content=\"Escrito por\" \/>\n\t<meta name=\"twitter:data1\" content=\"admin\" \/>\n\t<meta name=\"twitter:label2\" content=\"Est. tempo de leitura\" \/>\n\t<meta name=\"twitter:data2\" content=\"4 minutos\" \/>\n<script type=\"application\/ld+json\" class=\"yoast-schema-graph\">{\"@context\":\"https:\\\/\\\/schema.org\",\"@graph\":[{\"@type\":\"Article\",\"@id\":\"https:\\\/\\\/www.ronaldocorreiadebrito.com.br\\\/site2\\\/2019\\\/02\\\/assombracao-de-carnaval\\\/#article\",\"isPartOf\":{\"@id\":\"https:\\\/\\\/www.ronaldocorreiadebrito.com.br\\\/site2\\\/2019\\\/02\\\/assombracao-de-carnaval\\\/\"},\"author\":{\"name\":\"admin\",\"@id\":\"https:\\\/\\\/www.ronaldocorreiadebrito.com.br\\\/site2\\\/#\\\/schema\\\/person\\\/99a164d0eaaff7f78b11899bc7d5e7c9\"},\"headline\":\"Assombra\u00e7\u00e3o de Carnaval\",\"datePublished\":\"2019-02-19T13:33:29+00:00\",\"mainEntityOfPage\":{\"@id\":\"https:\\\/\\\/www.ronaldocorreiadebrito.com.br\\\/site2\\\/2019\\\/02\\\/assombracao-de-carnaval\\\/\"},\"wordCount\":811,\"commentCount\":0,\"image\":{\"@id\":\"https:\\\/\\\/www.ronaldocorreiadebrito.com.br\\\/site2\\\/2019\\\/02\\\/assombracao-de-carnaval\\\/#primaryimage\"},\"thumbnailUrl\":\"https:\\\/\\\/www.ronaldocorreiadebrito.com.br\\\/site2\\\/wp-content\\\/uploads\\\/2019\\\/02\\\/ibeji.jpg\",\"keywords\":[\"ibeji\",\"ioruba\",\"orixas\"],\"articleSection\":[\"Blog\",\"Links\",\"Slider\"],\"inLanguage\":\"pt-BR\",\"potentialAction\":[{\"@type\":\"CommentAction\",\"name\":\"Comment\",\"target\":[\"https:\\\/\\\/www.ronaldocorreiadebrito.com.br\\\/site2\\\/2019\\\/02\\\/assombracao-de-carnaval\\\/#respond\"]}]},{\"@type\":\"WebPage\",\"@id\":\"https:\\\/\\\/www.ronaldocorreiadebrito.com.br\\\/site2\\\/2019\\\/02\\\/assombracao-de-carnaval\\\/\",\"url\":\"https:\\\/\\\/www.ronaldocorreiadebrito.com.br\\\/site2\\\/2019\\\/02\\\/assombracao-de-carnaval\\\/\",\"name\":\"Assombra\u00e7\u00e3o de Carnaval | Ronaldo Correia de Brito | site oficial\",\"isPartOf\":{\"@id\":\"https:\\\/\\\/www.ronaldocorreiadebrito.com.br\\\/site2\\\/#website\"},\"primaryImageOfPage\":{\"@id\":\"https:\\\/\\\/www.ronaldocorreiadebrito.com.br\\\/site2\\\/2019\\\/02\\\/assombracao-de-carnaval\\\/#primaryimage\"},\"image\":{\"@id\":\"https:\\\/\\\/www.ronaldocorreiadebrito.com.br\\\/site2\\\/2019\\\/02\\\/assombracao-de-carnaval\\\/#primaryimage\"},\"thumbnailUrl\":\"https:\\\/\\\/www.ronaldocorreiadebrito.com.br\\\/site2\\\/wp-content\\\/uploads\\\/2019\\\/02\\\/ibeji.jpg\",\"datePublished\":\"2019-02-19T13:33:29+00:00\",\"author\":{\"@id\":\"https:\\\/\\\/www.ronaldocorreiadebrito.com.br\\\/site2\\\/#\\\/schema\\\/person\\\/99a164d0eaaff7f78b11899bc7d5e7c9\"},\"breadcrumb\":{\"@id\":\"https:\\\/\\\/www.ronaldocorreiadebrito.com.br\\\/site2\\\/2019\\\/02\\\/assombracao-de-carnaval\\\/#breadcrumb\"},\"inLanguage\":\"pt-BR\",\"potentialAction\":[{\"@type\":\"ReadAction\",\"target\":[\"https:\\\/\\\/www.ronaldocorreiadebrito.com.br\\\/site2\\\/2019\\\/02\\\/assombracao-de-carnaval\\\/\"]}]},{\"@type\":\"ImageObject\",\"inLanguage\":\"pt-BR\",\"@id\":\"https:\\\/\\\/www.ronaldocorreiadebrito.com.br\\\/site2\\\/2019\\\/02\\\/assombracao-de-carnaval\\\/#primaryimage\",\"url\":\"https:\\\/\\\/www.ronaldocorreiadebrito.com.br\\\/site2\\\/wp-content\\\/uploads\\\/2019\\\/02\\\/ibeji.jpg\",\"contentUrl\":\"https:\\\/\\\/www.ronaldocorreiadebrito.com.br\\\/site2\\\/wp-content\\\/uploads\\\/2019\\\/02\\\/ibeji.jpg\",\"width\":250,\"height\":338},{\"@type\":\"BreadcrumbList\",\"@id\":\"https:\\\/\\\/www.ronaldocorreiadebrito.com.br\\\/site2\\\/2019\\\/02\\\/assombracao-de-carnaval\\\/#breadcrumb\",\"itemListElement\":[{\"@type\":\"ListItem\",\"position\":1,\"name\":\"In\u00edcio\",\"item\":\"https:\\\/\\\/www.ronaldocorreiadebrito.com.br\\\/site2\\\/\"},{\"@type\":\"ListItem\",\"position\":2,\"name\":\"Assombra\u00e7\u00e3o de Carnaval\"}]},{\"@type\":\"WebSite\",\"@id\":\"https:\\\/\\\/www.ronaldocorreiadebrito.com.br\\\/site2\\\/#website\",\"url\":\"https:\\\/\\\/www.ronaldocorreiadebrito.com.br\\\/site2\\\/\",\"name\":\"Ronaldo Correia de Brito | site oficial\",\"description\":\"Site oficial do escritor Ronaldo Correia de Brito\",\"potentialAction\":[{\"@type\":\"SearchAction\",\"target\":{\"@type\":\"EntryPoint\",\"urlTemplate\":\"https:\\\/\\\/www.ronaldocorreiadebrito.com.br\\\/site2\\\/?s={search_term_string}\"},\"query-input\":{\"@type\":\"PropertyValueSpecification\",\"valueRequired\":true,\"valueName\":\"search_term_string\"}}],\"inLanguage\":\"pt-BR\"},{\"@type\":\"Person\",\"@id\":\"https:\\\/\\\/www.ronaldocorreiadebrito.com.br\\\/site2\\\/#\\\/schema\\\/person\\\/99a164d0eaaff7f78b11899bc7d5e7c9\",\"name\":\"admin\",\"url\":\"https:\\\/\\\/www.ronaldocorreiadebrito.com.br\\\/site2\\\/author\\\/admin\\\/\"}]}<\/script>\n<!-- \/ Yoast SEO plugin. -->","yoast_head_json":{"title":"Assombra\u00e7\u00e3o de Carnaval | Ronaldo Correia de Brito | site oficial","robots":{"index":"index","follow":"follow","max-snippet":"max-snippet:-1","max-image-preview":"max-image-preview:large","max-video-preview":"max-video-preview:-1"},"canonical":"https:\/\/www.ronaldocorreiadebrito.com.br\/site2\/2019\/02\/assombracao-de-carnaval\/","og_locale":"pt_BR","og_type":"article","og_title":"Assombra\u00e7\u00e3o de Carnaval | Ronaldo Correia de Brito | site oficial","og_description":"Foi na casa de Maria de Lourdes da Silva que eu vi, a Casa de Badia, no P\u00e1tio do Ter\u00e7o, erguida num espa\u00e7o onde se presenciou a resist\u00eancia \u00e0 presen\u00e7a holandesa, o assassinato de Frei Caneca, os movimentos abolicionistas e os avan\u00e7os da Belle \u00c9poque....","og_url":"https:\/\/www.ronaldocorreiadebrito.com.br\/site2\/2019\/02\/assombracao-de-carnaval\/","og_site_name":"Ronaldo Correia de Brito | site oficial","article_publisher":"https:\/\/www.facebook.com\/ronaldocorreiadebrito.oficial","article_published_time":"2019-02-19T13:33:29+00:00","og_image":[{"width":250,"height":338,"url":"https:\/\/www.ronaldocorreiadebrito.com.br\/site2\/wp-content\/uploads\/2019\/02\/ibeji.jpg","type":"image\/jpeg"}],"author":"admin","twitter_card":"summary_large_image","twitter_misc":{"Escrito por":"admin","Est. tempo de leitura":"4 minutos"},"schema":{"@context":"https:\/\/schema.org","@graph":[{"@type":"Article","@id":"https:\/\/www.ronaldocorreiadebrito.com.br\/site2\/2019\/02\/assombracao-de-carnaval\/#article","isPartOf":{"@id":"https:\/\/www.ronaldocorreiadebrito.com.br\/site2\/2019\/02\/assombracao-de-carnaval\/"},"author":{"name":"admin","@id":"https:\/\/www.ronaldocorreiadebrito.com.br\/site2\/#\/schema\/person\/99a164d0eaaff7f78b11899bc7d5e7c9"},"headline":"Assombra\u00e7\u00e3o de Carnaval","datePublished":"2019-02-19T13:33:29+00:00","mainEntityOfPage":{"@id":"https:\/\/www.ronaldocorreiadebrito.com.br\/site2\/2019\/02\/assombracao-de-carnaval\/"},"wordCount":811,"commentCount":0,"image":{"@id":"https:\/\/www.ronaldocorreiadebrito.com.br\/site2\/2019\/02\/assombracao-de-carnaval\/#primaryimage"},"thumbnailUrl":"https:\/\/www.ronaldocorreiadebrito.com.br\/site2\/wp-content\/uploads\/2019\/02\/ibeji.jpg","keywords":["ibeji","ioruba","orixas"],"articleSection":["Blog","Links","Slider"],"inLanguage":"pt-BR","potentialAction":[{"@type":"CommentAction","name":"Comment","target":["https:\/\/www.ronaldocorreiadebrito.com.br\/site2\/2019\/02\/assombracao-de-carnaval\/#respond"]}]},{"@type":"WebPage","@id":"https:\/\/www.ronaldocorreiadebrito.com.br\/site2\/2019\/02\/assombracao-de-carnaval\/","url":"https:\/\/www.ronaldocorreiadebrito.com.br\/site2\/2019\/02\/assombracao-de-carnaval\/","name":"Assombra\u00e7\u00e3o de Carnaval | Ronaldo Correia de Brito | site oficial","isPartOf":{"@id":"https:\/\/www.ronaldocorreiadebrito.com.br\/site2\/#website"},"primaryImageOfPage":{"@id":"https:\/\/www.ronaldocorreiadebrito.com.br\/site2\/2019\/02\/assombracao-de-carnaval\/#primaryimage"},"image":{"@id":"https:\/\/www.ronaldocorreiadebrito.com.br\/site2\/2019\/02\/assombracao-de-carnaval\/#primaryimage"},"thumbnailUrl":"https:\/\/www.ronaldocorreiadebrito.com.br\/site2\/wp-content\/uploads\/2019\/02\/ibeji.jpg","datePublished":"2019-02-19T13:33:29+00:00","author":{"@id":"https:\/\/www.ronaldocorreiadebrito.com.br\/site2\/#\/schema\/person\/99a164d0eaaff7f78b11899bc7d5e7c9"},"breadcrumb":{"@id":"https:\/\/www.ronaldocorreiadebrito.com.br\/site2\/2019\/02\/assombracao-de-carnaval\/#breadcrumb"},"inLanguage":"pt-BR","potentialAction":[{"@type":"ReadAction","target":["https:\/\/www.ronaldocorreiadebrito.com.br\/site2\/2019\/02\/assombracao-de-carnaval\/"]}]},{"@type":"ImageObject","inLanguage":"pt-BR","@id":"https:\/\/www.ronaldocorreiadebrito.com.br\/site2\/2019\/02\/assombracao-de-carnaval\/#primaryimage","url":"https:\/\/www.ronaldocorreiadebrito.com.br\/site2\/wp-content\/uploads\/2019\/02\/ibeji.jpg","contentUrl":"https:\/\/www.ronaldocorreiadebrito.com.br\/site2\/wp-content\/uploads\/2019\/02\/ibeji.jpg","width":250,"height":338},{"@type":"BreadcrumbList","@id":"https:\/\/www.ronaldocorreiadebrito.com.br\/site2\/2019\/02\/assombracao-de-carnaval\/#breadcrumb","itemListElement":[{"@type":"ListItem","position":1,"name":"In\u00edcio","item":"https:\/\/www.ronaldocorreiadebrito.com.br\/site2\/"},{"@type":"ListItem","position":2,"name":"Assombra\u00e7\u00e3o de Carnaval"}]},{"@type":"WebSite","@id":"https:\/\/www.ronaldocorreiadebrito.com.br\/site2\/#website","url":"https:\/\/www.ronaldocorreiadebrito.com.br\/site2\/","name":"Ronaldo Correia de Brito | site oficial","description":"Site oficial do escritor Ronaldo Correia de Brito","potentialAction":[{"@type":"SearchAction","target":{"@type":"EntryPoint","urlTemplate":"https:\/\/www.ronaldocorreiadebrito.com.br\/site2\/?s={search_term_string}"},"query-input":{"@type":"PropertyValueSpecification","valueRequired":true,"valueName":"search_term_string"}}],"inLanguage":"pt-BR"},{"@type":"Person","@id":"https:\/\/www.ronaldocorreiadebrito.com.br\/site2\/#\/schema\/person\/99a164d0eaaff7f78b11899bc7d5e7c9","name":"admin","url":"https:\/\/www.ronaldocorreiadebrito.com.br\/site2\/author\/admin\/"}]}},"wps_subtitle":"","_links":{"self":[{"href":"https:\/\/www.ronaldocorreiadebrito.com.br\/site2\/wp-json\/wp\/v2\/posts\/1114","targetHints":{"allow":["GET"]}}],"collection":[{"href":"https:\/\/www.ronaldocorreiadebrito.com.br\/site2\/wp-json\/wp\/v2\/posts"}],"about":[{"href":"https:\/\/www.ronaldocorreiadebrito.com.br\/site2\/wp-json\/wp\/v2\/types\/post"}],"author":[{"embeddable":true,"href":"https:\/\/www.ronaldocorreiadebrito.com.br\/site2\/wp-json\/wp\/v2\/users\/1"}],"replies":[{"embeddable":true,"href":"https:\/\/www.ronaldocorreiadebrito.com.br\/site2\/wp-json\/wp\/v2\/comments?post=1114"}],"version-history":[{"count":0,"href":"https:\/\/www.ronaldocorreiadebrito.com.br\/site2\/wp-json\/wp\/v2\/posts\/1114\/revisions"}],"wp:featuredmedia":[{"embeddable":true,"href":"https:\/\/www.ronaldocorreiadebrito.com.br\/site2\/wp-json\/wp\/v2\/media\/1115"}],"wp:attachment":[{"href":"https:\/\/www.ronaldocorreiadebrito.com.br\/site2\/wp-json\/wp\/v2\/media?parent=1114"}],"wp:term":[{"taxonomy":"category","embeddable":true,"href":"https:\/\/www.ronaldocorreiadebrito.com.br\/site2\/wp-json\/wp\/v2\/categories?post=1114"},{"taxonomy":"post_tag","embeddable":true,"href":"https:\/\/www.ronaldocorreiadebrito.com.br\/site2\/wp-json\/wp\/v2\/tags?post=1114"}],"curies":[{"name":"wp","href":"https:\/\/api.w.org\/{rel}","templated":true}]}}