{"id":1070,"date":"2019-01-15T13:30:05","date_gmt":"2019-01-15T16:30:05","guid":{"rendered":"http:\/\/www.ronaldocorreiadebrito.com.br\/site2\/?p=1070"},"modified":"2019-01-15T13:30:05","modified_gmt":"2019-01-15T16:30:05","slug":"dor-nossa-de-cada-dia","status":"publish","type":"post","link":"https:\/\/www.ronaldocorreiadebrito.com.br\/site2\/2019\/01\/dor-nossa-de-cada-dia\/","title":{"rendered":"A dor nossa de cada dia"},"content":{"rendered":"<p class=\"p1\"><span class=\"s1\">Numa das portas do meu guarda-roupa na Casa do Estudante, no Campus da Universidade Federal de Pernambuco, em Recife, eu preguei uma foto em preto e branco, recortada de um jornal da cidade. A imagem havia sido registrada num campo de concentra\u00e7\u00e3o nazista, talvez Auschwitz ou Treblinka, n\u00e3o lembro ao certo, o horror era o mesmo em todos os lugares de exterm\u00ednio. Homens no \u00faltimo est\u00e1gio de desnutri\u00e7\u00e3o, vestidos em uniformes listados, uma estrela de Davi ao peito, os cr\u00e2nios raspados, os ossos salientes, olhavam esbugalhados. Em torno, catres imundos, onde deviam proliferar insetos. Um dos homens esbo\u00e7ava sorriso doce, talvez o rictos da morte pr\u00f3xima.<\/span><\/p>\n<p class=\"p1\"><span class=\"s1\">Abaixo do retrato arrepiante, que levei comigo em v\u00e1rias mudan\u00e7as at\u00e9 que se extraviou, escrevi: nunca permita, nunca pactue. <\/span><\/p>\n<p class=\"p1\"><span class=\"s1\">Eu n\u00e3o passava de um garoto de 19 anos, cheio de ideais socialistas, e sentimentos crist\u00e3os inculcados pela m\u00e3e e pela av\u00f3 materna. Na nossa casa dos Inhamuns e do Cariri, todos entravam, falavam, choravam, comiam, levavam algum alimento ou roupa quando iam embora, recebiam aten\u00e7\u00e3o de minha m\u00e3e, que largava as tarefas dom\u00e9sticas para ouvir e consolar.<span class=\"Apple-converted-space\">\u00a0 <\/span>Meu pai enchia a despensa da casa e mam\u00e3e esvaziava, dando aos mais necessitados. <\/span><\/p>\n<p class=\"p1\"><span class=\"s1\">A lembran\u00e7a da imagem de Auschwitz (ou seria Treblinka?) me veio de uma foto enviada por um amigo, essa que reproduzo. O texto ilustrando n\u00e3o \u00e9 meu. Mas amplio a dedicat\u00f3ria a todos os brasileiros, entre os quais me incluo. Onde foi parar o meu horror adolescente? O que tenho feito para impedir a prolifera\u00e7\u00e3o desses campos de exterm\u00ednio e abandono do povo brasileiro, de crian\u00e7as e adolescentes? O que fa\u00e7o para n\u00e3o permitir tamanho horror, nem pactuar com ele? Abro as portas da minha casa como mam\u00e3e crist\u00e3mente fazia? Abro o meu cora\u00e7\u00e3o?<\/span><\/p>\n<p class=\"p1\"><span class=\"s1\">\u00c9 f\u00e1cil comover-se com as trag\u00e9dias ocorridas em outros lugares, ou noutros tempos. Dizemos: se eu estivesse l\u00e1, n\u00e3o permitiria que acontecesse. Se fosse comigo, seria bem diferente. Por que eles n\u00e3o reagem, s\u00e3o mais numerosos? Por que ficam t\u00e3o passivos? Eu morreria lutando, mas n\u00e3o deixaria acontecer, afirmamos convictos.<\/span><\/p>\n<p class=\"p1\"><span class=\"s1\">Est\u00e1 acontecendo, acontece todos os dias, debaixo dos nossos olhos. A mis\u00e9ria rasteja ao n\u00edvel do ch\u00e3o, da sarjeta, como as po\u00e7as de lama que saltamos ou contornamos. Era assim com os judeus da Pol\u00f4nia, \u00e9 assim com os pobres do Brasil.<span class=\"Apple-converted-space\">\u00a0 <\/span>Ao n\u00edvel do ch\u00e3o a mis\u00e9ria se torna mais miser\u00e1vel, tenta n\u00e3o ser vis\u00edvel para os que olham de p\u00e9, apenas \u00e0 frente. Vejam a foto comovedora dessa crian\u00e7a. Quando a mis\u00e9ria n\u00e3o se oculta por ela mesma, na humildade de ser mis\u00e9ria, surgem os que tentam ocult\u00e1-la com tapumes. <\/span><\/p>\n<p class=\"p1\"><span class=\"s1\">Recebi imagens das na\u00e7\u00f5es ind\u00edgenas com os apelos: est\u00e3o invadindo nosso lar; precisamos da sua ajuda; lute por n\u00f3s; mobiliza\u00e7\u00e3o nacional contra o genoc\u00eddio ind\u00edgena; apoie antes que seja tarde.<\/span><\/p>\n<p class=\"p1\"><span class=\"s1\">\u2013 Nunca pactue, nunca permita, escreveu o adolescente de 19 anos, na porta do seu guarda-roupa. O que fa\u00e7o para n\u00e3o permitir, nem pactuar?, me pergunta j\u00e1<span class=\"Apple-converted-space\">\u00a0 <\/span>velho de 67 anos, at\u00f4nito com os descaminhos da nova pol\u00edtica brasileira. E a resposta parece sempre a mesma: lutar, lutar, lutar com os recursos que estiverem ao alcance da m\u00e3o e da voz.<\/span><\/p>\n","protected":false},"excerpt":{"rendered":"<p>Numa das portas do meu guarda-roupa na Casa do Estudante, no Campus da Universidade Federal de Pernambuco, em Recife, eu preguei uma foto em preto e branco, recortada de um jornal da cidade. A imagem havia sido registrada num campo de concentra\u00e7\u00e3o nazista, talvez Auschwitz&#8230;<\/p>\n","protected":false},"author":1,"featured_media":1071,"comment_status":"open","ping_status":"closed","sticky":false,"template":"","format":"standard","meta":{"sfsi_plus_gutenberg_text_before_share":"","sfsi_plus_gutenberg_show_text_before_share":"","sfsi_plus_gutenberg_icon_type":"","sfsi_plus_gutenberg_icon_alignemt":"","sfsi_plus_gutenburg_max_per_row":"","footnotes":""},"categories":[8,46,45],"tags":[159,158,157],"class_list":["post-1070","post","type-post","status-publish","format-standard","has-post-thumbnail","hentry","category-blog","category-links","category-slider","tag-holocausto","tag-miseria","tag-povos-indigenas"],"yoast_head":"<!-- This site is optimized with the Yoast SEO plugin v27.5 - https:\/\/yoast.com\/product\/yoast-seo-wordpress\/ -->\n<title>A dor nossa de cada dia | Ronaldo Correia de Brito | site oficial<\/title>\n<meta name=\"robots\" content=\"index, follow, max-snippet:-1, max-image-preview:large, max-video-preview:-1\" \/>\n<link rel=\"canonical\" href=\"https:\/\/www.ronaldocorreiadebrito.com.br\/site2\/2019\/01\/dor-nossa-de-cada-dia\/\" \/>\n<meta property=\"og:locale\" content=\"pt_BR\" \/>\n<meta property=\"og:type\" content=\"article\" \/>\n<meta property=\"og:title\" content=\"A dor nossa de cada dia | Ronaldo Correia de Brito | site oficial\" \/>\n<meta property=\"og:description\" content=\"Numa das portas do meu guarda-roupa na Casa do Estudante, no Campus da Universidade Federal de Pernambuco, em Recife, eu preguei uma foto em preto e branco, recortada de um jornal da cidade. A imagem havia sido registrada num campo de concentra\u00e7\u00e3o nazista, talvez Auschwitz...\" \/>\n<meta property=\"og:url\" content=\"https:\/\/www.ronaldocorreiadebrito.com.br\/site2\/2019\/01\/dor-nossa-de-cada-dia\/\" \/>\n<meta property=\"og:site_name\" content=\"Ronaldo Correia de Brito | site oficial\" \/>\n<meta property=\"article:publisher\" content=\"https:\/\/www.facebook.com\/ronaldocorreiadebrito.oficial\" \/>\n<meta property=\"article:published_time\" content=\"2019-01-15T16:30:05+00:00\" \/>\n<meta property=\"og:image\" content=\"https:\/\/www.ronaldocorreiadebrito.com.br\/site2\/wp-content\/uploads\/2019\/01\/WhatsApp-Image-2019-01-15-at-09.38.28.jpeg\" \/>\n\t<meta property=\"og:image:width\" content=\"470\" \/>\n\t<meta property=\"og:image:height\" content=\"313\" \/>\n\t<meta property=\"og:image:type\" content=\"image\/jpeg\" \/>\n<meta name=\"author\" content=\"admin\" \/>\n<meta name=\"twitter:card\" content=\"summary_large_image\" \/>\n<meta name=\"twitter:label1\" content=\"Escrito por\" \/>\n\t<meta name=\"twitter:data1\" content=\"admin\" \/>\n\t<meta name=\"twitter:label2\" content=\"Est. tempo de leitura\" \/>\n\t<meta name=\"twitter:data2\" content=\"3 minutos\" \/>\n<script type=\"application\/ld+json\" class=\"yoast-schema-graph\">{\"@context\":\"https:\\\/\\\/schema.org\",\"@graph\":[{\"@type\":\"Article\",\"@id\":\"https:\\\/\\\/www.ronaldocorreiadebrito.com.br\\\/site2\\\/2019\\\/01\\\/dor-nossa-de-cada-dia\\\/#article\",\"isPartOf\":{\"@id\":\"https:\\\/\\\/www.ronaldocorreiadebrito.com.br\\\/site2\\\/2019\\\/01\\\/dor-nossa-de-cada-dia\\\/\"},\"author\":{\"name\":\"admin\",\"@id\":\"https:\\\/\\\/www.ronaldocorreiadebrito.com.br\\\/site2\\\/#\\\/schema\\\/person\\\/99a164d0eaaff7f78b11899bc7d5e7c9\"},\"headline\":\"A dor nossa de cada dia\",\"datePublished\":\"2019-01-15T16:30:05+00:00\",\"mainEntityOfPage\":{\"@id\":\"https:\\\/\\\/www.ronaldocorreiadebrito.com.br\\\/site2\\\/2019\\\/01\\\/dor-nossa-de-cada-dia\\\/\"},\"wordCount\":585,\"commentCount\":0,\"image\":{\"@id\":\"https:\\\/\\\/www.ronaldocorreiadebrito.com.br\\\/site2\\\/2019\\\/01\\\/dor-nossa-de-cada-dia\\\/#primaryimage\"},\"thumbnailUrl\":\"https:\\\/\\\/www.ronaldocorreiadebrito.com.br\\\/site2\\\/wp-content\\\/uploads\\\/2019\\\/01\\\/WhatsApp-Image-2019-01-15-at-09.38.28.jpeg\",\"keywords\":[\"holocausto\",\"mis\u00e9ria\",\"povos ind\u00edgenas\"],\"articleSection\":[\"Blog\",\"Links\",\"Slider\"],\"inLanguage\":\"pt-BR\",\"potentialAction\":[{\"@type\":\"CommentAction\",\"name\":\"Comment\",\"target\":[\"https:\\\/\\\/www.ronaldocorreiadebrito.com.br\\\/site2\\\/2019\\\/01\\\/dor-nossa-de-cada-dia\\\/#respond\"]}]},{\"@type\":\"WebPage\",\"@id\":\"https:\\\/\\\/www.ronaldocorreiadebrito.com.br\\\/site2\\\/2019\\\/01\\\/dor-nossa-de-cada-dia\\\/\",\"url\":\"https:\\\/\\\/www.ronaldocorreiadebrito.com.br\\\/site2\\\/2019\\\/01\\\/dor-nossa-de-cada-dia\\\/\",\"name\":\"A dor nossa de cada dia | Ronaldo Correia de Brito | site oficial\",\"isPartOf\":{\"@id\":\"https:\\\/\\\/www.ronaldocorreiadebrito.com.br\\\/site2\\\/#website\"},\"primaryImageOfPage\":{\"@id\":\"https:\\\/\\\/www.ronaldocorreiadebrito.com.br\\\/site2\\\/2019\\\/01\\\/dor-nossa-de-cada-dia\\\/#primaryimage\"},\"image\":{\"@id\":\"https:\\\/\\\/www.ronaldocorreiadebrito.com.br\\\/site2\\\/2019\\\/01\\\/dor-nossa-de-cada-dia\\\/#primaryimage\"},\"thumbnailUrl\":\"https:\\\/\\\/www.ronaldocorreiadebrito.com.br\\\/site2\\\/wp-content\\\/uploads\\\/2019\\\/01\\\/WhatsApp-Image-2019-01-15-at-09.38.28.jpeg\",\"datePublished\":\"2019-01-15T16:30:05+00:00\",\"author\":{\"@id\":\"https:\\\/\\\/www.ronaldocorreiadebrito.com.br\\\/site2\\\/#\\\/schema\\\/person\\\/99a164d0eaaff7f78b11899bc7d5e7c9\"},\"breadcrumb\":{\"@id\":\"https:\\\/\\\/www.ronaldocorreiadebrito.com.br\\\/site2\\\/2019\\\/01\\\/dor-nossa-de-cada-dia\\\/#breadcrumb\"},\"inLanguage\":\"pt-BR\",\"potentialAction\":[{\"@type\":\"ReadAction\",\"target\":[\"https:\\\/\\\/www.ronaldocorreiadebrito.com.br\\\/site2\\\/2019\\\/01\\\/dor-nossa-de-cada-dia\\\/\"]}]},{\"@type\":\"ImageObject\",\"inLanguage\":\"pt-BR\",\"@id\":\"https:\\\/\\\/www.ronaldocorreiadebrito.com.br\\\/site2\\\/2019\\\/01\\\/dor-nossa-de-cada-dia\\\/#primaryimage\",\"url\":\"https:\\\/\\\/www.ronaldocorreiadebrito.com.br\\\/site2\\\/wp-content\\\/uploads\\\/2019\\\/01\\\/WhatsApp-Image-2019-01-15-at-09.38.28.jpeg\",\"contentUrl\":\"https:\\\/\\\/www.ronaldocorreiadebrito.com.br\\\/site2\\\/wp-content\\\/uploads\\\/2019\\\/01\\\/WhatsApp-Image-2019-01-15-at-09.38.28.jpeg\",\"width\":470,\"height\":313},{\"@type\":\"BreadcrumbList\",\"@id\":\"https:\\\/\\\/www.ronaldocorreiadebrito.com.br\\\/site2\\\/2019\\\/01\\\/dor-nossa-de-cada-dia\\\/#breadcrumb\",\"itemListElement\":[{\"@type\":\"ListItem\",\"position\":1,\"name\":\"In\u00edcio\",\"item\":\"https:\\\/\\\/www.ronaldocorreiadebrito.com.br\\\/site2\\\/\"},{\"@type\":\"ListItem\",\"position\":2,\"name\":\"A dor nossa de cada dia\"}]},{\"@type\":\"WebSite\",\"@id\":\"https:\\\/\\\/www.ronaldocorreiadebrito.com.br\\\/site2\\\/#website\",\"url\":\"https:\\\/\\\/www.ronaldocorreiadebrito.com.br\\\/site2\\\/\",\"name\":\"Ronaldo Correia de Brito | site oficial\",\"description\":\"Site oficial do escritor Ronaldo Correia de Brito\",\"potentialAction\":[{\"@type\":\"SearchAction\",\"target\":{\"@type\":\"EntryPoint\",\"urlTemplate\":\"https:\\\/\\\/www.ronaldocorreiadebrito.com.br\\\/site2\\\/?s={search_term_string}\"},\"query-input\":{\"@type\":\"PropertyValueSpecification\",\"valueRequired\":true,\"valueName\":\"search_term_string\"}}],\"inLanguage\":\"pt-BR\"},{\"@type\":\"Person\",\"@id\":\"https:\\\/\\\/www.ronaldocorreiadebrito.com.br\\\/site2\\\/#\\\/schema\\\/person\\\/99a164d0eaaff7f78b11899bc7d5e7c9\",\"name\":\"admin\",\"url\":\"https:\\\/\\\/www.ronaldocorreiadebrito.com.br\\\/site2\\\/author\\\/admin\\\/\"}]}<\/script>\n<!-- \/ Yoast SEO plugin. -->","yoast_head_json":{"title":"A dor nossa de cada dia | Ronaldo Correia de Brito | site oficial","robots":{"index":"index","follow":"follow","max-snippet":"max-snippet:-1","max-image-preview":"max-image-preview:large","max-video-preview":"max-video-preview:-1"},"canonical":"https:\/\/www.ronaldocorreiadebrito.com.br\/site2\/2019\/01\/dor-nossa-de-cada-dia\/","og_locale":"pt_BR","og_type":"article","og_title":"A dor nossa de cada dia | Ronaldo Correia de Brito | site oficial","og_description":"Numa das portas do meu guarda-roupa na Casa do Estudante, no Campus da Universidade Federal de Pernambuco, em Recife, eu preguei uma foto em preto e branco, recortada de um jornal da cidade. A imagem havia sido registrada num campo de concentra\u00e7\u00e3o nazista, talvez Auschwitz...","og_url":"https:\/\/www.ronaldocorreiadebrito.com.br\/site2\/2019\/01\/dor-nossa-de-cada-dia\/","og_site_name":"Ronaldo Correia de Brito | site oficial","article_publisher":"https:\/\/www.facebook.com\/ronaldocorreiadebrito.oficial","article_published_time":"2019-01-15T16:30:05+00:00","og_image":[{"width":470,"height":313,"url":"https:\/\/www.ronaldocorreiadebrito.com.br\/site2\/wp-content\/uploads\/2019\/01\/WhatsApp-Image-2019-01-15-at-09.38.28.jpeg","type":"image\/jpeg"}],"author":"admin","twitter_card":"summary_large_image","twitter_misc":{"Escrito por":"admin","Est. tempo de leitura":"3 minutos"},"schema":{"@context":"https:\/\/schema.org","@graph":[{"@type":"Article","@id":"https:\/\/www.ronaldocorreiadebrito.com.br\/site2\/2019\/01\/dor-nossa-de-cada-dia\/#article","isPartOf":{"@id":"https:\/\/www.ronaldocorreiadebrito.com.br\/site2\/2019\/01\/dor-nossa-de-cada-dia\/"},"author":{"name":"admin","@id":"https:\/\/www.ronaldocorreiadebrito.com.br\/site2\/#\/schema\/person\/99a164d0eaaff7f78b11899bc7d5e7c9"},"headline":"A dor nossa de cada dia","datePublished":"2019-01-15T16:30:05+00:00","mainEntityOfPage":{"@id":"https:\/\/www.ronaldocorreiadebrito.com.br\/site2\/2019\/01\/dor-nossa-de-cada-dia\/"},"wordCount":585,"commentCount":0,"image":{"@id":"https:\/\/www.ronaldocorreiadebrito.com.br\/site2\/2019\/01\/dor-nossa-de-cada-dia\/#primaryimage"},"thumbnailUrl":"https:\/\/www.ronaldocorreiadebrito.com.br\/site2\/wp-content\/uploads\/2019\/01\/WhatsApp-Image-2019-01-15-at-09.38.28.jpeg","keywords":["holocausto","mis\u00e9ria","povos ind\u00edgenas"],"articleSection":["Blog","Links","Slider"],"inLanguage":"pt-BR","potentialAction":[{"@type":"CommentAction","name":"Comment","target":["https:\/\/www.ronaldocorreiadebrito.com.br\/site2\/2019\/01\/dor-nossa-de-cada-dia\/#respond"]}]},{"@type":"WebPage","@id":"https:\/\/www.ronaldocorreiadebrito.com.br\/site2\/2019\/01\/dor-nossa-de-cada-dia\/","url":"https:\/\/www.ronaldocorreiadebrito.com.br\/site2\/2019\/01\/dor-nossa-de-cada-dia\/","name":"A dor nossa de cada dia | Ronaldo Correia de Brito | site oficial","isPartOf":{"@id":"https:\/\/www.ronaldocorreiadebrito.com.br\/site2\/#website"},"primaryImageOfPage":{"@id":"https:\/\/www.ronaldocorreiadebrito.com.br\/site2\/2019\/01\/dor-nossa-de-cada-dia\/#primaryimage"},"image":{"@id":"https:\/\/www.ronaldocorreiadebrito.com.br\/site2\/2019\/01\/dor-nossa-de-cada-dia\/#primaryimage"},"thumbnailUrl":"https:\/\/www.ronaldocorreiadebrito.com.br\/site2\/wp-content\/uploads\/2019\/01\/WhatsApp-Image-2019-01-15-at-09.38.28.jpeg","datePublished":"2019-01-15T16:30:05+00:00","author":{"@id":"https:\/\/www.ronaldocorreiadebrito.com.br\/site2\/#\/schema\/person\/99a164d0eaaff7f78b11899bc7d5e7c9"},"breadcrumb":{"@id":"https:\/\/www.ronaldocorreiadebrito.com.br\/site2\/2019\/01\/dor-nossa-de-cada-dia\/#breadcrumb"},"inLanguage":"pt-BR","potentialAction":[{"@type":"ReadAction","target":["https:\/\/www.ronaldocorreiadebrito.com.br\/site2\/2019\/01\/dor-nossa-de-cada-dia\/"]}]},{"@type":"ImageObject","inLanguage":"pt-BR","@id":"https:\/\/www.ronaldocorreiadebrito.com.br\/site2\/2019\/01\/dor-nossa-de-cada-dia\/#primaryimage","url":"https:\/\/www.ronaldocorreiadebrito.com.br\/site2\/wp-content\/uploads\/2019\/01\/WhatsApp-Image-2019-01-15-at-09.38.28.jpeg","contentUrl":"https:\/\/www.ronaldocorreiadebrito.com.br\/site2\/wp-content\/uploads\/2019\/01\/WhatsApp-Image-2019-01-15-at-09.38.28.jpeg","width":470,"height":313},{"@type":"BreadcrumbList","@id":"https:\/\/www.ronaldocorreiadebrito.com.br\/site2\/2019\/01\/dor-nossa-de-cada-dia\/#breadcrumb","itemListElement":[{"@type":"ListItem","position":1,"name":"In\u00edcio","item":"https:\/\/www.ronaldocorreiadebrito.com.br\/site2\/"},{"@type":"ListItem","position":2,"name":"A dor nossa de cada dia"}]},{"@type":"WebSite","@id":"https:\/\/www.ronaldocorreiadebrito.com.br\/site2\/#website","url":"https:\/\/www.ronaldocorreiadebrito.com.br\/site2\/","name":"Ronaldo Correia de Brito | site oficial","description":"Site oficial do escritor Ronaldo Correia de Brito","potentialAction":[{"@type":"SearchAction","target":{"@type":"EntryPoint","urlTemplate":"https:\/\/www.ronaldocorreiadebrito.com.br\/site2\/?s={search_term_string}"},"query-input":{"@type":"PropertyValueSpecification","valueRequired":true,"valueName":"search_term_string"}}],"inLanguage":"pt-BR"},{"@type":"Person","@id":"https:\/\/www.ronaldocorreiadebrito.com.br\/site2\/#\/schema\/person\/99a164d0eaaff7f78b11899bc7d5e7c9","name":"admin","url":"https:\/\/www.ronaldocorreiadebrito.com.br\/site2\/author\/admin\/"}]}},"wps_subtitle":"","_links":{"self":[{"href":"https:\/\/www.ronaldocorreiadebrito.com.br\/site2\/wp-json\/wp\/v2\/posts\/1070","targetHints":{"allow":["GET"]}}],"collection":[{"href":"https:\/\/www.ronaldocorreiadebrito.com.br\/site2\/wp-json\/wp\/v2\/posts"}],"about":[{"href":"https:\/\/www.ronaldocorreiadebrito.com.br\/site2\/wp-json\/wp\/v2\/types\/post"}],"author":[{"embeddable":true,"href":"https:\/\/www.ronaldocorreiadebrito.com.br\/site2\/wp-json\/wp\/v2\/users\/1"}],"replies":[{"embeddable":true,"href":"https:\/\/www.ronaldocorreiadebrito.com.br\/site2\/wp-json\/wp\/v2\/comments?post=1070"}],"version-history":[{"count":0,"href":"https:\/\/www.ronaldocorreiadebrito.com.br\/site2\/wp-json\/wp\/v2\/posts\/1070\/revisions"}],"wp:featuredmedia":[{"embeddable":true,"href":"https:\/\/www.ronaldocorreiadebrito.com.br\/site2\/wp-json\/wp\/v2\/media\/1071"}],"wp:attachment":[{"href":"https:\/\/www.ronaldocorreiadebrito.com.br\/site2\/wp-json\/wp\/v2\/media?parent=1070"}],"wp:term":[{"taxonomy":"category","embeddable":true,"href":"https:\/\/www.ronaldocorreiadebrito.com.br\/site2\/wp-json\/wp\/v2\/categories?post=1070"},{"taxonomy":"post_tag","embeddable":true,"href":"https:\/\/www.ronaldocorreiadebrito.com.br\/site2\/wp-json\/wp\/v2\/tags?post=1070"}],"curies":[{"name":"wp","href":"https:\/\/api.w.org\/{rel}","templated":true}]}}