{"id":1033,"date":"2018-09-26T10:39:00","date_gmt":"2018-09-26T13:39:00","guid":{"rendered":"http:\/\/www.ronaldocorreiadebrito.com.br\/site2\/?p=1033"},"modified":"2018-09-26T10:39:00","modified_gmt":"2018-09-26T13:39:00","slug":"leitura-dos-evangelhos-em-tempo-de-falsos-cristaos","status":"publish","type":"post","link":"https:\/\/www.ronaldocorreiadebrito.com.br\/site2\/2018\/09\/leitura-dos-evangelhos-em-tempo-de-falsos-cristaos\/","title":{"rendered":"Leitura dos Evangelhos em tempo de falsos crist\u00e3os"},"content":{"rendered":"<p class=\"p1\"><span class=\"s1\">H\u00e1 quem se apresente com a B\u00edblia debaixo do bra\u00e7o, fale em nome de Jesus e do Ex\u00e9rcito (que n\u00e3o \u00e9 o dos anjos do c\u00e9u). Saudades de Mill\u00f4r Fernandes e seu \u201clivre pensar \u00e9 s\u00f3 pensar\u201d. At\u00e9 o humor anda em baixa nesse tempo de falsos profetas e Messias armados de \u00f3dio at\u00e9 os dentes.<\/p>\n<p><\/span><\/p>\n<p><span class=\"s1\">01. \u201cMuitos dos primeiros ser\u00e3o \u00faltimos, e muitos dos \u00faltimos, primeiros\u201d. Mateus, 19-30.<\/span><\/p>\n<p class=\"p3\"><span class=\"s1\"><b>Coment\u00e1rio<\/b>: Basta olhar as mudan\u00e7as nos n\u00fameros das pesquisas e crer nelas.<\/span><\/p>\n<p><span class=\"s1\">02. \u201cSe um reino se dividir contra si mesmo, tal reino n\u00e3o poder\u00e1 subsistir. E se uma casa se dividir contra si mesma, tal casa n\u00e3o poder\u00e1 se manter\u201d. Marcos, 3-24,25.<\/span><\/p>\n<p class=\"p3\"><span class=\"s1\"><b>Coment\u00e1rio<\/b>: Ent\u00e3o que se unam as for\u00e7as do bem. Artistas, intelectuais, negros, mulheres, esp\u00edritas e at\u00e9 alguns m\u00e9dicos (a corpora\u00e7\u00e3o mais reacion\u00e1ria) avan\u00e7am na busca dessa uni\u00e3o.<\/span><\/p>\n<p><span class=\"s1\">03. \u201cN\u00e3o h\u00e1 \u00e1rvore boa que d\u00ea fruto mau, e nem \u00e1rvore m\u00e1 que d\u00ea fruto bom; (&#8230;) O homem bom, do bom tesouro do cora\u00e7\u00e3o tira o que \u00e9 bom, mas o mau, de seu mal tira o que \u00e9 mau; porque a boca fala daquilo de que est\u00e1 cheio o cora\u00e7\u00e3o\u201d. Lucas, 6-43,45.<\/span><\/p>\n<p class=\"p3\"><span class=\"s1\"><b>Coment\u00e1rio<\/b>: Para o bom entendedor, n\u00e3o citamos o nome de quem prega a viol\u00eancia, o \u00f3dio, o preconceito e o uso de armas.<\/span><\/p>\n<p><span class=\"s1\">04. \u201cFelizes os que t\u00eam fome e sede de justi\u00e7a, porque ser\u00e3o saciados\u201d. Mateus, 5-6.<\/span><\/p>\n<p class=\"p3\"><span class=\"s1\"><b>Coment\u00e1rio<\/b>: Mas para tanto precisamos lutar e escolher quem distribuir\u00e1 o alimento e aplicar\u00e1 a justi\u00e7a. <\/span><\/p>\n<p><span class=\"s1\">05. \u201cAten\u00e7\u00e3o para que ningu\u00e9m vos engane. Muitos vir\u00e3o em meu nome dizendo \u2018Sou Eu\u2019 e enganar\u00e3o a muitos\u201d. Marcos, 13-5,6.<\/span><\/p>\n<p class=\"p3\"><span class=\"s1\"><b>Coment\u00e1rio<\/b>: Portanto, cuidado com o que \u00e9 falso e cuja palavra n\u00e3o passa de um verniz superficial, que ao sol racha e \u00e0 chuva mancha.<\/span><\/p>\n<p><span class=\"s1\">06. \u201cQuando um homem forte e bem armado guarda sua moradia, seus bens ficar\u00e3o a seguro; todavia, se um mais forte o assalta e vence, tira-lhe a armadura, na qual confiava, e distribui seus despojos\u201d. Lucas, 11-21,22<\/span><\/p>\n<p class=\"p3\"><span class=\"s1\"><b>Coment\u00e1rio<\/b>: Aos que acreditam que armar a popula\u00e7\u00e3o resolver\u00e1 o problema da seguran\u00e7a, pense duas vezes antes de escolher esta sa\u00edda. Sempre haver\u00e1 armas mais potentes nas m\u00e3os de inimigos mais poderosos. <\/span><\/p>\n<p><span class=\"s1\">07. \u201cEm verdade, em verdade, vos digo: eu sou a porta das ovelhas. Todos os que vieram antes de mim s\u00e3o ladr\u00f5es e assaltantes; mas as ovelhas n\u00e3o os ouviram\u201d. Jo\u00e3o, 10-7,8.<\/span><\/p>\n<p class=\"p3\"><span class=\"s1\"><b>Coment\u00e1rio<\/b>: Nunca acredite nessa afirma\u00e7\u00e3o, quando pronunciada por um homem. Os que chamam seus antecessores de ladr\u00f5es e corruptos, e se apresentam como justos e honestos, possuem os ind\u00edcios de que ser\u00e3o piores corruptos e desonestos. <\/span><\/p>\n<p><span class=\"s1\">08. \u201cN\u00e3o tenhais medo deles, portanto. Pois nada h\u00e1 de encoberto que n\u00e3o venha a ser descoberto, nem de oculto que n\u00e3o venha a ser revelado\u201d. Mateus, 10-26.<\/span><\/p>\n<p class=\"p3\"><span class=\"s1\"><b>Coment\u00e1rio<\/b>: Somos muitos e \u00e9 bastante estarmos unidos e firmes. E que n\u00e3o se exclua ningu\u00e9m. Ningu\u00e9m.<\/span><\/p>\n<p><span class=\"s1\">09. \u201cPor que esta gera\u00e7\u00e3o procura um sinal? Em verdade vos digo que a esta gera\u00e7\u00e3o nenhum sinal ser\u00e1 dado\u201d. Marcos, 8-12.<\/span><\/p>\n<p class=\"p3\"><span class=\"s1\"><b>Coment\u00e1rio<\/b> \u2013 N\u00e3o bastam os sinais da hist\u00f3ria recente, do terror que vivemos sob um regime de exce\u00e7\u00e3o? O que mais querem de prova? Ah, gera\u00e7\u00e3o sem mem\u00f3ria! A cabe\u00e7a \u00e9 para pensar e lembrar; o cora\u00e7\u00e3o para sentir; a vontade para dizer: n\u00e3o e nunca.<\/span><\/p>\n<p><span class=\"s1\">10. \u201cQuando vedes levantar-se uma nuvem no poente, logo dizeis: \u2018Vem chuva\u2019, e assim acontece. E quando sopra o vento sul dizeis: \u2018Far\u00e1 calor\u2019, e isso sucede. Hip\u00f3critas, sabeis discernir o aspecto da terra e do c\u00e9u; e por que n\u00e3o discernis o tempo presente?\u201d Lucas, 12-54,55,56.<\/span><\/p>\n<p class=\"p3\"><span class=\"s1\"><b>Coment\u00e1rio<\/b> \u2013 Todos os sinais do mal foram revelados. Evite-os: ele n\u00e3o. Pois se fizeres a escolha errada, vir\u00e3o tempos de choro e ranger de dentes.<\/span><\/p>\n<p><span class=\"s1\">11. \u201cO mercen\u00e1rio, que n\u00e3o \u00e9 pastor,<\/span><\/p>\n<p class=\"p3\"><span class=\"s1\">a quem n\u00e3o importam as ovelhas,<\/span><\/p>\n<p class=\"p3\"><span class=\"s1\">v\u00ea o lobo aproximar-se, <\/span><\/p>\n<p class=\"p3\"><span class=\"s1\">abandona as ovelhas e foge,<\/span><\/p>\n<p class=\"p3\"><span class=\"s1\">e o lobo as arrebata e dispersa,<\/span><\/p>\n<p class=\"p3\"><span class=\"s1\">porque ele \u00e9 mercen\u00e1rio<\/span><\/p>\n<p class=\"p3\"><span class=\"s1\">e n\u00e3o se importa com as ovelhas.<\/span><\/p>\n<p class=\"p3\"><span class=\"s1\">(&#8230;)<\/span><\/p>\n<p class=\"p3\"><span class=\"s1\">Eu dou minha vida pelas minhas ovelhas.<\/span><\/p>\n<p class=\"p3\"><span class=\"s1\">Me preocupo ainda com outras ovelhas<\/span><\/p>\n<p class=\"p3\"><span class=\"s1\">que n\u00e3o s\u00e3o deste redil;<\/span><\/p>\n","protected":false},"excerpt":{"rendered":"<p>H\u00e1 quem se apresente com a B\u00edblia debaixo do bra\u00e7o, fale em nome de Jesus e do Ex\u00e9rcito (que n\u00e3o \u00e9 o dos anjos do c\u00e9u). Saudades de Mill\u00f4r Fernandes e seu \u201clivre pensar \u00e9 s\u00f3 pensar\u201d. At\u00e9 o humor anda em baixa nesse tempo&#8230;<\/p>\n","protected":false},"author":1,"featured_media":1034,"comment_status":"open","ping_status":"closed","sticky":false,"template":"","format":"standard","meta":{"sfsi_plus_gutenberg_text_before_share":"","sfsi_plus_gutenberg_show_text_before_share":"","sfsi_plus_gutenberg_icon_type":"","sfsi_plus_gutenberg_icon_alignemt":"","sfsi_plus_gutenburg_max_per_row":"","footnotes":""},"categories":[8,46,45],"tags":[],"class_list":["post-1033","post","type-post","status-publish","format-standard","has-post-thumbnail","hentry","category-blog","category-links","category-slider"],"yoast_head":"<!-- This site is optimized with the Yoast SEO plugin v27.5 - https:\/\/yoast.com\/product\/yoast-seo-wordpress\/ -->\n<title>Leitura dos Evangelhos em tempo de falsos crist\u00e3os | Ronaldo Correia de Brito | site oficial<\/title>\n<meta name=\"robots\" content=\"index, follow, max-snippet:-1, max-image-preview:large, max-video-preview:-1\" \/>\n<link rel=\"canonical\" href=\"https:\/\/www.ronaldocorreiadebrito.com.br\/site2\/2018\/09\/leitura-dos-evangelhos-em-tempo-de-falsos-cristaos\/\" \/>\n<meta property=\"og:locale\" content=\"pt_BR\" \/>\n<meta property=\"og:type\" content=\"article\" \/>\n<meta property=\"og:title\" content=\"Leitura dos Evangelhos em tempo de falsos crist\u00e3os | Ronaldo Correia de Brito | site oficial\" \/>\n<meta property=\"og:description\" content=\"H\u00e1 quem se apresente com a B\u00edblia debaixo do bra\u00e7o, fale em nome de Jesus e do Ex\u00e9rcito (que n\u00e3o \u00e9 o dos anjos do c\u00e9u). Saudades de Mill\u00f4r Fernandes e seu \u201clivre pensar \u00e9 s\u00f3 pensar\u201d. At\u00e9 o humor anda em baixa nesse tempo...\" \/>\n<meta property=\"og:url\" content=\"https:\/\/www.ronaldocorreiadebrito.com.br\/site2\/2018\/09\/leitura-dos-evangelhos-em-tempo-de-falsos-cristaos\/\" \/>\n<meta property=\"og:site_name\" content=\"Ronaldo Correia de Brito | site oficial\" \/>\n<meta property=\"article:publisher\" content=\"https:\/\/www.facebook.com\/ronaldocorreiadebrito.oficial\" \/>\n<meta property=\"article:published_time\" content=\"2018-09-26T13:39:00+00:00\" \/>\n<meta property=\"og:image\" content=\"https:\/\/www.ronaldocorreiadebrito.com.br\/site2\/wp-content\/uploads\/2018\/09\/80-1024x680.jpg\" \/>\n\t<meta property=\"og:image:width\" content=\"1024\" \/>\n\t<meta property=\"og:image:height\" content=\"680\" \/>\n\t<meta property=\"og:image:type\" content=\"image\/jpeg\" \/>\n<meta name=\"author\" content=\"admin\" \/>\n<meta name=\"twitter:card\" content=\"summary_large_image\" \/>\n<meta name=\"twitter:label1\" content=\"Escrito por\" \/>\n\t<meta name=\"twitter:data1\" content=\"admin\" \/>\n\t<meta name=\"twitter:label2\" content=\"Est. tempo de leitura\" \/>\n\t<meta name=\"twitter:data2\" content=\"4 minutos\" \/>\n<script type=\"application\/ld+json\" class=\"yoast-schema-graph\">{\"@context\":\"https:\\\/\\\/schema.org\",\"@graph\":[{\"@type\":\"Article\",\"@id\":\"https:\\\/\\\/www.ronaldocorreiadebrito.com.br\\\/site2\\\/2018\\\/09\\\/leitura-dos-evangelhos-em-tempo-de-falsos-cristaos\\\/#article\",\"isPartOf\":{\"@id\":\"https:\\\/\\\/www.ronaldocorreiadebrito.com.br\\\/site2\\\/2018\\\/09\\\/leitura-dos-evangelhos-em-tempo-de-falsos-cristaos\\\/\"},\"author\":{\"name\":\"admin\",\"@id\":\"https:\\\/\\\/www.ronaldocorreiadebrito.com.br\\\/site2\\\/#\\\/schema\\\/person\\\/99a164d0eaaff7f78b11899bc7d5e7c9\"},\"headline\":\"Leitura dos Evangelhos em tempo de falsos crist\u00e3os\",\"datePublished\":\"2018-09-26T13:39:00+00:00\",\"mainEntityOfPage\":{\"@id\":\"https:\\\/\\\/www.ronaldocorreiadebrito.com.br\\\/site2\\\/2018\\\/09\\\/leitura-dos-evangelhos-em-tempo-de-falsos-cristaos\\\/\"},\"wordCount\":744,\"commentCount\":0,\"image\":{\"@id\":\"https:\\\/\\\/www.ronaldocorreiadebrito.com.br\\\/site2\\\/2018\\\/09\\\/leitura-dos-evangelhos-em-tempo-de-falsos-cristaos\\\/#primaryimage\"},\"thumbnailUrl\":\"https:\\\/\\\/www.ronaldocorreiadebrito.com.br\\\/site2\\\/wp-content\\\/uploads\\\/2018\\\/09\\\/80-1024x680.jpg\",\"articleSection\":[\"Blog\",\"Links\",\"Slider\"],\"inLanguage\":\"pt-BR\",\"potentialAction\":[{\"@type\":\"CommentAction\",\"name\":\"Comment\",\"target\":[\"https:\\\/\\\/www.ronaldocorreiadebrito.com.br\\\/site2\\\/2018\\\/09\\\/leitura-dos-evangelhos-em-tempo-de-falsos-cristaos\\\/#respond\"]}]},{\"@type\":\"WebPage\",\"@id\":\"https:\\\/\\\/www.ronaldocorreiadebrito.com.br\\\/site2\\\/2018\\\/09\\\/leitura-dos-evangelhos-em-tempo-de-falsos-cristaos\\\/\",\"url\":\"https:\\\/\\\/www.ronaldocorreiadebrito.com.br\\\/site2\\\/2018\\\/09\\\/leitura-dos-evangelhos-em-tempo-de-falsos-cristaos\\\/\",\"name\":\"Leitura dos Evangelhos em tempo de falsos crist\u00e3os | Ronaldo Correia de Brito | site oficial\",\"isPartOf\":{\"@id\":\"https:\\\/\\\/www.ronaldocorreiadebrito.com.br\\\/site2\\\/#website\"},\"primaryImageOfPage\":{\"@id\":\"https:\\\/\\\/www.ronaldocorreiadebrito.com.br\\\/site2\\\/2018\\\/09\\\/leitura-dos-evangelhos-em-tempo-de-falsos-cristaos\\\/#primaryimage\"},\"image\":{\"@id\":\"https:\\\/\\\/www.ronaldocorreiadebrito.com.br\\\/site2\\\/2018\\\/09\\\/leitura-dos-evangelhos-em-tempo-de-falsos-cristaos\\\/#primaryimage\"},\"thumbnailUrl\":\"https:\\\/\\\/www.ronaldocorreiadebrito.com.br\\\/site2\\\/wp-content\\\/uploads\\\/2018\\\/09\\\/80-1024x680.jpg\",\"datePublished\":\"2018-09-26T13:39:00+00:00\",\"author\":{\"@id\":\"https:\\\/\\\/www.ronaldocorreiadebrito.com.br\\\/site2\\\/#\\\/schema\\\/person\\\/99a164d0eaaff7f78b11899bc7d5e7c9\"},\"breadcrumb\":{\"@id\":\"https:\\\/\\\/www.ronaldocorreiadebrito.com.br\\\/site2\\\/2018\\\/09\\\/leitura-dos-evangelhos-em-tempo-de-falsos-cristaos\\\/#breadcrumb\"},\"inLanguage\":\"pt-BR\",\"potentialAction\":[{\"@type\":\"ReadAction\",\"target\":[\"https:\\\/\\\/www.ronaldocorreiadebrito.com.br\\\/site2\\\/2018\\\/09\\\/leitura-dos-evangelhos-em-tempo-de-falsos-cristaos\\\/\"]}]},{\"@type\":\"ImageObject\",\"inLanguage\":\"pt-BR\",\"@id\":\"https:\\\/\\\/www.ronaldocorreiadebrito.com.br\\\/site2\\\/2018\\\/09\\\/leitura-dos-evangelhos-em-tempo-de-falsos-cristaos\\\/#primaryimage\",\"url\":\"https:\\\/\\\/www.ronaldocorreiadebrito.com.br\\\/site2\\\/wp-content\\\/uploads\\\/2018\\\/09\\\/80-1024x680.jpg\",\"contentUrl\":\"https:\\\/\\\/www.ronaldocorreiadebrito.com.br\\\/site2\\\/wp-content\\\/uploads\\\/2018\\\/09\\\/80-1024x680.jpg\",\"width\":1024,\"height\":680},{\"@type\":\"BreadcrumbList\",\"@id\":\"https:\\\/\\\/www.ronaldocorreiadebrito.com.br\\\/site2\\\/2018\\\/09\\\/leitura-dos-evangelhos-em-tempo-de-falsos-cristaos\\\/#breadcrumb\",\"itemListElement\":[{\"@type\":\"ListItem\",\"position\":1,\"name\":\"In\u00edcio\",\"item\":\"https:\\\/\\\/www.ronaldocorreiadebrito.com.br\\\/site2\\\/\"},{\"@type\":\"ListItem\",\"position\":2,\"name\":\"Leitura dos Evangelhos em tempo de falsos crist\u00e3os\"}]},{\"@type\":\"WebSite\",\"@id\":\"https:\\\/\\\/www.ronaldocorreiadebrito.com.br\\\/site2\\\/#website\",\"url\":\"https:\\\/\\\/www.ronaldocorreiadebrito.com.br\\\/site2\\\/\",\"name\":\"Ronaldo Correia de Brito | site oficial\",\"description\":\"Site oficial do escritor Ronaldo Correia de Brito\",\"potentialAction\":[{\"@type\":\"SearchAction\",\"target\":{\"@type\":\"EntryPoint\",\"urlTemplate\":\"https:\\\/\\\/www.ronaldocorreiadebrito.com.br\\\/site2\\\/?s={search_term_string}\"},\"query-input\":{\"@type\":\"PropertyValueSpecification\",\"valueRequired\":true,\"valueName\":\"search_term_string\"}}],\"inLanguage\":\"pt-BR\"},{\"@type\":\"Person\",\"@id\":\"https:\\\/\\\/www.ronaldocorreiadebrito.com.br\\\/site2\\\/#\\\/schema\\\/person\\\/99a164d0eaaff7f78b11899bc7d5e7c9\",\"name\":\"admin\",\"url\":\"https:\\\/\\\/www.ronaldocorreiadebrito.com.br\\\/site2\\\/author\\\/admin\\\/\"}]}<\/script>\n<!-- \/ Yoast SEO plugin. -->","yoast_head_json":{"title":"Leitura dos Evangelhos em tempo de falsos crist\u00e3os | Ronaldo Correia de Brito | site oficial","robots":{"index":"index","follow":"follow","max-snippet":"max-snippet:-1","max-image-preview":"max-image-preview:large","max-video-preview":"max-video-preview:-1"},"canonical":"https:\/\/www.ronaldocorreiadebrito.com.br\/site2\/2018\/09\/leitura-dos-evangelhos-em-tempo-de-falsos-cristaos\/","og_locale":"pt_BR","og_type":"article","og_title":"Leitura dos Evangelhos em tempo de falsos crist\u00e3os | Ronaldo Correia de Brito | site oficial","og_description":"H\u00e1 quem se apresente com a B\u00edblia debaixo do bra\u00e7o, fale em nome de Jesus e do Ex\u00e9rcito (que n\u00e3o \u00e9 o dos anjos do c\u00e9u). Saudades de Mill\u00f4r Fernandes e seu \u201clivre pensar \u00e9 s\u00f3 pensar\u201d. At\u00e9 o humor anda em baixa nesse tempo...","og_url":"https:\/\/www.ronaldocorreiadebrito.com.br\/site2\/2018\/09\/leitura-dos-evangelhos-em-tempo-de-falsos-cristaos\/","og_site_name":"Ronaldo Correia de Brito | site oficial","article_publisher":"https:\/\/www.facebook.com\/ronaldocorreiadebrito.oficial","article_published_time":"2018-09-26T13:39:00+00:00","og_image":[{"width":1024,"height":680,"url":"https:\/\/www.ronaldocorreiadebrito.com.br\/site2\/wp-content\/uploads\/2018\/09\/80-1024x680.jpg","type":"image\/jpeg"}],"author":"admin","twitter_card":"summary_large_image","twitter_misc":{"Escrito por":"admin","Est. tempo de leitura":"4 minutos"},"schema":{"@context":"https:\/\/schema.org","@graph":[{"@type":"Article","@id":"https:\/\/www.ronaldocorreiadebrito.com.br\/site2\/2018\/09\/leitura-dos-evangelhos-em-tempo-de-falsos-cristaos\/#article","isPartOf":{"@id":"https:\/\/www.ronaldocorreiadebrito.com.br\/site2\/2018\/09\/leitura-dos-evangelhos-em-tempo-de-falsos-cristaos\/"},"author":{"name":"admin","@id":"https:\/\/www.ronaldocorreiadebrito.com.br\/site2\/#\/schema\/person\/99a164d0eaaff7f78b11899bc7d5e7c9"},"headline":"Leitura dos Evangelhos em tempo de falsos crist\u00e3os","datePublished":"2018-09-26T13:39:00+00:00","mainEntityOfPage":{"@id":"https:\/\/www.ronaldocorreiadebrito.com.br\/site2\/2018\/09\/leitura-dos-evangelhos-em-tempo-de-falsos-cristaos\/"},"wordCount":744,"commentCount":0,"image":{"@id":"https:\/\/www.ronaldocorreiadebrito.com.br\/site2\/2018\/09\/leitura-dos-evangelhos-em-tempo-de-falsos-cristaos\/#primaryimage"},"thumbnailUrl":"https:\/\/www.ronaldocorreiadebrito.com.br\/site2\/wp-content\/uploads\/2018\/09\/80-1024x680.jpg","articleSection":["Blog","Links","Slider"],"inLanguage":"pt-BR","potentialAction":[{"@type":"CommentAction","name":"Comment","target":["https:\/\/www.ronaldocorreiadebrito.com.br\/site2\/2018\/09\/leitura-dos-evangelhos-em-tempo-de-falsos-cristaos\/#respond"]}]},{"@type":"WebPage","@id":"https:\/\/www.ronaldocorreiadebrito.com.br\/site2\/2018\/09\/leitura-dos-evangelhos-em-tempo-de-falsos-cristaos\/","url":"https:\/\/www.ronaldocorreiadebrito.com.br\/site2\/2018\/09\/leitura-dos-evangelhos-em-tempo-de-falsos-cristaos\/","name":"Leitura dos Evangelhos em tempo de falsos crist\u00e3os | Ronaldo Correia de Brito | site oficial","isPartOf":{"@id":"https:\/\/www.ronaldocorreiadebrito.com.br\/site2\/#website"},"primaryImageOfPage":{"@id":"https:\/\/www.ronaldocorreiadebrito.com.br\/site2\/2018\/09\/leitura-dos-evangelhos-em-tempo-de-falsos-cristaos\/#primaryimage"},"image":{"@id":"https:\/\/www.ronaldocorreiadebrito.com.br\/site2\/2018\/09\/leitura-dos-evangelhos-em-tempo-de-falsos-cristaos\/#primaryimage"},"thumbnailUrl":"https:\/\/www.ronaldocorreiadebrito.com.br\/site2\/wp-content\/uploads\/2018\/09\/80-1024x680.jpg","datePublished":"2018-09-26T13:39:00+00:00","author":{"@id":"https:\/\/www.ronaldocorreiadebrito.com.br\/site2\/#\/schema\/person\/99a164d0eaaff7f78b11899bc7d5e7c9"},"breadcrumb":{"@id":"https:\/\/www.ronaldocorreiadebrito.com.br\/site2\/2018\/09\/leitura-dos-evangelhos-em-tempo-de-falsos-cristaos\/#breadcrumb"},"inLanguage":"pt-BR","potentialAction":[{"@type":"ReadAction","target":["https:\/\/www.ronaldocorreiadebrito.com.br\/site2\/2018\/09\/leitura-dos-evangelhos-em-tempo-de-falsos-cristaos\/"]}]},{"@type":"ImageObject","inLanguage":"pt-BR","@id":"https:\/\/www.ronaldocorreiadebrito.com.br\/site2\/2018\/09\/leitura-dos-evangelhos-em-tempo-de-falsos-cristaos\/#primaryimage","url":"https:\/\/www.ronaldocorreiadebrito.com.br\/site2\/wp-content\/uploads\/2018\/09\/80-1024x680.jpg","contentUrl":"https:\/\/www.ronaldocorreiadebrito.com.br\/site2\/wp-content\/uploads\/2018\/09\/80-1024x680.jpg","width":1024,"height":680},{"@type":"BreadcrumbList","@id":"https:\/\/www.ronaldocorreiadebrito.com.br\/site2\/2018\/09\/leitura-dos-evangelhos-em-tempo-de-falsos-cristaos\/#breadcrumb","itemListElement":[{"@type":"ListItem","position":1,"name":"In\u00edcio","item":"https:\/\/www.ronaldocorreiadebrito.com.br\/site2\/"},{"@type":"ListItem","position":2,"name":"Leitura dos Evangelhos em tempo de falsos crist\u00e3os"}]},{"@type":"WebSite","@id":"https:\/\/www.ronaldocorreiadebrito.com.br\/site2\/#website","url":"https:\/\/www.ronaldocorreiadebrito.com.br\/site2\/","name":"Ronaldo Correia de Brito | site oficial","description":"Site oficial do escritor Ronaldo Correia de Brito","potentialAction":[{"@type":"SearchAction","target":{"@type":"EntryPoint","urlTemplate":"https:\/\/www.ronaldocorreiadebrito.com.br\/site2\/?s={search_term_string}"},"query-input":{"@type":"PropertyValueSpecification","valueRequired":true,"valueName":"search_term_string"}}],"inLanguage":"pt-BR"},{"@type":"Person","@id":"https:\/\/www.ronaldocorreiadebrito.com.br\/site2\/#\/schema\/person\/99a164d0eaaff7f78b11899bc7d5e7c9","name":"admin","url":"https:\/\/www.ronaldocorreiadebrito.com.br\/site2\/author\/admin\/"}]}},"wps_subtitle":"","_links":{"self":[{"href":"https:\/\/www.ronaldocorreiadebrito.com.br\/site2\/wp-json\/wp\/v2\/posts\/1033","targetHints":{"allow":["GET"]}}],"collection":[{"href":"https:\/\/www.ronaldocorreiadebrito.com.br\/site2\/wp-json\/wp\/v2\/posts"}],"about":[{"href":"https:\/\/www.ronaldocorreiadebrito.com.br\/site2\/wp-json\/wp\/v2\/types\/post"}],"author":[{"embeddable":true,"href":"https:\/\/www.ronaldocorreiadebrito.com.br\/site2\/wp-json\/wp\/v2\/users\/1"}],"replies":[{"embeddable":true,"href":"https:\/\/www.ronaldocorreiadebrito.com.br\/site2\/wp-json\/wp\/v2\/comments?post=1033"}],"version-history":[{"count":0,"href":"https:\/\/www.ronaldocorreiadebrito.com.br\/site2\/wp-json\/wp\/v2\/posts\/1033\/revisions"}],"wp:featuredmedia":[{"embeddable":true,"href":"https:\/\/www.ronaldocorreiadebrito.com.br\/site2\/wp-json\/wp\/v2\/media\/1034"}],"wp:attachment":[{"href":"https:\/\/www.ronaldocorreiadebrito.com.br\/site2\/wp-json\/wp\/v2\/media?parent=1033"}],"wp:term":[{"taxonomy":"category","embeddable":true,"href":"https:\/\/www.ronaldocorreiadebrito.com.br\/site2\/wp-json\/wp\/v2\/categories?post=1033"},{"taxonomy":"post_tag","embeddable":true,"href":"https:\/\/www.ronaldocorreiadebrito.com.br\/site2\/wp-json\/wp\/v2\/tags?post=1033"}],"curies":[{"name":"wp","href":"https:\/\/api.w.org\/{rel}","templated":true}]}}