{"id":1008,"date":"2018-06-20T16:22:09","date_gmt":"2018-06-20T19:22:09","guid":{"rendered":"http:\/\/www.ronaldocorreiadebrito.com.br\/site2\/?p=1008"},"modified":"2018-06-20T16:22:09","modified_gmt":"2018-06-20T19:22:09","slug":"o-artista-e-seu-legado","status":"publish","type":"post","link":"https:\/\/www.ronaldocorreiadebrito.com.br\/site2\/2018\/06\/o-artista-e-seu-legado\/","title":{"rendered":"O artista e seu legado"},"content":{"rendered":"<p class=\"p1\"><span class=\"s1\">A Ponte Carlos, em Praga, lembra a cidade de Olinda num domingo de carnaval. As pessoas mal conseguem caminhar, tamanha \u00e9 a quantidade de turistas, principalmente italianos. Um euro vale muitas coroas tchecas, o que torna Praga muito atraente para os europeus dos pa\u00edses ricos. Escutamos as vozes dos guias amplificadas por microfones amadores, numa verdadeira babel de idiomas.<span class=\"Apple-converted-space\">\u00a0 <\/span>Desenhistas trabalham em caricaturas, grupos musicais se apresentam com repert\u00f3rios de jazz e blues. <\/span><\/p>\n<p class=\"p1\"><span class=\"s1\"> Em v\u00e1rios locais da cidade recebi folhetos de propaganda, convites para uma visita \u00e0 casa de Franz Kafka. N\u00e3o estive na resid\u00eancia do escritor, mas almocei um excelente pato com beterrabas e comi torta de ma\u00e7\u00e3 no Caf\u00e9 Savoy, que ele costumava frequentar, segundo dezenas de outros informativos.\u00a0<\/span><\/p>\n<p class=\"p2\"><span class=\"s1\">Estranhei esse culto a Kafka, um autor que foi pouco lido enquanto viveu e que continua sem muitos leitores nos dias atuais. Os seletos apreciadores de Kafka n\u00e3o fazem parte da massa de turistas que espera em filas e paga ingressos para olhar a mesa em que ele escrevia seus textos, alguns propositalmente deformados. As pessoas que se agitam pelos c\u00f4modos da casa do autor de A metamorfose, lembrando o Gregor Samsa transformado em barata, talvez desconhe\u00e7am que Kafka representou de forma contundente a modernidade e o aniquilamento do homem pela burocracia. As engrenagens do turismo moderno lembram essa burocracia.<\/span><\/p>\n<p class=\"p2\"><span class=\"s1\">Chama aten\u00e7\u00e3o na Europa o exagerado culto aos artistas, mesmo na Fran\u00e7a, onde proliferam livrarias a cada esquina, as pessoas leem em todos os lugares, e h\u00e1 incont\u00e1veis salas de cinema. Esse culto faz parte de uma ind\u00fastria para arrecadar dinheiro e \u00e9 mais f\u00e1cil de ser percebido nos museus superlotados de visitantes. A adora\u00e7\u00e3o \u00e0s imagens criadas pelos pintores se faz do mesmo modo como se adoravam os santos nas igrejas. Mudaram apenas os autores dos milagres.<\/span><\/p>\n<p class=\"p2\"><span class=\"s1\">Na cidadezinha de Auvers-sur-Oise, visitei o t\u00famulo onde est\u00e1 enterrado Vincent van Gogh. \u00c0s sete horas de uma tarde em que o sol continuaria claro at\u00e9 \u00e0s nove e meia, os dois port\u00f5es do cemit\u00e9rio continuavam escancarados, n\u00e3o havia ningu\u00e9m cobrando ingressos, o que \u00e9 bem estranho na Fran\u00e7a. Do lado esquerdo do cemit\u00e9rio e junto ao muro externo, duas sepulturas simples, cobertas por uma erva barata. Numa l\u00e1pide de pedra, o nome do pintor hoje famoso, e as datas de nascimento e morte. Do lado dele, Theo, que morreu poucos meses depois do suic\u00eddio de Vincent, e que foi trazido mais tarde para junto do irm\u00e3o, que ele tanto amava. <\/span><\/p>\n<p class=\"p2\"><span class=\"s1\">Tamanha simplicidade, tamanho sil\u00eancio e solid\u00e3o contrastam com a turbul\u00eancia e a criatividade, o g\u00eanio e a loucura de Vincent van Gogh.<span class=\"Apple-converted-space\">\u00a0 <\/span>Mas est\u00e3o em perfeita harmonia com sua vida de pintor sem fama, que nada vendeu do que produziu, e que se mantinha gra\u00e7as \u00e0 generosidade de Theo. O extenso campo em frente ao cemit\u00e9rio j\u00e1 n\u00e3o \u00e9 de trigo; \u00e9 de mostarda com flores amarelas, o amarelo que se repete obsessivamente na obra de Van Gogh. Em meio \u00e0s flores, bem ao longe, corre uma jovem ginasta. Tudo \u00e9 t\u00e3o expressivo e bonito que penso em acordar Vincent, para que ele pinte a alegria que sinto.<\/span><\/p>\n<p class=\"p2\"><span class=\"s1\">Reencontro Van Gogh no seu museu em Amsterd\u00e3. Durante seis horas contemplo os mais de duzentos quadros da cole\u00e7\u00e3o. Numa loja, vendem reprodu\u00e7\u00f5es, agendas, camisas, canetas, cadernos, livros, marcadores, leques, sombrinhas, pratos, copos, todos os objetos em que \u00e9 poss\u00edvel reproduzir uma pintura do artista. \u00c9 um rendoso com\u00e9rcio, ajuda a manter a institui\u00e7\u00e3o, faz circular o dinheiro que Vincent nunca imaginou que sua arte produziria. Ele que experimentava novas formas e escrevia ao irm\u00e3o, falando das esperan\u00e7as de conseguir vender algum quadro.<\/span><\/p>\n<p class=\"p2\"><span class=\"s1\">Franz e Vincent, dois s\u00edmbolos da incompreens\u00e3o e do \u00eaxito, transformados em quarto de visita\u00e7\u00e3o p\u00fablica. S\u00e3o os enigmas da modernidade que Kafka e Van Gogh anunciaram.<\/span><\/p>\n","protected":false},"excerpt":{"rendered":"<p>A Ponte Carlos, em Praga, lembra a cidade de Olinda num domingo de carnaval. As pessoas mal conseguem caminhar, tamanha \u00e9 a quantidade de turistas, principalmente italianos. Um euro vale muitas coroas tchecas, o que torna Praga muito atraente para os europeus dos pa\u00edses ricos&#8230;.<\/p>\n","protected":false},"author":1,"featured_media":1009,"comment_status":"open","ping_status":"closed","sticky":false,"template":"","format":"standard","meta":{"sfsi_plus_gutenberg_text_before_share":"","sfsi_plus_gutenberg_show_text_before_share":"","sfsi_plus_gutenberg_icon_type":"","sfsi_plus_gutenberg_icon_alignemt":"","sfsi_plus_gutenburg_max_per_row":"","footnotes":""},"categories":[8,46,45],"tags":[146,144,145],"class_list":["post-1008","post","type-post","status-publish","format-standard","has-post-thumbnail","hentry","category-blog","category-links","category-slider","tag-arte","tag-artista","tag-legado"],"yoast_head":"<!-- This site is optimized with the Yoast SEO plugin v27.5 - https:\/\/yoast.com\/product\/yoast-seo-wordpress\/ -->\n<title>O artista e seu legado | Ronaldo Correia de Brito | site oficial<\/title>\n<meta name=\"description\" content=\"Chama aten\u00e7\u00e3o na Europa o exagerado culto aos artistas, mesm na Fran\u00e7a, onde proliferam livrarias, as pessoas leem em todos os lugares, artista e seu legado\" \/>\n<meta name=\"robots\" content=\"index, follow, max-snippet:-1, max-image-preview:large, max-video-preview:-1\" \/>\n<link rel=\"canonical\" href=\"https:\/\/www.ronaldocorreiadebrito.com.br\/site2\/2018\/06\/o-artista-e-seu-legado\/\" \/>\n<meta property=\"og:locale\" content=\"pt_BR\" \/>\n<meta property=\"og:type\" content=\"article\" \/>\n<meta property=\"og:title\" content=\"O artista e seu legado | Ronaldo Correia de Brito | site oficial\" \/>\n<meta property=\"og:description\" content=\"Chama aten\u00e7\u00e3o na Europa o exagerado culto aos artistas, mesm na Fran\u00e7a, onde proliferam livrarias, as pessoas leem em todos os lugares, artista e seu legado\" \/>\n<meta property=\"og:url\" content=\"https:\/\/www.ronaldocorreiadebrito.com.br\/site2\/2018\/06\/o-artista-e-seu-legado\/\" \/>\n<meta property=\"og:site_name\" content=\"Ronaldo Correia de Brito | site oficial\" \/>\n<meta property=\"article:publisher\" content=\"https:\/\/www.facebook.com\/ronaldocorreiadebrito.oficial\" \/>\n<meta property=\"article:published_time\" content=\"2018-06-20T19:22:09+00:00\" \/>\n<meta property=\"og:image\" content=\"https:\/\/www.ronaldocorreiadebrito.com.br\/site2\/wp-content\/uploads\/2018\/06\/artista-legado.png\" \/>\n\t<meta property=\"og:image:width\" content=\"810\" \/>\n\t<meta property=\"og:image:height\" content=\"450\" \/>\n\t<meta property=\"og:image:type\" content=\"image\/png\" \/>\n<meta name=\"author\" content=\"admin\" \/>\n<meta name=\"twitter:card\" content=\"summary_large_image\" \/>\n<meta name=\"twitter:label1\" content=\"Escrito por\" \/>\n\t<meta name=\"twitter:data1\" content=\"admin\" \/>\n\t<meta name=\"twitter:label2\" content=\"Est. tempo de leitura\" \/>\n\t<meta name=\"twitter:data2\" content=\"3 minutos\" \/>\n<script type=\"application\/ld+json\" class=\"yoast-schema-graph\">{\"@context\":\"https:\\\/\\\/schema.org\",\"@graph\":[{\"@type\":\"Article\",\"@id\":\"https:\\\/\\\/www.ronaldocorreiadebrito.com.br\\\/site2\\\/2018\\\/06\\\/o-artista-e-seu-legado\\\/#article\",\"isPartOf\":{\"@id\":\"https:\\\/\\\/www.ronaldocorreiadebrito.com.br\\\/site2\\\/2018\\\/06\\\/o-artista-e-seu-legado\\\/\"},\"author\":{\"name\":\"admin\",\"@id\":\"https:\\\/\\\/www.ronaldocorreiadebrito.com.br\\\/site2\\\/#\\\/schema\\\/person\\\/99a164d0eaaff7f78b11899bc7d5e7c9\"},\"headline\":\"O artista e seu legado\",\"datePublished\":\"2018-06-20T19:22:09+00:00\",\"mainEntityOfPage\":{\"@id\":\"https:\\\/\\\/www.ronaldocorreiadebrito.com.br\\\/site2\\\/2018\\\/06\\\/o-artista-e-seu-legado\\\/\"},\"wordCount\":668,\"commentCount\":0,\"image\":{\"@id\":\"https:\\\/\\\/www.ronaldocorreiadebrito.com.br\\\/site2\\\/2018\\\/06\\\/o-artista-e-seu-legado\\\/#primaryimage\"},\"thumbnailUrl\":\"https:\\\/\\\/www.ronaldocorreiadebrito.com.br\\\/site2\\\/wp-content\\\/uploads\\\/2018\\\/06\\\/artista-legado.png\",\"keywords\":[\"arte\",\"artista\",\"legado\"],\"articleSection\":[\"Blog\",\"Links\",\"Slider\"],\"inLanguage\":\"pt-BR\",\"potentialAction\":[{\"@type\":\"CommentAction\",\"name\":\"Comment\",\"target\":[\"https:\\\/\\\/www.ronaldocorreiadebrito.com.br\\\/site2\\\/2018\\\/06\\\/o-artista-e-seu-legado\\\/#respond\"]}]},{\"@type\":\"WebPage\",\"@id\":\"https:\\\/\\\/www.ronaldocorreiadebrito.com.br\\\/site2\\\/2018\\\/06\\\/o-artista-e-seu-legado\\\/\",\"url\":\"https:\\\/\\\/www.ronaldocorreiadebrito.com.br\\\/site2\\\/2018\\\/06\\\/o-artista-e-seu-legado\\\/\",\"name\":\"O artista e seu legado | Ronaldo Correia de Brito | site oficial\",\"isPartOf\":{\"@id\":\"https:\\\/\\\/www.ronaldocorreiadebrito.com.br\\\/site2\\\/#website\"},\"primaryImageOfPage\":{\"@id\":\"https:\\\/\\\/www.ronaldocorreiadebrito.com.br\\\/site2\\\/2018\\\/06\\\/o-artista-e-seu-legado\\\/#primaryimage\"},\"image\":{\"@id\":\"https:\\\/\\\/www.ronaldocorreiadebrito.com.br\\\/site2\\\/2018\\\/06\\\/o-artista-e-seu-legado\\\/#primaryimage\"},\"thumbnailUrl\":\"https:\\\/\\\/www.ronaldocorreiadebrito.com.br\\\/site2\\\/wp-content\\\/uploads\\\/2018\\\/06\\\/artista-legado.png\",\"datePublished\":\"2018-06-20T19:22:09+00:00\",\"author\":{\"@id\":\"https:\\\/\\\/www.ronaldocorreiadebrito.com.br\\\/site2\\\/#\\\/schema\\\/person\\\/99a164d0eaaff7f78b11899bc7d5e7c9\"},\"description\":\"Chama aten\u00e7\u00e3o na Europa o exagerado culto aos artistas, mesm na Fran\u00e7a, onde proliferam livrarias, as pessoas leem em todos os lugares, artista e seu legado\",\"breadcrumb\":{\"@id\":\"https:\\\/\\\/www.ronaldocorreiadebrito.com.br\\\/site2\\\/2018\\\/06\\\/o-artista-e-seu-legado\\\/#breadcrumb\"},\"inLanguage\":\"pt-BR\",\"potentialAction\":[{\"@type\":\"ReadAction\",\"target\":[\"https:\\\/\\\/www.ronaldocorreiadebrito.com.br\\\/site2\\\/2018\\\/06\\\/o-artista-e-seu-legado\\\/\"]}]},{\"@type\":\"ImageObject\",\"inLanguage\":\"pt-BR\",\"@id\":\"https:\\\/\\\/www.ronaldocorreiadebrito.com.br\\\/site2\\\/2018\\\/06\\\/o-artista-e-seu-legado\\\/#primaryimage\",\"url\":\"https:\\\/\\\/www.ronaldocorreiadebrito.com.br\\\/site2\\\/wp-content\\\/uploads\\\/2018\\\/06\\\/artista-legado.png\",\"contentUrl\":\"https:\\\/\\\/www.ronaldocorreiadebrito.com.br\\\/site2\\\/wp-content\\\/uploads\\\/2018\\\/06\\\/artista-legado.png\",\"width\":810,\"height\":450},{\"@type\":\"BreadcrumbList\",\"@id\":\"https:\\\/\\\/www.ronaldocorreiadebrito.com.br\\\/site2\\\/2018\\\/06\\\/o-artista-e-seu-legado\\\/#breadcrumb\",\"itemListElement\":[{\"@type\":\"ListItem\",\"position\":1,\"name\":\"In\u00edcio\",\"item\":\"https:\\\/\\\/www.ronaldocorreiadebrito.com.br\\\/site2\\\/\"},{\"@type\":\"ListItem\",\"position\":2,\"name\":\"O artista e seu legado\"}]},{\"@type\":\"WebSite\",\"@id\":\"https:\\\/\\\/www.ronaldocorreiadebrito.com.br\\\/site2\\\/#website\",\"url\":\"https:\\\/\\\/www.ronaldocorreiadebrito.com.br\\\/site2\\\/\",\"name\":\"Ronaldo Correia de Brito | site oficial\",\"description\":\"Site oficial do escritor Ronaldo Correia de Brito\",\"potentialAction\":[{\"@type\":\"SearchAction\",\"target\":{\"@type\":\"EntryPoint\",\"urlTemplate\":\"https:\\\/\\\/www.ronaldocorreiadebrito.com.br\\\/site2\\\/?s={search_term_string}\"},\"query-input\":{\"@type\":\"PropertyValueSpecification\",\"valueRequired\":true,\"valueName\":\"search_term_string\"}}],\"inLanguage\":\"pt-BR\"},{\"@type\":\"Person\",\"@id\":\"https:\\\/\\\/www.ronaldocorreiadebrito.com.br\\\/site2\\\/#\\\/schema\\\/person\\\/99a164d0eaaff7f78b11899bc7d5e7c9\",\"name\":\"admin\",\"url\":\"https:\\\/\\\/www.ronaldocorreiadebrito.com.br\\\/site2\\\/author\\\/admin\\\/\"}]}<\/script>\n<!-- \/ Yoast SEO plugin. -->","yoast_head_json":{"title":"O artista e seu legado | Ronaldo Correia de Brito | site oficial","description":"Chama aten\u00e7\u00e3o na Europa o exagerado culto aos artistas, mesm na Fran\u00e7a, onde proliferam livrarias, as pessoas leem em todos os lugares, artista e seu legado","robots":{"index":"index","follow":"follow","max-snippet":"max-snippet:-1","max-image-preview":"max-image-preview:large","max-video-preview":"max-video-preview:-1"},"canonical":"https:\/\/www.ronaldocorreiadebrito.com.br\/site2\/2018\/06\/o-artista-e-seu-legado\/","og_locale":"pt_BR","og_type":"article","og_title":"O artista e seu legado | Ronaldo Correia de Brito | site oficial","og_description":"Chama aten\u00e7\u00e3o na Europa o exagerado culto aos artistas, mesm na Fran\u00e7a, onde proliferam livrarias, as pessoas leem em todos os lugares, artista e seu legado","og_url":"https:\/\/www.ronaldocorreiadebrito.com.br\/site2\/2018\/06\/o-artista-e-seu-legado\/","og_site_name":"Ronaldo Correia de Brito | site oficial","article_publisher":"https:\/\/www.facebook.com\/ronaldocorreiadebrito.oficial","article_published_time":"2018-06-20T19:22:09+00:00","og_image":[{"width":810,"height":450,"url":"https:\/\/www.ronaldocorreiadebrito.com.br\/site2\/wp-content\/uploads\/2018\/06\/artista-legado.png","type":"image\/png"}],"author":"admin","twitter_card":"summary_large_image","twitter_misc":{"Escrito por":"admin","Est. tempo de leitura":"3 minutos"},"schema":{"@context":"https:\/\/schema.org","@graph":[{"@type":"Article","@id":"https:\/\/www.ronaldocorreiadebrito.com.br\/site2\/2018\/06\/o-artista-e-seu-legado\/#article","isPartOf":{"@id":"https:\/\/www.ronaldocorreiadebrito.com.br\/site2\/2018\/06\/o-artista-e-seu-legado\/"},"author":{"name":"admin","@id":"https:\/\/www.ronaldocorreiadebrito.com.br\/site2\/#\/schema\/person\/99a164d0eaaff7f78b11899bc7d5e7c9"},"headline":"O artista e seu legado","datePublished":"2018-06-20T19:22:09+00:00","mainEntityOfPage":{"@id":"https:\/\/www.ronaldocorreiadebrito.com.br\/site2\/2018\/06\/o-artista-e-seu-legado\/"},"wordCount":668,"commentCount":0,"image":{"@id":"https:\/\/www.ronaldocorreiadebrito.com.br\/site2\/2018\/06\/o-artista-e-seu-legado\/#primaryimage"},"thumbnailUrl":"https:\/\/www.ronaldocorreiadebrito.com.br\/site2\/wp-content\/uploads\/2018\/06\/artista-legado.png","keywords":["arte","artista","legado"],"articleSection":["Blog","Links","Slider"],"inLanguage":"pt-BR","potentialAction":[{"@type":"CommentAction","name":"Comment","target":["https:\/\/www.ronaldocorreiadebrito.com.br\/site2\/2018\/06\/o-artista-e-seu-legado\/#respond"]}]},{"@type":"WebPage","@id":"https:\/\/www.ronaldocorreiadebrito.com.br\/site2\/2018\/06\/o-artista-e-seu-legado\/","url":"https:\/\/www.ronaldocorreiadebrito.com.br\/site2\/2018\/06\/o-artista-e-seu-legado\/","name":"O artista e seu legado | Ronaldo Correia de Brito | site oficial","isPartOf":{"@id":"https:\/\/www.ronaldocorreiadebrito.com.br\/site2\/#website"},"primaryImageOfPage":{"@id":"https:\/\/www.ronaldocorreiadebrito.com.br\/site2\/2018\/06\/o-artista-e-seu-legado\/#primaryimage"},"image":{"@id":"https:\/\/www.ronaldocorreiadebrito.com.br\/site2\/2018\/06\/o-artista-e-seu-legado\/#primaryimage"},"thumbnailUrl":"https:\/\/www.ronaldocorreiadebrito.com.br\/site2\/wp-content\/uploads\/2018\/06\/artista-legado.png","datePublished":"2018-06-20T19:22:09+00:00","author":{"@id":"https:\/\/www.ronaldocorreiadebrito.com.br\/site2\/#\/schema\/person\/99a164d0eaaff7f78b11899bc7d5e7c9"},"description":"Chama aten\u00e7\u00e3o na Europa o exagerado culto aos artistas, mesm na Fran\u00e7a, onde proliferam livrarias, as pessoas leem em todos os lugares, artista e seu legado","breadcrumb":{"@id":"https:\/\/www.ronaldocorreiadebrito.com.br\/site2\/2018\/06\/o-artista-e-seu-legado\/#breadcrumb"},"inLanguage":"pt-BR","potentialAction":[{"@type":"ReadAction","target":["https:\/\/www.ronaldocorreiadebrito.com.br\/site2\/2018\/06\/o-artista-e-seu-legado\/"]}]},{"@type":"ImageObject","inLanguage":"pt-BR","@id":"https:\/\/www.ronaldocorreiadebrito.com.br\/site2\/2018\/06\/o-artista-e-seu-legado\/#primaryimage","url":"https:\/\/www.ronaldocorreiadebrito.com.br\/site2\/wp-content\/uploads\/2018\/06\/artista-legado.png","contentUrl":"https:\/\/www.ronaldocorreiadebrito.com.br\/site2\/wp-content\/uploads\/2018\/06\/artista-legado.png","width":810,"height":450},{"@type":"BreadcrumbList","@id":"https:\/\/www.ronaldocorreiadebrito.com.br\/site2\/2018\/06\/o-artista-e-seu-legado\/#breadcrumb","itemListElement":[{"@type":"ListItem","position":1,"name":"In\u00edcio","item":"https:\/\/www.ronaldocorreiadebrito.com.br\/site2\/"},{"@type":"ListItem","position":2,"name":"O artista e seu legado"}]},{"@type":"WebSite","@id":"https:\/\/www.ronaldocorreiadebrito.com.br\/site2\/#website","url":"https:\/\/www.ronaldocorreiadebrito.com.br\/site2\/","name":"Ronaldo Correia de Brito | site oficial","description":"Site oficial do escritor Ronaldo Correia de Brito","potentialAction":[{"@type":"SearchAction","target":{"@type":"EntryPoint","urlTemplate":"https:\/\/www.ronaldocorreiadebrito.com.br\/site2\/?s={search_term_string}"},"query-input":{"@type":"PropertyValueSpecification","valueRequired":true,"valueName":"search_term_string"}}],"inLanguage":"pt-BR"},{"@type":"Person","@id":"https:\/\/www.ronaldocorreiadebrito.com.br\/site2\/#\/schema\/person\/99a164d0eaaff7f78b11899bc7d5e7c9","name":"admin","url":"https:\/\/www.ronaldocorreiadebrito.com.br\/site2\/author\/admin\/"}]}},"wps_subtitle":"","_links":{"self":[{"href":"https:\/\/www.ronaldocorreiadebrito.com.br\/site2\/wp-json\/wp\/v2\/posts\/1008","targetHints":{"allow":["GET"]}}],"collection":[{"href":"https:\/\/www.ronaldocorreiadebrito.com.br\/site2\/wp-json\/wp\/v2\/posts"}],"about":[{"href":"https:\/\/www.ronaldocorreiadebrito.com.br\/site2\/wp-json\/wp\/v2\/types\/post"}],"author":[{"embeddable":true,"href":"https:\/\/www.ronaldocorreiadebrito.com.br\/site2\/wp-json\/wp\/v2\/users\/1"}],"replies":[{"embeddable":true,"href":"https:\/\/www.ronaldocorreiadebrito.com.br\/site2\/wp-json\/wp\/v2\/comments?post=1008"}],"version-history":[{"count":0,"href":"https:\/\/www.ronaldocorreiadebrito.com.br\/site2\/wp-json\/wp\/v2\/posts\/1008\/revisions"}],"wp:featuredmedia":[{"embeddable":true,"href":"https:\/\/www.ronaldocorreiadebrito.com.br\/site2\/wp-json\/wp\/v2\/media\/1009"}],"wp:attachment":[{"href":"https:\/\/www.ronaldocorreiadebrito.com.br\/site2\/wp-json\/wp\/v2\/media?parent=1008"}],"wp:term":[{"taxonomy":"category","embeddable":true,"href":"https:\/\/www.ronaldocorreiadebrito.com.br\/site2\/wp-json\/wp\/v2\/categories?post=1008"},{"taxonomy":"post_tag","embeddable":true,"href":"https:\/\/www.ronaldocorreiadebrito.com.br\/site2\/wp-json\/wp\/v2\/tags?post=1008"}],"curies":[{"name":"wp","href":"https:\/\/api.w.org\/{rel}","templated":true}]}}